{"id":130089,"date":"2025-12-31T18:47:09","date_gmt":"2025-12-31T18:47:09","guid":{"rendered":"https:\/\/www.europesays.com\/fi\/130089\/"},"modified":"2025-12-31T18:47:09","modified_gmt":"2025-12-31T18:47:09","slug":"saatko-kaikki-50-kysymysta-oikein","status":"publish","type":"post","link":"https:\/\/www.europesays.com\/fi\/130089\/","title":{"rendered":"Saatko kaikki 50 kysymyst\u00e4 oikein?"},"content":{"rendered":"<p>Iltalehti toivottaa viihdevisan my\u00f6t\u00e4 hyv\u00e4\u00e4 uutta vuotta.<\/p>\n<p><img decoding=\"async\" class=\"image image-show image-preview\" src=\"https:\/\/www.europesays.com\/fi\/wp-content\/uploads\/2025\/12\/abc56b17a5443865945a2a39d5a280a325174316ff348411fb1ef01f4a4d1590.jpg\" alt=\"\"\/><img decoding=\"async\" class=\"image image-show\" src=\"https:\/\/www.europesays.com\/fi\/wp-content\/uploads\/2025\/12\/1767206829_625_abc56b17a5443865945a2a39d5a280a325174316ff348411fb1ef01f4a4d1590.jpg\" alt=\"\"\/><\/p>\n<p>Kuka voitti Tanssii t\u00e4htien kanssa -ohjelman? Kuka tunnettu suomalainen esitti Riivi\u00f6t\u00e4? Mill\u00e4 kappaleella Erika Vikman kilpaili Euroviisuissa? IL-ARKISTO<\/p>\n<p class=\"paragraph\">Vuosi 2025 sis\u00e4lsi monia ikimuistoisia hetki\u00e4 viihdemaailmassa.<\/p>\n<p class=\"paragraph\">Iltalehti koosti 50 kysymyst\u00e4, jotka tavalla tai toisella liittyv\u00e4t viihteeseen.<\/p>\n<p class=\"paragraph\">Nyt testataan, miten tarkasti viihdeuutiset ovat j\u00e4\u00e4neet mieleen. Onnea matkaan!<\/p>\n<p class=\"paragraph\">Lis\u00e4\u00e4 Iltalehden testej\u00e4 l\u00f6yd\u00e4t <a href=\"https:\/\/www.iltalehti.fi\/testit\" rel=\"nofollow noopener\" target=\"_blank\">t\u00e4\u00e4lt\u00e4<\/a>.<\/p>\n","protected":false},"excerpt":{"rendered":"Iltalehti toivottaa viihdevisan my\u00f6t\u00e4 hyv\u00e4\u00e4 uutta vuotta. Kuka voitti Tanssii t\u00e4htien kanssa -ohjelman? Kuka tunnettu suomalainen esitti Riivi\u00f6t\u00e4?&hellip;\n","protected":false},"author":2,"featured_media":130090,"comment_status":"","ping_status":"","sticky":false,"template":"","format":"standard","meta":{"footnotes":""},"categories":[136],"tags":[35,407,137,33,31,30,1511,408,3595,720,1616,3596,32,78,109],"class_list":{"0":"post-130089","1":"post","2":"type-post","3":"status-publish","4":"format-standard","5":"has-post-thumbnail","7":"category-julkkikset","8":"tag-24h","9":"tag-celebrities","10":"tag-entertainment","11":"tag-fi","12":"tag-finland","13":"tag-finnish","14":"tag-joukkoviestinta","15":"tag-julkkikset","16":"tag-kustantaminen","17":"tag-liiketoiminta-ja-rahoitus","18":"tag-media-viestinta","19":"tag-printtimedia","20":"tag-suomi","21":"tag-talous","22":"tag-viihde"},"share_on_mastodon":{"url":"https:\/\/pubeurope.com\/@fi\/115815674206635985","error":""},"_links":{"self":[{"href":"https:\/\/www.europesays.com\/fi\/wp-json\/wp\/v2\/posts\/130089","targetHints":{"allow":["GET"]}}],"collection":[{"href":"https:\/\/www.europesays.com\/fi\/wp-json\/wp\/v2\/posts"}],"about":[{"href":"https:\/\/www.europesays.com\/fi\/wp-json\/wp\/v2\/types\/post"}],"author":[{"embeddable":true,"href":"https:\/\/www.europesays.com\/fi\/wp-json\/wp\/v2\/users\/2"}],"replies":[{"embeddable":true,"href":"https:\/\/www.europesays.com\/fi\/wp-json\/wp\/v2\/comments?post=130089"}],"version-history":[{"count":0,"href":"https:\/\/www.europesays.com\/fi\/wp-json\/wp\/v2\/posts\/130089\/revisions"}],"wp:featuredmedia":[{"embeddable":true,"href":"https:\/\/www.europesays.com\/fi\/wp-json\/wp\/v2\/media\/130090"}],"wp:attachment":[{"href":"https:\/\/www.europesays.com\/fi\/wp-json\/wp\/v2\/media?parent=130089"}],"wp:term":[{"taxonomy":"category","embeddable":true,"href":"https:\/\/www.europesays.com\/fi\/wp-json\/wp\/v2\/categories?post=130089"},{"taxonomy":"post_tag","embeddable":true,"href":"https:\/\/www.europesays.com\/fi\/wp-json\/wp\/v2\/tags?post=130089"}],"curies":[{"name":"wp","href":"https:\/\/api.w.org\/{rel}","templated":true}]}}