{"id":130091,"date":"2025-12-31T18:50:09","date_gmt":"2025-12-31T18:50:09","guid":{"rendered":"https:\/\/www.europesays.com\/fi\/130091\/"},"modified":"2025-12-31T18:50:09","modified_gmt":"2025-12-31T18:50:09","slug":"apple-tvn-pluribus-sarja-meinasi-paattya-pettymykseen-lopetusta-korjattiin-ravakammaksi","status":"publish","type":"post","link":"https:\/\/www.europesays.com\/fi\/130091\/","title":{"rendered":"Apple TV:n Pluribus-sarja meinasi p\u00e4\u00e4tty\u00e4 pettymykseen \u2013 Lopetusta korjattiin r\u00e4v\u00e4k\u00e4mm\u00e4ksi"},"content":{"rendered":"<p>Varoitus: teksti sis\u00e4lt\u00e4\u00e4 juonipaljastuksia!<\/p>\n<p>Apple TV Plussan huippusuositun scifi-sarja Pluribuksen ensimm\u00e4inen kausi p\u00e4\u00e4ttyi n\u00e4ytt\u00e4v\u00e4sti. Alkuper\u00e4inen loppu oli kuitenkin selv\u00e4sti vaisumpi.<\/p>\n<p>Kauden finaalissa Carol (<strong>Rhea Seehorn<\/strong>) hylk\u00e4\u00e4 ensin Manousosin (<strong>Carlos-Manuel Vesga<\/strong>) ja l\u00e4htee Zosian (<strong>Karolina Wydra<\/strong>) mukaan. Ymm\u00e4rretty\u00e4\u00e4n, ett\u00e4 Zosia ja muut \u201cmuukalaiset\u201d yritt\u00e4v\u00e4t lopulta vain \u201ck\u00e4\u00e4nnytt\u00e4\u00e4\u201d h\u00e4net, Carol palaa kotiin atomipommin kera ja liittoutuu uudelleen Manousosin kanssa, est\u00e4\u00e4kseen maapallon tuhoutumisen.<\/p>\n<p>Alkuper\u00e4isess\u00e4 k\u00e4sikirjoituksessa Carol olisi ainoastaan viett\u00e4nyt aikaa Zosian kanssa ja palannut lopuksi v\u00e4hin \u00e4\u00e4nin Manousosin luo, k\u00e4tellen t\u00e4t\u00e4 ja liittyen t\u00e4m\u00e4n \u201cpelastakaa maailma\u201d -projektiin \u2013 ilman pommia tai suurta h\u00e4ly\u00e4.<\/p>\n<p>Lue my\u00f6s: <a href=\"https:\/\/www.episodi.fi\/uutiset\/taman-hetken-puhutuimman-tv-sarjan-tahti-toivoo-ristiriitaista-palautetta-hyva-vain-jos-se-herattaa-keskustelua\/\" title=\"T\u00e4m\u00e4n hetken puhutuimman tv-sarjan t\u00e4hti toivoo ristiriitaista palautetta \u2013 \u201dHyv\u00e4 vain, ett\u00e4 se her\u00e4tt\u00e4\u00e4 keskustelua\u201d\" class=\"underline-custom !font-montserrat !font-bold !underline-offset-4 !decoration-4 !decoration-episodi-blue !text-md\" rel=\"nofollow noopener\" target=\"_blank\">T\u00e4m\u00e4n hetken puhutuimman tv-sarjan t\u00e4hti toivoo ristiriitaista palautetta \u2013 \u201dHyv\u00e4 vain, ett\u00e4 se her\u00e4tt\u00e4\u00e4 keskustelua\u201d<\/a><\/p>\n<p>Lue my\u00f6s: <a href=\"https:\/\/www.episodi.fi\/uutiset\/tama-sarja-rikkoo-ennatyksia-siihen-malliin-etta-kaikki-kritiikki-nollautuu\/\" title=\"T\u00e4m\u00e4 sarja rikkoo enn\u00e4tyksi\u00e4 siihen malliin, ett\u00e4 kaikki kritiikki nollautuu\" class=\"underline-custom !font-montserrat !font-bold !underline-offset-4 !decoration-4 !decoration-episodi-blue !text-md\" rel=\"nofollow noopener\" target=\"_blank\">T\u00e4m\u00e4 sarja rikkoo enn\u00e4tyksi\u00e4 siihen malliin, ett\u00e4 kaikki kritiikki nollautuu<\/a><\/p>\n<p>Sony ja Apple pitiv\u00e4t juonikuviota liian laimeana ja painostivat tekij\u00f6it\u00e4 n\u00e4ytt\u00e4v\u00e4mp\u00e4\u00e4n lopetukseen.<\/p>\n<p>Samalla juonimuutos antoi p\u00e4\u00e4hahmolle ja koko sarjalle toisenlaisen luonteen. Nyt tehtiin selv\u00e4ksi, ett\u00e4 Carolin mitta tuli t\u00e4yteen ja h\u00e4n oli valmis turvautumaan \u00e4\u00e4rimm\u00e4isiin keinoihin, pys\u00e4ytt\u00e4\u00e4kseen \u201dmuukalaiset\u201d. Samalla lopetus korotti panoksia ja loi kiinnostavamman l\u00e4ht\u00f6asetelman toiselle kaudelle.<\/p>\n<p>Pluribus-luoja <strong>Vince Gilliganin<\/strong> mukaan kakkoskauden k\u00e4sikirjoitus on ty\u00f6n alla. Kuvaukset on tarkoitus aloittaa kev\u00e4\u00e4ll\u00e4 2026. Uusia jaksoja voi odottaa aikaisintaan loppuvuodelle 2027.<\/p>\n<p><img loading=\"lazy\" decoding=\"async\" alt=\"YouTube video\" width=\"480\" height=\"360\" data-pin-nopin=\"true\" nopin=\"nopin\" class=\"perfmatters-lazy\" src=\"https:\/\/www.europesays.com\/fi\/wp-content\/uploads\/2025\/11\/1762557790_447_hqdefault.jpg\"\/><\/p>\n<p>\u200bL\u00e4hde: <a href=\"https:\/\/screenrant.com\/pluribus-alternate-ending-apple-tv\/\" rel=\"nofollow noopener\" target=\"_blank\">ScreenRant<\/a><\/p>\n<p>Lue my\u00f6s: <a href=\"https:\/\/www.episodi.fi\/uutiskirje\/?uutiskirjemainos=tekstilinkkimainos\" title=\"Tilaa Episodin uutiskirje ja voit voittaa leffalippuja! Nappaa tv-vinkit suoraan s\u00e4hk\u00f6postiin t\u00e4st\u00e4.\" class=\"underline-custom !font-montserrat !font-bold !underline-offset-4 !decoration-4 !decoration-episodi-blue !text-md\" rel=\"nofollow noopener\" target=\"_blank\">Tilaa Episodin uutiskirje ja voit voittaa leffalippuja! Nappaa katseluvinkit suoraan s\u00e4hk\u00f6postiin t\u00e4st\u00e4.<\/a><\/p>\n","protected":false},"excerpt":{"rendered":"Varoitus: teksti sis\u00e4lt\u00e4\u00e4 juonipaljastuksia! Apple TV Plussan huippusuositun scifi-sarja Pluribuksen ensimm\u00e4inen kausi p\u00e4\u00e4ttyi n\u00e4ytt\u00e4v\u00e4sti. Alkuper\u00e4inen loppu oli kuitenkin&hellip;\n","protected":false},"author":2,"featured_media":130092,"comment_status":"","ping_status":"","sticky":false,"template":"","format":"standard","meta":{"footnotes":""},"categories":[133],"tags":[137,33,31,30,16917,32,206,156,109],"class_list":{"0":"post-130091","1":"post","2":"type-post","3":"status-publish","4":"format-standard","5":"has-post-thumbnail","7":"category-televisiot","8":"tag-entertainment","9":"tag-fi","10":"tag-finland","11":"tag-finnish","12":"tag-pluribus","13":"tag-suomi","14":"tag-televisiot","15":"tag-tv","16":"tag-viihde"},"share_on_mastodon":{"url":"https:\/\/pubeurope.com\/@fi\/115815685961016411","error":""},"_links":{"self":[{"href":"https:\/\/www.europesays.com\/fi\/wp-json\/wp\/v2\/posts\/130091","targetHints":{"allow":["GET"]}}],"collection":[{"href":"https:\/\/www.europesays.com\/fi\/wp-json\/wp\/v2\/posts"}],"about":[{"href":"https:\/\/www.europesays.com\/fi\/wp-json\/wp\/v2\/types\/post"}],"author":[{"embeddable":true,"href":"https:\/\/www.europesays.com\/fi\/wp-json\/wp\/v2\/users\/2"}],"replies":[{"embeddable":true,"href":"https:\/\/www.europesays.com\/fi\/wp-json\/wp\/v2\/comments?post=130091"}],"version-history":[{"count":0,"href":"https:\/\/www.europesays.com\/fi\/wp-json\/wp\/v2\/posts\/130091\/revisions"}],"wp:featuredmedia":[{"embeddable":true,"href":"https:\/\/www.europesays.com\/fi\/wp-json\/wp\/v2\/media\/130092"}],"wp:attachment":[{"href":"https:\/\/www.europesays.com\/fi\/wp-json\/wp\/v2\/media?parent=130091"}],"wp:term":[{"taxonomy":"category","embeddable":true,"href":"https:\/\/www.europesays.com\/fi\/wp-json\/wp\/v2\/categories?post=130091"},{"taxonomy":"post_tag","embeddable":true,"href":"https:\/\/www.europesays.com\/fi\/wp-json\/wp\/v2\/tags?post=130091"}],"curies":[{"name":"wp","href":"https:\/\/api.w.org\/{rel}","templated":true}]}}