{"id":130117,"date":"2025-12-31T19:27:10","date_gmt":"2025-12-31T19:27:10","guid":{"rendered":"https:\/\/www.europesays.com\/fi\/130117\/"},"modified":"2025-12-31T19:27:10","modified_gmt":"2025-12-31T19:27:10","slug":"somessa-kiertaa-haaste-ilotulitteista-eri-kaupunginosien-nuoret-tulittaisivat-toisiaan-vastaan-helsingissa-kotimaa","status":"publish","type":"post","link":"https:\/\/www.europesays.com\/fi\/130117\/","title":{"rendered":"Somessa kiert\u00e4\u00e4 haaste ilotulitteista \u2013 eri kaupunginosien nuoret tulittaisivat toisiaan vastaan Helsingiss\u00e4 | Kotimaa"},"content":{"rendered":"<p class=\"aw-1gybjub aw-5vja16 kEtdKx kmuxyA yle__article__paragraph\">Helsingin poliisi seuraa tilannetta. Poliisin johtokeskuksen mukaan mit\u00e4\u00e4n konkreettisia merkkej\u00e4 tai havaintoja asiasta ei viel\u00e4 ole.<\/p>\n<p><img decoding=\"async\" alt=\"Poliisiauto Helsingiss\u00e4 Pasilan poliisitalon edustalla. \" src=\"https:\/\/www.europesays.com\/fi\/wp-content\/uploads\/2025\/12\/39-15483926909e39a66ec9.jpeg\" class=\"aw-1l9m598 hKVVvP\"\/><\/p>\n<p>Avaa kuvien katselu<\/p>\n<p>Poliisi takavarikoi aina kaikki alaik\u00e4isten hallusta l\u00f6ydetyt ilotulitteet ja r\u00e4j\u00e4hteet. Kuva: Ulrica Fagerstr\u00f6m \/ Yle<\/p>\n<p class=\"aw-1gybjub aw-1p7kakr kEtdKx cEmitX yle__article__paragraph\">Sosiaalisessa mediassa levi\u00e4\u00e4 huhu nuorison suunnittelemasta ilotulitesodasta Helsingin Herttoniemess\u00e4.<\/p>\n<p class=\"aw-1gybjub aw-1p7kakr kEtdKx cEmitX yle__article__paragraph\">Haasteen mukaan tarkoituksena olisi ampua ilotuliteraketteja toisia nuoria kohti ja vastakkain olisivat eri kaupunginosien nuoret.<\/p>\n<p class=\"aw-1gybjub aw-1p7kakr kEtdKx cEmitX yle__article__paragraph\">Helsingin poliisin johtokeskuksesta kerrotaan Ylelle, ett\u00e4 sosiaalisen median huhu on my\u00f6s poliisin tiedossa. Poliisi seuraa tilannetta, mutta mit\u00e4\u00e4n konkreettisia merkkej\u00e4 tai havaintoja asiasta ei viel\u00e4 ole.<\/p>\n<p class=\"aw-1gybjub aw-1p7kakr kEtdKx cEmitX yle__article__paragraph\">Poliisi puuttuu tilanteeseen, jos tulee aihetta.<\/p>\n<p class=\"aw-1gybjub aw-1p7kakr kEtdKx cEmitX yle__article__paragraph\">Ensimm\u00e4isen\u00e4 huhusta <a class=\"aw-iao6s4 iHOxEa yle__article__link\" href=\"https:\/\/www.iltalehti.fi\/kotimaa\/a\/1db89e9f-b08f-431c-8937-7a40f10b8f44\" role=\"link\" rel=\"nofollow noopener\" target=\"_blank\">uutisoi Iltalehti<\/a>.<\/p>\n<p class=\"aw-1gybjub aw-1p7kakr kEtdKx cEmitX yle__article__paragraph\">Lain mukaan alaik\u00e4iset eiv\u00e4t saa ampua ilotulitteita. Helsingin <a class=\"aw-iao6s4 iHOxEa yle__article__link\" href=\"https:\/\/poliisi.fi\/-\/helsingin-poliisi-valvoo-nakyvasti-yleista-jarjestysta-ja-turvallisuutta-uutenavuotena\" role=\"link\" rel=\"nofollow noopener\" target=\"_blank\">poliisi tiedotti jo tiistaina<\/a>, ett\u00e4 alaik\u00e4isten hallusta l\u00f6ydetyt ilotulitteet ja r\u00e4j\u00e4hteet takavarikoidaan aina.<\/p>\n","protected":false},"excerpt":{"rendered":"Helsingin poliisi seuraa tilannetta. Poliisin johtokeskuksen mukaan mit\u00e4\u00e4n konkreettisia merkkej\u00e4 tai havaintoja asiasta ei viel\u00e4 ole. Avaa kuvien&hellip;\n","protected":false},"author":2,"featured_media":130118,"comment_status":"","ping_status":"","sticky":false,"template":"","format":"standard","meta":{"footnotes":""},"categories":[12],"tags":[22,23,26,27,33,31,30,17,104,22884,71,24,25,28,29,15,814,18,21,1028,32,19,20,22486,1168,22485,16,23082,11859],"class_list":{"0":"post-130117","1":"post","2":"type-post","3":"status-publish","4":"format-standard","5":"has-post-thumbnail","7":"category-suomi","8":"tag-breaking-news","9":"tag-breakingnews","10":"tag-featured-news","11":"tag-featurednews","12":"tag-fi","13":"tag-finland","14":"tag-finnish","15":"tag-headlines","16":"tag-helsinki","17":"tag-ilotulitusvalineet","18":"tag-kotimaa","19":"tag-latest-news","20":"tag-latestnews","21":"tag-main-news","22":"tag-mainnews","23":"tag-news","24":"tag-nuoret","25":"tag-otsikot","26":"tag-paauutiset","27":"tag-sosiaalinen-media","28":"tag-suomi","29":"tag-top-stories","30":"tag-topstories","31":"tag-uudenvuoden-ilotulitus","32":"tag-uusimaa","33":"tag-uusivuosi","34":"tag-uutiset","35":"tag-vuodenvaihde-vuotuisjuhlat","36":"tag-vuotuisjuhlat"},"share_on_mastodon":{"url":"https:\/\/pubeurope.com\/@fi\/115815831559290632","error":""},"_links":{"self":[{"href":"https:\/\/www.europesays.com\/fi\/wp-json\/wp\/v2\/posts\/130117","targetHints":{"allow":["GET"]}}],"collection":[{"href":"https:\/\/www.europesays.com\/fi\/wp-json\/wp\/v2\/posts"}],"about":[{"href":"https:\/\/www.europesays.com\/fi\/wp-json\/wp\/v2\/types\/post"}],"author":[{"embeddable":true,"href":"https:\/\/www.europesays.com\/fi\/wp-json\/wp\/v2\/users\/2"}],"replies":[{"embeddable":true,"href":"https:\/\/www.europesays.com\/fi\/wp-json\/wp\/v2\/comments?post=130117"}],"version-history":[{"count":0,"href":"https:\/\/www.europesays.com\/fi\/wp-json\/wp\/v2\/posts\/130117\/revisions"}],"wp:featuredmedia":[{"embeddable":true,"href":"https:\/\/www.europesays.com\/fi\/wp-json\/wp\/v2\/media\/130118"}],"wp:attachment":[{"href":"https:\/\/www.europesays.com\/fi\/wp-json\/wp\/v2\/media?parent=130117"}],"wp:term":[{"taxonomy":"category","embeddable":true,"href":"https:\/\/www.europesays.com\/fi\/wp-json\/wp\/v2\/categories?post=130117"},{"taxonomy":"post_tag","embeddable":true,"href":"https:\/\/www.europesays.com\/fi\/wp-json\/wp\/v2\/tags?post=130117"}],"curies":[{"name":"wp","href":"https:\/\/api.w.org\/{rel}","templated":true}]}}