{"id":130138,"date":"2025-12-31T20:10:07","date_gmt":"2025-12-31T20:10:07","guid":{"rendered":"https:\/\/www.europesays.com\/fi\/130138\/"},"modified":"2025-12-31T20:10:07","modified_gmt":"2025-12-31T20:10:07","slug":"arkistosta-hameenlinnalaisen-purple-universen-omaehtoinen-musiikki-syntyy-siella-missa-useimmat-vain-katsovat-televisiota-hameen-sanomat","status":"publish","type":"post","link":"https:\/\/www.europesays.com\/fi\/130138\/","title":{"rendered":"Arkistosta | H\u00e4meenlinnalaisen Purple Universen omaehtoinen musiikki syntyy siell\u00e4, miss\u00e4 useimmat vain katsovat televisiota &#8211; H\u00e4meen Sanomat"},"content":{"rendered":"<ol>\n<li><a href=\"https:\/\/news.google.com\/rss\/articles\/CBMiXEFVX3lxTE01WlJzQWlZbEJweURQRG9rMy0yVkhVcGZnTXZHNlVaRlNhOUQ0QTVoYmw2bGtscE9LLUo2V3B0ZXA5dk1SN0I5TVlIWFJsRXMzYk1PYVhyTUxmVTlf?oc=5\" target=\"_blank\" rel=\"nofollow noopener\">Arkistosta | H\u00e4meenlinnalaisen Purple Universen omaehtoinen musiikki syntyy siell\u00e4, miss\u00e4 useimmat vain katsovat televisiota<\/a>&nbsp;&nbsp;H\u00e4meen Sanomat<\/li>\n<li><a href=\"https:\/\/news.google.com\/rss\/articles\/CBMiUEFVX3lxTE8xNWswN2dTV3QtQXduaHNXR2RsS2tXQ2FKMHNkX3N0MWs1bE5qS1hGbmstYm52ckhvQjgtWW5LYldIb2E5cGc0bi1wY2RMbENm?oc=5\" target=\"_blank\" rel=\"nofollow noopener\">Ilotulitteita heitelty ihmisi\u00e4 ja autoja p\u00e4in Jyv\u00e4skyl\u00e4ss\u00e4<\/a>&nbsp;&nbsp;Keskisuomalainen<\/li>\n<li><a href=\"https:\/\/news.google.com\/rss\/articles\/CBMiswJBVV95cUxQTnZMdHNZbTR1VW1QdUFuOVJMMy1fRlNzMWFTQ2lQaW9FYWgzLVozcmo0OXc1ZUNIaThfZTE5Uzg4S2huMzRUQzh3RHljMjRCU2lscmhhOFlGa19uYnQxSHlJUkYtSzBoTElMZE9PUm93amE1a0xwTktwV20wVEU0WGZkZ3pSTEZySGp5LVpid01mM2ZkMV91NWJMbU5jNGNaSG53Mkhra1AzVzNuaTJJNVo3MW53ZGt5REQ1VW4tc3lBSEUydG1EVUJ3dFJqbE94QWtaZmcwYVM0QmpZa1htdjFaRGRGUFNOX3BXcEFNMnNxcGJvQnh2NjVOMV8zVENxV0trMVNmdmUtVDByaVVtY0hieHpONGJ6S05wM09SSjkxUVdMdFBqamZrOHRfNEdrc2Fr?oc=5\" target=\"_blank\" rel=\"nofollow noopener\">Voittomaalin j\u00e4lleen SaiPan verkkoon ly\u00f6nyt Filip Westerlund my\u00f6nt\u00e4\u00e4, ett\u00e4 It\u00e4-Suomen herruudesta kilpaillaan aiempaa enemm\u00e4n<\/a>&nbsp;&nbsp;Jatkoaika.com<\/li>\n<li><a href=\"https:\/\/news.google.com\/rss\/articles\/CBMiiwFBVV95cUxNcHY1LUx5UUlCcW9wckNvNzdYaDdMcGk3S25Qb0x4ZDBtcUNpMVNhSFV5cHdyMTBFcGZxdDNzUGNyWjg2aUtDdEViSkx0bXhBaWl6My1MT0N2N0VlSHk3bXhsVG9UZ3oweVBSQUlwOVJiR0RUeXB1SEIzOVNHU3RrYUp2Qkh4OWFwNlpF?oc=5\" target=\"_blank\" rel=\"nofollow noopener\">Raimo Helmiselt\u00e4 karu ulostulo SaiPasta<\/a>&nbsp;&nbsp;mtvuutiset.fi<\/li>\n<li><a href=\"https:\/\/news.google.com\/rss\/articles\/CBMiT0FVX3lxTE14a052SHhYQjNEVnV0TGFhZHJyOEFHMnoxVS0zdU8wOHFzdmo1UjJpcS00cjdub2NocVkycmZQWmQ5bjN3cHJPdGZEeDJHek0?oc=5\" target=\"_blank\" rel=\"nofollow noopener\">Lahtelaisille on tarjolla yksi Suomen upeimmista ilotulituksista \u2013 yli tuhat laukausta syyt\u00e4\u00e4 taivaalle \u00e4\u00e4nt\u00e4 ja v\u00e4ri\u00e4 musiikin pauhatessa<\/a>&nbsp;&nbsp;Etel\u00e4-Suomen Sanomat<\/li>\n<\/ol>\n","protected":false},"excerpt":{"rendered":"Arkistosta | H\u00e4meenlinnalaisen Purple Universen omaehtoinen musiikki syntyy siell\u00e4, miss\u00e4 useimmat vain katsovat televisiota&nbsp;&nbsp;H\u00e4meen Sanomat Ilotulitteita heitelty ihmisi\u00e4&hellip;\n","protected":false},"author":2,"featured_media":130139,"comment_status":"","ping_status":"","sticky":false,"template":"","format":"standard","meta":{"footnotes":""},"categories":[132],"tags":[23087,23086,137,33,31,30,108,195,47,3018,23088,23085,32,109],"class_list":{"0":"post-130138","1":"post","2":"type-post","3":"status-publish","4":"format-standard","5":"has-post-thumbnail","7":"category-musiikki","8":"tag-bandikampilla","9":"tag-banditreenit","10":"tag-entertainment","11":"tag-fi","12":"tag-finland","13":"tag-finnish","14":"tag-kulttuuri","15":"tag-music","16":"tag-musiikki","17":"tag-muusikko","18":"tag-purple-universe","19":"tag-sade-sonck","20":"tag-suomi","21":"tag-viihde"},"share_on_mastodon":{"url":"https:\/\/pubeurope.com\/@fi\/115816000669110339","error":""},"_links":{"self":[{"href":"https:\/\/www.europesays.com\/fi\/wp-json\/wp\/v2\/posts\/130138","targetHints":{"allow":["GET"]}}],"collection":[{"href":"https:\/\/www.europesays.com\/fi\/wp-json\/wp\/v2\/posts"}],"about":[{"href":"https:\/\/www.europesays.com\/fi\/wp-json\/wp\/v2\/types\/post"}],"author":[{"embeddable":true,"href":"https:\/\/www.europesays.com\/fi\/wp-json\/wp\/v2\/users\/2"}],"replies":[{"embeddable":true,"href":"https:\/\/www.europesays.com\/fi\/wp-json\/wp\/v2\/comments?post=130138"}],"version-history":[{"count":0,"href":"https:\/\/www.europesays.com\/fi\/wp-json\/wp\/v2\/posts\/130138\/revisions"}],"wp:featuredmedia":[{"embeddable":true,"href":"https:\/\/www.europesays.com\/fi\/wp-json\/wp\/v2\/media\/130139"}],"wp:attachment":[{"href":"https:\/\/www.europesays.com\/fi\/wp-json\/wp\/v2\/media?parent=130138"}],"wp:term":[{"taxonomy":"category","embeddable":true,"href":"https:\/\/www.europesays.com\/fi\/wp-json\/wp\/v2\/categories?post=130138"},{"taxonomy":"post_tag","embeddable":true,"href":"https:\/\/www.europesays.com\/fi\/wp-json\/wp\/v2\/tags?post=130138"}],"curies":[{"name":"wp","href":"https:\/\/api.w.org\/{rel}","templated":true}]}}