{"id":130162,"date":"2025-12-31T20:46:10","date_gmt":"2025-12-31T20:46:10","guid":{"rendered":"https:\/\/www.europesays.com\/fi\/130162\/"},"modified":"2025-12-31T20:46:10","modified_gmt":"2025-12-31T20:46:10","slug":"vieraat-jaanmurtajat-liikkuvat-peramerella-syyna-vaylaviraston-sopimusuudistus-lappi","status":"publish","type":"post","link":"https:\/\/www.europesays.com\/fi\/130162\/","title":{"rendered":"Vieraat j\u00e4\u00e4nmurtajat liikkuvat Per\u00e4merell\u00e4 \u2013 syyn\u00e4 V\u00e4yl\u00e4viraston sopimusuudistus | Lappi"},"content":{"rendered":"<p class=\"aw-1gybjub aw-5vja16 kEtdKx kmuxyA yle__article__paragraph\">Perinteisten j\u00e4\u00e4nmurtajien sijasta pohjoisella Per\u00e4merell\u00e4 liikkuu alkutalvena kevyempi\u00e4 aluksia.<\/p>\n<p><img decoding=\"async\" alt=\"J\u00e4\u00e4nmurtaja Per\u00e4merell\u00e4.\" src=\"https:\/\/www.europesays.com\/fi\/wp-content\/uploads\/2025\/12\/39-143224767c9d3dee05ce.jpeg\" class=\"aw-1l9m598 hKVVvP\"\/><\/p>\n<p>Avaa kuvien katselu<\/p>\n<p>J\u00e4\u00e4tilanne on toistaiseksi Per\u00e4merell\u00e4 hieman erilainen kuin kuvan ottohetkell\u00e4 maaliskuussa 2025. Nyt j\u00e4\u00e4t alkavat vasta paksuta. Kuva: Antti Ullakko \/ Yle<\/p>\n<ul class=\"aw-1jjocuh iJTSwP yle__article__list yle__article__list--ul\">\n<li class=\"aw-1j7gwms gNYKfi\">J\u00e4\u00e4nmurtokausi Per\u00e4merell\u00e4 on alkanut pienemmill\u00e4 aluksilla.<\/li>\n<li class=\"aw-1j7gwms gNYKfi\">Taustalla on V\u00e4yl\u00e4viraston kilpailuttama uusi kustannustehokas sopimusmalli.<\/li>\n<li class=\"aw-1j7gwms gNYKfi\">Perinteiset suuret murtajat, kuten Otso ja Kontio, tulevat apuun my\u00f6hemmin talvella j\u00e4\u00e4tilanteen niin vaatiessa.<\/li>\n<\/ul>\n<p class=\"aw-1gybjub aw-1p7kakr kEtdKx cEmitX yle__article__paragraph\">J\u00e4\u00e4nmurtajien kausi on alkanut pohjoisella Per\u00e4merell\u00e4. Tutumpien j\u00e4\u00e4nmurtajien Otson ja Kontion sijasta merell\u00e4 on n\u00e4kynyt t\u00e4n\u00e4 talvena pienempi Zeus. Voima-niminen alus l\u00e4hti kohti Per\u00e4merta vuoden viimeisen\u00e4 p\u00e4iv\u00e4n\u00e4.<\/p>\n<p class=\"aw-1gybjub aw-1p7kakr kEtdKx cEmitX yle__article__paragraph\">Mist\u00e4 n\u00e4m\u00e4 vieraammat alukset ovat tulleet?<\/p>\n<p class=\"aw-1gybjub aw-1p7kakr kEtdKx cEmitX yle__article__paragraph\">\u2013 Taustalla on V\u00e4yl\u00e4viraston viime kev\u00e4\u00e4n\u00e4 tekem\u00e4 sopimuskilpailutus, kertoo merenkulkuyksik\u00f6n p\u00e4\u00e4llikk\u00f6 <strong class=\"aw-ak79eh KyCXm yle__article__strong\">Helena Or\u00e4dd<\/strong>.<\/p>\n<p class=\"aw-1gybjub aw-1p7kakr kEtdKx cEmitX yle__article__paragraph\">Suomessa j\u00e4\u00e4nmurrosta vastaa V\u00e4yl\u00e4virasto. Uusilla sopimuksilla se pyrkii j\u00e4\u00e4nmurtajien kustannustehokkuuteen. N\u00e4in V\u00e4yl\u00e4virasto p\u00e4\u00e4see my\u00f6s k\u00e4ytt\u00e4m\u00e4\u00e4n kaikkea saatavilla olevaa kalustoa.<\/p>\n<p>J\u00e4\u00e4nmurtaja Kontio on perinteisesti aurannut Per\u00e4meren reittej\u00e4. Videolla Kontio operoi maaliskuussa 2025. Video: Antti Ullakko \/ Yle<\/p>\n<p class=\"aw-1gybjub aw-1p7kakr kEtdKx cEmitX yle__article__paragraph\">Alukset on jaettu nyt kolmeen luokkaan niiden koon mukaan. Ensimm\u00e4isen luokan aluksia ovat esimerkiksi Zeus, joka on aloittanut jo j\u00e4\u00e4nmurtamisen Per\u00e4merell\u00e4. Keskiraskaassa luokassa liikkuu Voima, raskaassa sarjassa perinteiset Otso, Kontio ja Polaris.<\/p>\n<p class=\"aw-1gybjub aw-1p7kakr kEtdKx cEmitX yle__article__paragraph\">\u2013 Aloitamme pienemm\u00e4st\u00e4 ja kasvatamme kokoa sit\u00e4 mukaa, kun talvi ja j\u00e4\u00e4tilanne tiukentuu, Or\u00e4dd tiivist\u00e4\u00e4.<\/p>\n<p class=\"aw-1gybjub aw-1p7kakr kEtdKx cEmitX yle__article__paragraph\">Aiemmat perinteisten j\u00e4\u00e4nmurtajien sopimukset olivat voimassa 15 vuotta. Or\u00e4ddin mukaan vuosien varrella V\u00e4yl\u00e4virasto ehti n\u00e4hd\u00e4, miss\u00e4 tarvitaan uudistamista ja joustoa. Uudet sopimukset kest\u00e4v\u00e4t kolme vuotta, jonka lis\u00e4ksi on olemassa kolmen vuoden jatkomahdollisuus.<\/p>\n<p>My\u00f6h\u00e4inen talvi n\u00e4kyy kauden aloituksessa<\/p>\n<p class=\"aw-1gybjub aw-1p7kakr kEtdKx cEmitX yle__article__paragraph\">Viime talvena Per\u00e4meri oli kokonaan j\u00e4\u00e4ss\u00e4 heti vuodenvaihteen j\u00e4lkeen.<\/p>\n<p class=\"aw-1gybjub aw-1p7kakr kEtdKx cEmitX yle__article__paragraph\">J\u00e4\u00e4nmurtoyhti\u00f6 Arctian alukset ovat olleet nytkin valmiudessa kautta varten marraskuun puoliv\u00e4list\u00e4 l\u00e4htien. Per\u00e4meren j\u00e4\u00e4t ovat edelleen kohtalaisen ohuita, toteaa Arctian j\u00e4\u00e4nmurron liiketoimintajohtaja <strong class=\"aw-ak79eh KyCXm yle__article__strong\">Paavo Kojonen<\/strong>.<\/p>\n<p class=\"aw-1gybjub aw-1p7kakr kEtdKx cEmitX yle__article__paragraph\">\u2013 Olemme jokusen viikon edellisvuosia my\u00f6h\u00e4ss\u00e4, mutta talvet eiv\u00e4t ole velji\u00e4 kesken\u00e4\u00e4n. Nyt j\u00e4\u00e4t\u00e4 muodostuu paljon, kun kovempi pakkasjakso on alkanut.<\/p>\n<p><img decoding=\"async\" alt=\"J\u00e4\u00e4nmurtajia Helsingin katajanokan rannassa.\" src=\"https:\/\/www.europesays.com\/fi\/wp-content\/uploads\/2025\/12\/39-141962467aa028c2ab00.jpeg\" loading=\"lazy\" class=\"aw-1l9m598 hKVVvP\"\/><\/p>\n<p>Avaa kuvien katselu<\/p>\n<p>70 vuotta It\u00e4merta kulkenut j\u00e4\u00e4nmurtaja Voima saapuu heti vuoden alussa Kemiin. Kuvassa Voima Helsingiss\u00e4 helmikuussa 2025. Kuva: Janne Lindroos \/ Yle<\/p>\n<p class=\"aw-1gybjub aw-1p7kakr kEtdKx cEmitX yle__article__paragraph\">Jo 50-luvulla aloittanut j\u00e4\u00e4nmurtajavanhus Voima l\u00e4hti Helsingist\u00e4 kohti Kemi\u00e4 joulukuun lopussa. J\u00e4re\u00e4mm\u00e4t j\u00e4\u00e4nmurtajat p\u00e4\u00e4sev\u00e4t t\u00f6ihin kev\u00e4ttalvella, mik\u00e4li vanhat merkit pit\u00e4v\u00e4t paikkaansa.<\/p>\n<p class=\"aw-1gybjub aw-1p7kakr kEtdKx cEmitX yle__article__paragraph\">Kojosen mukaan on toistaiseksi vaikeaa arvioida sit\u00e4, millainen kaudesta tulee.<\/p>\n<p class=\"aw-1gybjub aw-1p7kakr kEtdKx cEmitX yle__article__paragraph\">\u2013 Olemme valmiita kaikkeen, mutta arvioita on turha edes yritt\u00e4\u00e4 tehd\u00e4 muutamaa viikkoa pidemm\u00e4lle.<\/p>\n","protected":false},"excerpt":{"rendered":"Perinteisten j\u00e4\u00e4nmurtajien sijasta pohjoisella Per\u00e4merell\u00e4 liikkuu alkutalvena kevyempi\u00e4 aluksia. Avaa kuvien katselu J\u00e4\u00e4tilanne on toistaiseksi Per\u00e4merell\u00e4 hieman erilainen&hellip;\n","protected":false},"author":2,"featured_media":130163,"comment_status":"","ping_status":"","sticky":false,"template":"","format":"standard","meta":{"footnotes":""},"categories":[5],"tags":[22,23,26,27,33,31,30,17,2788,71,667,24,25,1161,28,29,15,18,21,6998,32,19,20,16,6178,2568],"class_list":{"0":"post-130162","1":"post","2":"type-post","3":"status-publish","4":"format-standard","5":"has-post-thumbnail","7":"category-otsikot","8":"tag-breaking-news","9":"tag-breakingnews","10":"tag-featured-news","11":"tag-featurednews","12":"tag-fi","13":"tag-finland","14":"tag-finnish","15":"tag-headlines","16":"tag-jaanmurtajat","17":"tag-kotimaa","18":"tag-lappi","19":"tag-latest-news","20":"tag-latestnews","21":"tag-liikenne","22":"tag-main-news","23":"tag-mainnews","24":"tag-news","25":"tag-otsikot","26":"tag-paauutiset","27":"tag-perameri","28":"tag-suomi","29":"tag-top-stories","30":"tag-topstories","31":"tag-uutiset","32":"tag-vaylavirasto","33":"tag-vesiliikenne"},"share_on_mastodon":{"url":"https:\/\/pubeurope.com\/@fi\/115816142190054084","error":""},"_links":{"self":[{"href":"https:\/\/www.europesays.com\/fi\/wp-json\/wp\/v2\/posts\/130162","targetHints":{"allow":["GET"]}}],"collection":[{"href":"https:\/\/www.europesays.com\/fi\/wp-json\/wp\/v2\/posts"}],"about":[{"href":"https:\/\/www.europesays.com\/fi\/wp-json\/wp\/v2\/types\/post"}],"author":[{"embeddable":true,"href":"https:\/\/www.europesays.com\/fi\/wp-json\/wp\/v2\/users\/2"}],"replies":[{"embeddable":true,"href":"https:\/\/www.europesays.com\/fi\/wp-json\/wp\/v2\/comments?post=130162"}],"version-history":[{"count":0,"href":"https:\/\/www.europesays.com\/fi\/wp-json\/wp\/v2\/posts\/130162\/revisions"}],"wp:featuredmedia":[{"embeddable":true,"href":"https:\/\/www.europesays.com\/fi\/wp-json\/wp\/v2\/media\/130163"}],"wp:attachment":[{"href":"https:\/\/www.europesays.com\/fi\/wp-json\/wp\/v2\/media?parent=130162"}],"wp:term":[{"taxonomy":"category","embeddable":true,"href":"https:\/\/www.europesays.com\/fi\/wp-json\/wp\/v2\/categories?post=130162"},{"taxonomy":"post_tag","embeddable":true,"href":"https:\/\/www.europesays.com\/fi\/wp-json\/wp\/v2\/tags?post=130162"}],"curies":[{"name":"wp","href":"https:\/\/api.w.org\/{rel}","templated":true}]}}