{"id":130164,"date":"2025-12-31T20:47:08","date_gmt":"2025-12-31T20:47:08","guid":{"rendered":"https:\/\/www.europesays.com\/fi\/130164\/"},"modified":"2025-12-31T20:47:08","modified_gmt":"2025-12-31T20:47:08","slug":"joutsenista-johtuvat-halytykset-ovat-tyollistaneet-pelastuslaitosta-ympari-satakuntaa-uudenvuodenaattona","status":"publish","type":"post","link":"https:\/\/www.europesays.com\/fi\/130164\/","title":{"rendered":"Joutsenista johtuvat h\u00e4lytykset ovat ty\u00f6llist\u00e4neet pelastuslaitosta ymp\u00e4ri Satakuntaa uudenvuodenaattona"},"content":{"rendered":"<p>Suurimmassa osassa tapauksia varsinaista h\u00e4t\u00e4\u00e4 linnuilla ei ole ollut. Yksi h\u00e4lytys p\u00e4\u00e4ttyi kuitenkin kurjasti.<\/p>\n<p class=\"article-body mb-nof-24 px-nof-16\">Rauma, Pori, Merikarvia, Eurajoki, S\u00e4kyl\u00e4, Huittinen<\/p>\n<p class=\"article-body mb-nof-24 px-nof-16\">Uudenvuodenaaton vastaisena y\u00f6n\u00e4 rajusti kiristynyt pakkanen on ty\u00f6llist\u00e4nyt Satakunnan pelastus\u00adlaitosta aamu\u00adp\u00e4iv\u00e4st\u00e4 asti.<\/p>\n<p class=\"article-body mb-nof-24 px-nof-16\">Kyse on ollut luonnossa liikkujien tekemist\u00e4 havainnoista, joissa joutsenten on arveltu olevan pulassa j\u00e4\u00e4tyneiss\u00e4 vesist\u00f6iss\u00e4.<\/p>\n<p class=\"article-body mb-nof-24 px-nof-16\">Hieman ennen kello 13 uudenvuodenaattona tuli h\u00e4lytys Rauman sataman kupeesta Kompinlahdelta.<\/p>\n<p class=\"article-body mb-nof-24 px-nof-16\">\u201dKaksi joutsenta oli j\u00e4iden joukossa. Ilmoittaja ep\u00e4ili, ett\u00e4 ne olisivat j\u00e4\u00e4tyneet kiinni. Kumpikaan ei ollut j\u00e4iss\u00e4 kiinni, vaan r\u00e4pik\u00f6iv\u00e4t siell\u00e4 liukkaalla j\u00e4\u00e4ll\u00e4, kun palokunta yritti l\u00e4hesty\u00e4\u201d, p\u00e4ivyst\u00e4v\u00e4 palo\u00admestari <a class=\"font-bold underline-offset-[0.12em] [text-decoration:var(--person-link-text-decoration)] ![text-decoration-color:var(--person-link-text-decoration-color)]\" href=\"https:\/\/www.satakunnankansa.fi\/haku\/?query=Juho%20Salminen\" rel=\"nofollow noopener\" target=\"_blank\">Juho Salminen<\/a> totesi.<\/p>\n<p class=\"article-body mb-nof-24 px-nof-16\">Kello 12 j\u00e4lkeen ilmoitettiin joutsenesta mahdollisessa h\u00e4d\u00e4ss\u00e4 Pastuskerin saarella Meri-Porissa.<\/p>\n<p class=\"article-body mb-nof-24 px-nof-16\">\u201dSe l\u00e4hti liikkeelle, kun pelastuslaitos tuli paikalle\u201d, sanoi p\u00e4ivyst\u00e4v\u00e4 palomestari <a class=\"font-bold underline-offset-[0.12em] [text-decoration:var(--person-link-text-decoration)] ![text-decoration-color:var(--person-link-text-decoration-color)]\" href=\"https:\/\/www.satakunnankansa.fi\/haku\/?query=Petri%20Rantala\" rel=\"nofollow noopener\" target=\"_blank\">Petri Rantala<\/a>.<\/p>\n<p class=\"article-body mb-nof-24 px-nof-16\">Samoihin aikoihin Meri-Porin teht\u00e4v\u00e4n kanssa saapui h\u00e4lytys Laaveentielt\u00e4 Merikarviasta. Siell\u00e4 joutsenet l\u00e4htiv\u00e4t pois paikalta jo ennen kuin pelastuslaitos saapui kohteeseen.<\/p>\n<p class=\"article-body mb-nof-24 px-nof-16\">Noin varttia vaille 12 tuli h\u00e4lytys Eurajoelta Tankkarintielt\u00e4, joka sijaitsee linnuntiet\u00e4 pitkin puolisen kilometri\u00e4 etel\u00e4\u00e4n p\u00e4in Laitakarin satamasta.<\/p>\n<p class=\"article-body mb-nof-24 px-nof-16\">T\u00e4m\u00e4 teht\u00e4v\u00e4 p\u00e4\u00e4ttyi ik\u00e4v\u00e4sti. Joutsen l\u00f6ytyi menehtyneen\u00e4 j\u00e4\u00e4tyneen\u00e4, Rantala kertoi.<\/p>\n<p class=\"article-body mb-nof-24 px-nof-16\">Aamup\u00e4iv\u00e4ll\u00e4 puoli yhdentoista aikoihin saapui kaksi joutsen\u00adh\u00e4lytyst\u00e4. Ne tulivat Huittisten Punkalaitumen\u00adtielt\u00e4 ja S\u00e4kyl\u00e4st\u00e4 Lehmuuntielt\u00e4, joka kulkee kirkolta Pyh\u00e4j\u00e4rven ymp\u00e4r\u00f6im\u00e4lle Pihlavan leiri\u00adkeskukselle.<\/p>\n<p class=\"article-body mb-nof-24 px-nof-16\">Huittisissa joutsen ehti jatkaa matkaansa ennen kuin pelastuslaitos ehti paikalle.<\/p>\n<p class=\"article-body mb-nof-24 px-nof-16\">\u201dSamanlaisesti k\u00e4vi S\u00e4kyl\u00e4ss\u00e4. Joutsen otti omin voimin siivet ja jalat alleen, kun pelastus\u00adlaitos h\u00e4\u00e4r\u00e4si siell\u00e4\u201d Salminen kuvaili.<\/p>\n","protected":false},"excerpt":{"rendered":"Suurimmassa osassa tapauksia varsinaista h\u00e4t\u00e4\u00e4 linnuilla ei ole ollut. Yksi h\u00e4lytys p\u00e4\u00e4ttyi kuitenkin kurjasti. Rauma, Pori, Merikarvia, Eurajoki,&hellip;\n","protected":false},"author":2,"featured_media":130165,"comment_status":"","ping_status":"","sticky":false,"template":"","format":"standard","meta":{"footnotes":""},"categories":[117],"tags":[33,31,30,72,476,80,118,32,119,477],"class_list":{"0":"post-130164","1":"post","2":"type-post","3":"status-publish","4":"format-standard","5":"has-post-thumbnail","7":"category-luonto","8":"tag-fi","9":"tag-finland","10":"tag-finnish","11":"tag-luonto","12":"tag-nature","13":"tag-satakunnan-kansa","14":"tag-science","15":"tag-suomi","16":"tag-tiede","17":"tag-wildlife"},"share_on_mastodon":{"url":"https:\/\/pubeurope.com\/@fi\/115816146058906074","error":""},"_links":{"self":[{"href":"https:\/\/www.europesays.com\/fi\/wp-json\/wp\/v2\/posts\/130164","targetHints":{"allow":["GET"]}}],"collection":[{"href":"https:\/\/www.europesays.com\/fi\/wp-json\/wp\/v2\/posts"}],"about":[{"href":"https:\/\/www.europesays.com\/fi\/wp-json\/wp\/v2\/types\/post"}],"author":[{"embeddable":true,"href":"https:\/\/www.europesays.com\/fi\/wp-json\/wp\/v2\/users\/2"}],"replies":[{"embeddable":true,"href":"https:\/\/www.europesays.com\/fi\/wp-json\/wp\/v2\/comments?post=130164"}],"version-history":[{"count":0,"href":"https:\/\/www.europesays.com\/fi\/wp-json\/wp\/v2\/posts\/130164\/revisions"}],"wp:featuredmedia":[{"embeddable":true,"href":"https:\/\/www.europesays.com\/fi\/wp-json\/wp\/v2\/media\/130165"}],"wp:attachment":[{"href":"https:\/\/www.europesays.com\/fi\/wp-json\/wp\/v2\/media?parent=130164"}],"wp:term":[{"taxonomy":"category","embeddable":true,"href":"https:\/\/www.europesays.com\/fi\/wp-json\/wp\/v2\/categories?post=130164"},{"taxonomy":"post_tag","embeddable":true,"href":"https:\/\/www.europesays.com\/fi\/wp-json\/wp\/v2\/tags?post=130164"}],"curies":[{"name":"wp","href":"https:\/\/api.w.org\/{rel}","templated":true}]}}