{"id":130166,"date":"2025-12-31T20:58:07","date_gmt":"2025-12-31T20:58:07","guid":{"rendered":"https:\/\/www.europesays.com\/fi\/130166\/"},"modified":"2025-12-31T20:58:07","modified_gmt":"2025-12-31T20:58:07","slug":"poliisi-kertoi-noormarkun-onnettomuudesta-lisaa","status":"publish","type":"post","link":"https:\/\/www.europesays.com\/fi\/130166\/","title":{"rendered":"Poliisi kertoi Noormarkun onnettomuudesta lis\u00e4\u00e4"},"content":{"rendered":"<p>Henkil\u00f6autoa kuljettanut nainen menehtyi tiistaina iltap\u00e4iv\u00e4ll\u00e4 t\u00f6rm\u00e4tty\u00e4\u00e4n k\u00e4\u00e4ntyv\u00e4n\u00e4 olleeseen kuorma-autoon Porin Noormarkussa.<\/p>\n<p>Per\u00e4\u00e4najo tapahtui valtatie 23:n ja Rauhalammintien risteysalueella, niin kutsutussa \u201dNoormarkun Shellin risteyksess\u00e4\u201d, kun edess\u00e4 ajanut kuorma-auto oli k\u00e4\u00e4ntym\u00e4ss\u00e4 vasemmalle. <\/p>\n<p>Takaa tullut autoilija t\u00f6rm\u00e4si k\u00e4\u00e4ntyv\u00e4n kuorma-auton per\u00e4\u00e4n. Henkil\u00f6autoa kuljettanut nainen menehtyi onnettomuuspaikalla, ja autossa ollut matkustaja kuljetettiin sairaalahoitoon. Kuorma-auton kuljettaja ei loukkaantunut tilanteessa.<\/p>\n<p>Lue my\u00f6s: <a href=\"https:\/\/www.como.fi\/uutiset\/auton-alle-jaaneelta-erikoinen-paivitys-porissa\/\" title=\"Auton alle j\u00e4\u00e4neelt\u00e4 erikoinen p\u00e4ivitys Porissa\" class=\"underline-custom !font-montserrat !font-bold !underline-offset-4 !decoration-4 !decoration-red-600 !text-md\" rel=\"nofollow noopener\" target=\"_blank\">Auton alle j\u00e4\u00e4neelt\u00e4 erikoinen p\u00e4ivitys Porissa<\/a><\/p>\n<p>Poliisi selvitt\u00e4\u00e4 edelleen onnettomuuden syyt\u00e4. Ylinopeudella tai p\u00e4ihtymyksell\u00e4 ei ep\u00e4ill\u00e4 olevan osuutta tapahtumiin.<\/p>\n<p>Poliisi ep\u00e4ilee asiassa liikenneturvallisuuden vaarantamista ja vammantuottamusta, mutta tapaus ei tule etenem\u00e4\u00e4n syytt\u00e4j\u00e4lle, koska kuljettaja on kuollut. Lis\u00e4ksi asiassa tehd\u00e4\u00e4n kuolemansyyntutkinta. Poliisi ei tiedota asiasta enemp\u00e4\u00e4.<\/p>\n<p>Lue my\u00f6s: <a href=\"https:\/\/www.como.fi\/tilaa-comon-uutiskirje\/\" title=\"Tilaa Comon uutiskirje ja tied\u00e4t mist\u00e4 kahvitauolla puhutaan! Nappaa kotimaan tv-vinkit ja puheenaiheet suoraan s\u00e4hk\u00f6postiin t\u00e4st\u00e4.\" class=\"underline-custom !font-montserrat !font-bold !underline-offset-4 !decoration-4 !decoration-red-600 !text-md\" rel=\"nofollow noopener\" target=\"_blank\">Tilaa Comon uutiskirje ja tied\u00e4t mist\u00e4 kahvitauolla puhutaan! Nappaa kotimaan tv-vinkit ja puheenaiheet suoraan s\u00e4hk\u00f6postiin t\u00e4st\u00e4.<\/a><\/p>\n","protected":false},"excerpt":{"rendered":"Henkil\u00f6autoa kuljettanut nainen menehtyi tiistaina iltap\u00e4iv\u00e4ll\u00e4 t\u00f6rm\u00e4tty\u00e4\u00e4n k\u00e4\u00e4ntyv\u00e4n\u00e4 olleeseen kuorma-autoon Porin Noormarkussa. Per\u00e4\u00e4najo tapahtui valtatie 23:n ja Rauhalammintien&hellip;\n","protected":false},"author":2,"featured_media":56719,"comment_status":"","ping_status":"","sticky":false,"template":"","format":"standard","meta":{"footnotes":""},"categories":[136],"tags":[407,137,33,31,30,408,52,32,109],"class_list":{"0":"post-130166","1":"post","2":"type-post","3":"status-publish","4":"format-standard","5":"has-post-thumbnail","7":"category-julkkikset","8":"tag-celebrities","9":"tag-entertainment","10":"tag-fi","11":"tag-finland","12":"tag-finnish","13":"tag-julkkikset","14":"tag-poliisi","15":"tag-suomi","16":"tag-viihde"},"share_on_mastodon":{"url":"https:\/\/pubeurope.com\/@fi\/115816189318685092","error":""},"_links":{"self":[{"href":"https:\/\/www.europesays.com\/fi\/wp-json\/wp\/v2\/posts\/130166","targetHints":{"allow":["GET"]}}],"collection":[{"href":"https:\/\/www.europesays.com\/fi\/wp-json\/wp\/v2\/posts"}],"about":[{"href":"https:\/\/www.europesays.com\/fi\/wp-json\/wp\/v2\/types\/post"}],"author":[{"embeddable":true,"href":"https:\/\/www.europesays.com\/fi\/wp-json\/wp\/v2\/users\/2"}],"replies":[{"embeddable":true,"href":"https:\/\/www.europesays.com\/fi\/wp-json\/wp\/v2\/comments?post=130166"}],"version-history":[{"count":0,"href":"https:\/\/www.europesays.com\/fi\/wp-json\/wp\/v2\/posts\/130166\/revisions"}],"wp:featuredmedia":[{"embeddable":true,"href":"https:\/\/www.europesays.com\/fi\/wp-json\/wp\/v2\/media\/56719"}],"wp:attachment":[{"href":"https:\/\/www.europesays.com\/fi\/wp-json\/wp\/v2\/media?parent=130166"}],"wp:term":[{"taxonomy":"category","embeddable":true,"href":"https:\/\/www.europesays.com\/fi\/wp-json\/wp\/v2\/categories?post=130166"},{"taxonomy":"post_tag","embeddable":true,"href":"https:\/\/www.europesays.com\/fi\/wp-json\/wp\/v2\/tags?post=130166"}],"curies":[{"name":"wp","href":"https:\/\/api.w.org\/{rel}","templated":true}]}}