{"id":130180,"date":"2025-12-31T21:24:09","date_gmt":"2025-12-31T21:24:09","guid":{"rendered":"https:\/\/www.europesays.com\/fi\/130180\/"},"modified":"2025-12-31T21:24:09","modified_gmt":"2025-12-31T21:24:09","slug":"timo-jutila-yllatti-hesburgerissa-salakuva","status":"publish","type":"post","link":"https:\/\/www.europesays.com\/fi\/130180\/","title":{"rendered":"Timo Jutila yll\u00e4tti Hesburgerissa \u2013 salakuva"},"content":{"rendered":"<p>            Adobe Stock &amp; Matti Matikainen\n        <\/p>\n<p class=\"subtitle \">\u2013\u2009En ollut uskoa silmi\u00e4ni, Seiskalle taivastellaan Hesen parkkipaikalta.<\/p>\n<p class=\"article-content article-content-width !bg-background\">L\u00e4tk\u00e4legenda , 62, on julistanut julkisuudessa terveellisempien el\u00e4m\u00e4ntapojen puolesta.<\/p>\n<p class=\"font-weight-bold m-font-weight-bold article-content article-content-width !bg-background\">Arkistovideolla Jutin miesluola:<\/p>\n<p class=\"article-content article-content-width !bg-background\">Kev\u00e4\u00e4n 1995 maailmanmestari n\u00e4htiin hiljattain Olet mit\u00e4 sy\u00f6t -ohjelmassa, jossa h\u00e4nen ruokatottumuksensa rukattiin uuteen uskoon.<\/p>\n<p class=\"article-content article-content-width !bg-background\">Julkkisl\u00e4\u00e4k\u00e4ri  kauhisteli ohjelmassa Jutin sy\u00f6misi\u00e4. Sokerilimun, makkaroiden ja kebabin tilalle tuotiin kottik\u00e4rryllinen kasviksia.<\/p>\n<p>        <a itemprop=\"url\" href=\"https:\/\/www.seiska.fi\/katso\/mika-muutos-nain-paljon-timo-jutilan-paino-putosi\/2004781\" rel=\"nofollow noopener\" target=\"_blank\"><\/p>\n<p>\nOlet mit\u00e4 sy\u00f6t\n<\/p>\n<p class=\"section-date\">\n        <strong class=\"article-section\" data-section=\"katso\"><br \/>\n            katso<br \/>\n        <\/strong><br \/>\n        27.11. 21:00\n    <\/p>\n<p>Mik\u00e4 muutos! N\u00e4in paljon Timo Jutilan paino putosi\n    <\/p>\n<p itemprop=\"description\" class=\"subtitle \">\n    Timo Jutila muutti elintapojaan Olet mit\u00e4 sy\u00f6t -ohjelman avulla.\n<\/p>\n<p>        <\/a><\/p>\n<p class=\"article-content article-content-width !bg-background\">\u2013\u2009Toki joskus sy\u00f6n v\u00e4hemm\u00e4n vihanneksia ja hedelmi\u00e4 kuin pit\u00e4isi, mutta sitten taas joku toinen p\u00e4iv\u00e4 menee jopa enemm\u00e4n kuin se 800 grammaa.<\/p>\n<p class=\"article-content article-content-width !bg-background\">N\u00e4in Juti mainitsi muutama p\u00e4iv\u00e4 sitten Ilta-Sanomien <a href=\"https:\/\/www.is.fi\/tv-ja-elokuvat\/art-2000011699217.html\" target=\"_blank\" rel=\"nofollow noopener\">haastattelussa<\/a>, jossa kertoi terveellisemm\u00e4st\u00e4 nykyarjestaan.<\/p>\n<p>                <img decoding=\"async\" src=\"https:\/\/www.europesays.com\/fi\/wp-content\/uploads\/2025\/12\/2033635.webp.jpeg\" width=\"576\" height=\"720\" alt=\"Timo Jutila tykk\u00e4\u00e4 hedelmist\u00e4 \u2013 ja hampurilaisista.\" loading=\"lazy\" \/>            <\/p>\n<p>\n            Timo Jutila tykk\u00e4\u00e4 hedelmist\u00e4 \u2013 ja hampurilaisista.<br \/>\n            Matti Matikainen\n        <\/p>\n<p>K\u00e4rysi Hesburgerissa<\/p>\n<p class=\"article-content article-content-width !bg-background\">Hiljattain er\u00e4s kansalainen h\u00e4mm\u00e4styi melkoisesti \u00e4k\u00e4tty\u00e4\u00e4n Jutin jossain aivan muualla kuin hedelm\u00e4osastolla.<\/p>\n<p>        <a itemprop=\"url\" href=\"https:\/\/www.seiska.fi\/katso\/timo-jutila-valehtelee-pippa-laukalle-tv-laakari-jarkyttyy\/2004705\" rel=\"nofollow noopener\" target=\"_blank\"><\/p>\n<p>\nTimo Jutila\n<\/p>\n<p class=\"section-date\">\n        <strong class=\"article-section\" data-section=\"katso\"><br \/>\n            katso<br \/>\n        <\/strong><br \/>\n        27.11. 05:15\n    <\/p>\n<p>Timo Jutila valehtelee Pippa Laukalle \u2013 tv-l\u00e4\u00e4k\u00e4ri j\u00e4rkyttyy\n    <\/p>\n<p itemprop=\"description\" class=\"subtitle \">\n    Timo Jutilan elintavat ovat retuper\u00e4ll\u00e4. Lihajalosteita ja limsaa rakastava kiekkolegenda joutuu hyvinvointil\u00e4\u00e4k\u00e4ri Pippa Laukan syyniin Olet mit\u00e4 sy\u00f6t -ohjelmassa.\n<\/p>\n<p>        <\/a><\/p>\n<p class=\"article-content article-content-width !bg-background\">Seiskaan yhteytt\u00e4 ottanut silminn\u00e4kij\u00e4 kertoo bonganneensa Jutin Klaukkalan Hesburgerin edustalla.<\/p>\n<p class=\"article-content article-content-width !bg-background\">\u2013\u2009Olin juuri lukenut iltap\u00e4iv\u00e4lehdest\u00e4, kuinka Juti on aloittanut terveellisemm\u00e4n el\u00e4m\u00e4n. Ja sitten h\u00e4n tuleekin vastaan Hesess\u00e4. En ollut uskoa silmi\u00e4ni.<\/p>\n<p>                <img decoding=\"async\" src=\"https:\/\/www.europesays.com\/fi\/wp-content\/uploads\/2025\/12\/2033639.webp.jpeg\" width=\"576\" height=\"639\" alt=\"Juti k\u00e4rysi 'itse teossa' Hesburgerin edustalla.\" loading=\"lazy\" \/>            <\/p>\n<p>\n            Juti k\u00e4rysi &#8221;itse teossa&#8221; Hesburgerin edustalla.<br \/>\n            Lukijan kuva\n        <\/p>\n<p>Roskaruokaa maasturiin<\/p>\n<p class=\"article-content article-content-width !bg-background\">Silminn\u00e4kij\u00e4 ihmetteli my\u00f6s Jutin asustetta. Koko kansan l\u00e4tk\u00e4legenda h\u00e4mm\u00e4stytti erityisesti housuillaan.<\/p>\n<p class=\"article-content article-content-width !bg-background\">\u2013\u2009Ne n\u00e4yttiv\u00e4t aivan y\u00f6housuilta. Sellaiset ruudulliset, Seiskalle kuvaillaan.<\/p>\n<p>        <a itemprop=\"url\" href=\"https:\/\/www.seiska.fi\/katso\/timo-jutilalta-pysayttava-avautuminen-terveydentilasta-olen-jatkoajalla\/1975349\" rel=\"nofollow noopener\" target=\"_blank\"><\/p>\n<p>\nPys\u00e4ytt\u00e4v\u00e4 terveystilitys\n<\/p>\n<p class=\"section-date\">\n        <strong class=\"article-section\" data-section=\"katso\"><br \/>\n            katso<br \/>\n        <\/strong><br \/>\n        28.10. 15:15\n    <\/p>\n<p>Timo Jutilalta pys\u00e4ytt\u00e4v\u00e4 avautuminen terveydentilasta: &#8221;Olen jatkoajalla&#8221;\n    <\/p>\n<p itemprop=\"description\" class=\"subtitle \">\n    Olet mit\u00e4 sy\u00f6t -ohjelmassa ex-kiekkoilija ottaa itse\u00e4\u00e4n niskasta kiinni.\n<\/p>\n<p>        <\/a><\/p>\n<p class=\"article-content article-content-width !bg-background\">\u2013\u2009Juti ei j\u00e4\u00e4nyt Heseen sy\u00f6m\u00e4\u00e4n, vaan kantoi kassillisen roskaruokaa katumaasturiinsa, Klaukkalasta kerrotaan.<\/p>\n<p class=\"article-content article-content-width !bg-background\">Kyseinen Audi Q7-\u00f6kymaasturi on merkitty er\u00e4\u00e4n pankin omistamaksi. Haltijana toimii Jutilan JetSetClub Oy.<\/p>\n<p class=\"italic m-italic article-content article-content-width !bg-background\">Miten Juti kommentoi Hese-k\u00e4ry\u00e4\u00e4n? Lue se pian Seiska.fist\u00e4!<\/p>\n<p>                <img decoding=\"async\" src=\"https:\/\/www.europesays.com\/fi\/wp-content\/uploads\/2025\/12\/2033641.webp.jpeg\" width=\"576\" height=\"322\" alt=\"Timo Jutila on itseoikeutettu Leijona-legenda.\" loading=\"lazy\" \/>            <\/p>\n<p>\n            Timo Jutila on itseoikeutettu Leijona-legenda.<br \/>\n            Matti Raivio\n        <\/p>\n","protected":false},"excerpt":{"rendered":"Adobe Stock &amp; Matti Matikainen \u2013\u2009En ollut uskoa silmi\u00e4ni, Seiskalle taivastellaan Hesen parkkipaikalta. L\u00e4tk\u00e4legenda , 62, on julistanut&hellip;\n","protected":false},"author":2,"featured_media":130181,"comment_status":"","ping_status":"","sticky":false,"template":"","format":"standard","meta":{"footnotes":""},"categories":[136],"tags":[407,137,33,31,30,5966,408,3446,23094,1770,32,19215,15128,160,109],"class_list":{"0":"post-130180","1":"post","2":"type-post","3":"status-publish","4":"format-standard","5":"has-post-thumbnail","7":"category-julkkikset","8":"tag-celebrities","9":"tag-entertainment","10":"tag-fi","11":"tag-finland","12":"tag-finnish","13":"tag-hesburger","14":"tag-julkkikset","15":"tag-pippa-laukka","16":"tag-roskaruoka","17":"tag-ruoka_ja_juoma","18":"tag-suomi","19":"tag-terveelliset-elamantavat","20":"tag-timo-jutila","21":"tag-urheilu","22":"tag-viihde"},"share_on_mastodon":{"url":"https:\/\/pubeurope.com\/@fi\/115816291568747423","error":""},"_links":{"self":[{"href":"https:\/\/www.europesays.com\/fi\/wp-json\/wp\/v2\/posts\/130180","targetHints":{"allow":["GET"]}}],"collection":[{"href":"https:\/\/www.europesays.com\/fi\/wp-json\/wp\/v2\/posts"}],"about":[{"href":"https:\/\/www.europesays.com\/fi\/wp-json\/wp\/v2\/types\/post"}],"author":[{"embeddable":true,"href":"https:\/\/www.europesays.com\/fi\/wp-json\/wp\/v2\/users\/2"}],"replies":[{"embeddable":true,"href":"https:\/\/www.europesays.com\/fi\/wp-json\/wp\/v2\/comments?post=130180"}],"version-history":[{"count":0,"href":"https:\/\/www.europesays.com\/fi\/wp-json\/wp\/v2\/posts\/130180\/revisions"}],"wp:featuredmedia":[{"embeddable":true,"href":"https:\/\/www.europesays.com\/fi\/wp-json\/wp\/v2\/media\/130181"}],"wp:attachment":[{"href":"https:\/\/www.europesays.com\/fi\/wp-json\/wp\/v2\/media?parent=130180"}],"wp:term":[{"taxonomy":"category","embeddable":true,"href":"https:\/\/www.europesays.com\/fi\/wp-json\/wp\/v2\/categories?post=130180"},{"taxonomy":"post_tag","embeddable":true,"href":"https:\/\/www.europesays.com\/fi\/wp-json\/wp\/v2\/tags?post=130180"}],"curies":[{"name":"wp","href":"https:\/\/api.w.org\/{rel}","templated":true}]}}