{"id":130188,"date":"2025-12-31T21:36:07","date_gmt":"2025-12-31T21:36:07","guid":{"rendered":"https:\/\/www.europesays.com\/fi\/130188\/"},"modified":"2025-12-31T21:36:07","modified_gmt":"2025-12-31T21:36:07","slug":"usassa-superinfluenssa-tallaisia-ovat-oireet","status":"publish","type":"post","link":"https:\/\/www.europesays.com\/fi\/130188\/","title":{"rendered":"USA:ssa superinfluenssa \u2013 T\u00e4llaisia ovat oireet"},"content":{"rendered":"<p>Yhdysvalloissa levi\u00e4\u00e4 superinfluenssa, vatsatauti ja hinkuysk\u00e4. <\/p>\n<p><img decoding=\"async\" class=\"image image-show image-preview\" src=\"https:\/\/www.europesays.com\/fi\/wp-content\/uploads\/2025\/12\/971719f5d37e59292b4aff0c5da72bd6651d702d4d8011b049b713aa88f8aadc.jpg\" alt=\"\"\/><img decoding=\"async\" class=\"image image-show\" src=\"https:\/\/www.europesays.com\/fi\/wp-content\/uploads\/2025\/12\/1767216967_640_971719f5d37e59292b4aff0c5da72bd6651d702d4d8011b049b713aa88f8aadc.jpg\" alt=\"\"\/><\/p>\n<p>Superinfluenssa levi\u00e4\u00e4 Yhdysvalloissa.  REUTERS <\/p>\n<p class=\"paragraph\">Influenssatapaukset ovat lis\u00e4\u00e4ntyneet Yhdysvalloissa ennenn\u00e4kem\u00e4tt\u00f6m\u00e4ll\u00e4 tavalla, yhdysvaltalaismedia <a href=\"https:\/\/www.axios.com\/2025\/12\/30\/superflu-symptoms-2025-flu-h3n2\" target=\"_blank\" rel=\"noopener nofollow\">Axios<\/a> kertoo.<\/p>\n<p class=\"paragraph\">Asiantuntijoiden mukaan p\u00e4\u00e4asiallinen taudin aiheuttaja on virusvariantti, joka on esimerkki niin sanotusta superinfluenssasta, jolla tarkoitetaan viruksen nopeaa levi\u00e4mist\u00e4.<\/p>\n<p class=\"paragraph\">Tautien torjunnasta ja ehk\u00e4isyst\u00e4 vastaavan keskuksen tilastojen mukaan tautiin on t\u00e4m\u00e4n influenssakauden aikana sairastunut 7,5 miljoonaa ihmist\u00e4. Heist\u00e4 81\u00a0000 ihmist\u00e4 on joutunut sairaalahoitoon ja 3\u00a0100 menehtynyt.<\/p>\n<p class=\"paragraph\">Tapaukset eiv\u00e4t ole lis\u00e4\u00e4ntyneet vain alueellisesti, vaan tauti levi\u00e4\u00e4 koko maassa.<\/p>\n<p class=\"paragraph\">New Yorkin osavaltion terveysministeri\u00f6n mukaan joulukuun loppupuolella osavaltiossa todettiin enn\u00e4tysm\u00e4\u00e4r\u00e4 influenssaa.<\/p>\n<p class=\"paragraph\">Connecticutin osavaltiossa tautitapauksia on l\u00e4\u00e4k\u00e4reiden mukaan enemm\u00e4n kuin koskaan aiemmin, paikallinen uutiskanava <a href=\"https:\/\/www.wfsb.com\/video\/2025\/12\/29\/connecticut-flu-cases-surge-highest-levels-doctors-have-ever-seen\/\" target=\"_blank\" rel=\"noopener nofollow\">WFSB-TV kertoo<\/a>.<\/p>\n<p>LUE MY\u00d6SSuperinfluenssan oireet<\/p>\n<ul>\n<li>Kurkkukipu <\/li>\n<li>Nuha<\/li>\n<li>Kuume <\/li>\n<li>Ysk\u00e4 <\/li>\n<li>P\u00e4\u00e4kipu<\/li>\n<li>Lihaskipu<\/li>\n<li>V\u00e4symys<\/li>\n<li>Hikoilu <\/li>\n<li>Vilunv\u00e4reet<\/li>\n<\/ul>\n<p class=\"paragraph\">My\u00f6s Euroopassa, muun muassa Irlannissa ja Englannissa, influenssaa on todettu  enn\u00e4tyspaljon. Jotkut asiantuntijat ovat verranneet Euroopassa n\u00e4hty\u00e4 influenssa-aaltoa koronapandemiaan, sill\u00e4 sairaalat ovat pyyt\u00e4neet vierailijoita k\u00e4ytt\u00e4m\u00e4\u00e4n maskia ja huolehtimaan k\u00e4sihygieniasta.<\/p>\n<p class=\"paragraph\">Samaan aikaan influenssa-aallon kanssa Yhdysvalloissa levi\u00e4v\u00e4t my\u00f6s oksennustauti, korona sek\u00e4 hinkuysk\u00e4.<\/p>\n<p>Rokotekriittinen terveysministeri<\/p>\n<p class=\"paragraph\">Tilannetta ei helpota Yhdysvaltain heikkenev\u00e4 rokotekattavuus.<\/p>\n<p class=\"paragraph\">Yhdysvaltalaisen <a href=\"https:\/\/www.washingtonpost.com\/health\/interactive\/2025\/measles-vaccine-schools-outbreaks-public-health\/\" target=\"_blank\" rel=\"noopener nofollow\">Washington Postin<\/a> mukaan esimerkiksi p\u00e4iv\u00e4koti-ik\u00e4isten lasten rokotuskattavuus  on romahtanut koronapandemiaa edelt\u00e4neest\u00e4 ajasta suuressa osassa Yhdysvaltoja.<\/p>\n<p>Yhdysvaltain terveysministeri Robert F. Kennedy Jr. on tunnettu rokotekriittisyydest\u00e4\u00e4n.  Jim LoScalzo &#8211; Pool via CNP \/ ME<\/p>\n<p class=\"paragraph\">Asiantuntijat uskovat, ett\u00e4 yh\u00e4 useampi lapsi j\u00e4tet\u00e4\u00e4n rokottamatta maan rokotevastaisen terveysministerin <a href=\"https:\/\/www.iltalehti.fi\/henkilot\/Robert F. Kennedy Jr\" class=\"article-link-person-page\" rel=\"nofollow noopener\" target=\"_blank\">Robert F. Kennedy jr:n<\/a> ajaman politiikan seurauksena.<\/p>\n<p class=\"paragraph\">Joulukuussa Kennedyn nimitt\u00e4m\u00e4 liittovaltion rokoteneuvottelukunta p\u00e4\u00e4tti poistaa suosituksen, jonka mukaan jokaiselle vastasyntyneelle tulisi antaa B-hepatiittirokote.<\/p>\n<p class=\"paragraph\">Rokoteohjelmaan saattaa tulla lis\u00e4\u00e4 muutoksia.<\/p>\n","protected":false},"excerpt":{"rendered":"Yhdysvalloissa levi\u00e4\u00e4 superinfluenssa, vatsatauti ja hinkuysk\u00e4. Superinfluenssa levi\u00e4\u00e4 Yhdysvalloissa. REUTERS Influenssatapaukset ovat lis\u00e4\u00e4ntyneet Yhdysvalloissa ennenn\u00e4kem\u00e4tt\u00f6m\u00e4ll\u00e4 tavalla, yhdysvaltalaismedia Axios&hellip;\n","protected":false},"author":2,"featured_media":130189,"comment_status":"","ping_status":"","sticky":false,"template":"","format":"standard","meta":{"footnotes":""},"categories":[14],"tags":[35,22,23,26,27,33,31,30,17,6314,766,24,25,28,29,15,18,21,768,32,767,19,20,56,16,769,59,60,61],"class_list":{"0":"post-130188","1":"post","2":"type-post","3":"status-publish","4":"format-standard","5":"has-post-thumbnail","7":"category-ulkomaat","8":"tag-24h","9":"tag-breaking-news","10":"tag-breakingnews","11":"tag-featured-news","12":"tag-featurednews","13":"tag-fi","14":"tag-finland","15":"tag-finnish","16":"tag-headlines","17":"tag-injektio-laaketiede","18":"tag-koronavirus","19":"tag-latest-news","20":"tag-latestnews","21":"tag-main-news","22":"tag-mainnews","23":"tag-news","24":"tag-otsikot","25":"tag-paauutiset","26":"tag-rokotteet","27":"tag-suomi","28":"tag-tartuntataudit","29":"tag-top-stories","30":"tag-topstories","31":"tag-ulkomaat","32":"tag-uutiset","33":"tag-virussairaudet","34":"tag-world","35":"tag-world-news","36":"tag-worldnews"},"share_on_mastodon":{"url":"","error":""},"_links":{"self":[{"href":"https:\/\/www.europesays.com\/fi\/wp-json\/wp\/v2\/posts\/130188","targetHints":{"allow":["GET"]}}],"collection":[{"href":"https:\/\/www.europesays.com\/fi\/wp-json\/wp\/v2\/posts"}],"about":[{"href":"https:\/\/www.europesays.com\/fi\/wp-json\/wp\/v2\/types\/post"}],"author":[{"embeddable":true,"href":"https:\/\/www.europesays.com\/fi\/wp-json\/wp\/v2\/users\/2"}],"replies":[{"embeddable":true,"href":"https:\/\/www.europesays.com\/fi\/wp-json\/wp\/v2\/comments?post=130188"}],"version-history":[{"count":0,"href":"https:\/\/www.europesays.com\/fi\/wp-json\/wp\/v2\/posts\/130188\/revisions"}],"wp:featuredmedia":[{"embeddable":true,"href":"https:\/\/www.europesays.com\/fi\/wp-json\/wp\/v2\/media\/130189"}],"wp:attachment":[{"href":"https:\/\/www.europesays.com\/fi\/wp-json\/wp\/v2\/media?parent=130188"}],"wp:term":[{"taxonomy":"category","embeddable":true,"href":"https:\/\/www.europesays.com\/fi\/wp-json\/wp\/v2\/categories?post=130188"},{"taxonomy":"post_tag","embeddable":true,"href":"https:\/\/www.europesays.com\/fi\/wp-json\/wp\/v2\/tags?post=130188"}],"curies":[{"name":"wp","href":"https:\/\/api.w.org\/{rel}","templated":true}]}}