{"id":130194,"date":"2025-12-31T21:50:09","date_gmt":"2025-12-31T21:50:09","guid":{"rendered":"https:\/\/www.europesays.com\/fi\/130194\/"},"modified":"2025-12-31T21:50:09","modified_gmt":"2025-12-31T21:50:09","slug":"britney-spears-julkaisi-jouluisen-kuvan-kuittailee-perheelleen","status":"publish","type":"post","link":"https:\/\/www.europesays.com\/fi\/130194\/","title":{"rendered":"Britney Spears julkaisi jouluisen kuvan \u2013 Kuittailee perheelleen"},"content":{"rendered":"<p>Britney Spears vietti t\u00e4n\u00e4 vuonna joulua Jayden-poikansa kanssa.<\/p>\n<p><img decoding=\"async\" class=\"image image-show image-preview\" src=\"https:\/\/www.europesays.com\/fi\/wp-content\/uploads\/2025\/09\/a60721edf56eb9c8e39b3d0d0a0f7c395326c8f197fbb90fa437b1eef7d56678.jpg\" alt=\"\"\/><img decoding=\"async\" class=\"image image-show\" src=\"https:\/\/www.europesays.com\/fi\/wp-content\/uploads\/2025\/09\/1757848269_343_a60721edf56eb9c8e39b3d0d0a0f7c395326c8f197fbb90fa437b1eef7d56678.jpg\" alt=\"\"\/><\/p>\n<p>Britney Spears vietti joulua poikansa kanssa. AOP<\/p>\n<p class=\"paragraph\">Popt\u00e4hti <a href=\"https:\/\/www.iltalehti.fi\/henkilot\/Britney Spears\" class=\"article-link-person-page\" rel=\"nofollow noopener\" target=\"_blank\">Britney Spears<\/a> on laukonut kovaa teksti\u00e4 perheest\u00e4\u00e4n Instagram-tilill\u00e4\u00e4n, kertoo <a href=\"https:\/\/www.mirror.co.uk\/3am\/celebrity-news\/britney-spears-slams-family-after-36467533\" rel=\"noopener nofollow\" target=\"_blank\">Mirror<\/a>.<\/p>\n<p class=\"paragraph\">Spears jakoi Mirrorin mukaan sunnuntaina Instagramissaan kuvan koristellusta joulukuusesta. Kuvan yhteyteen popt\u00e4hti kirjoitti sarkastisen tekstin, jonka h\u00e4n osoitti perheelleen.<\/p>\n<p class=\"paragraph\">\u2013 Hyv\u00e4\u00e4 my\u00f6h\u00e4ist\u00e4 joulua perheelleni, joka ei koskaan kohdellut minua ep\u00e4kunnioittavasti, vahingoittanut minua, tehnyt mit\u00e4\u00e4n t\u00e4ysin hyv\u00e4ksym\u00e4t\u00f6nt\u00e4 tai aiheuttanut uskomatonta traumaa, jota ei voi korjata, Spears kirjoitti.<\/p>\n<p class=\"paragraph\">Joulua 19-vuotiaan <strong>Jayden<\/strong>-poikansa kanssa viett\u00e4nyt Spears jatkoi teksti\u00e4\u00e4n sarkastiseen s\u00e4vyyn.<\/p>\n<p class=\"paragraph\">\u2013 Rakkaalle, suloiselle, viattomalle perheelleni&#8230; niin pahoillani, ett\u00e4 olin kiireinen jouluna, mutta n\u00e4ytt\u00e4ydyn ja yll\u00e4t\u00e4n teid\u00e4t pian&#8230; En malta odottaa, Spears kirjoitti.<\/p>\n<p class=\"paragraph\">Spears mainitsi tekstiss\u00e4\u00e4n my\u00f6s siskonsa <a href=\"https:\/\/www.iltalehti.fi\/henkilot\/Jamie Lynn Spears\" class=\"article-link-person-page\" rel=\"nofollow noopener\" target=\"_blank\">Jamie Lynn Spearsin<\/a> seitsem\u00e4nvuotiaan <strong>Ivey<\/strong>-tytt\u00e4ren.<\/p>\n<p class=\"paragraph\">\u2013 Hei kaunis Ivy. Haluan vain pit\u00e4\u00e4 sinua syliss\u00e4ni, rakkaani. Jumalan siunausta, yst\u00e4v\u00e4t, Spears kirjoitti.<\/p>\n<p class=\"paragraph\">Jos julkaisu ei n\u00e4y, voit katsoa sen <a href=\"https:\/\/www.instagram.com\/p\/DS00DlzgCA3\/\" rel=\"noopener nofollow\" target=\"_blank\">t\u00e4st\u00e4 linkist\u00e4<\/a>.<\/p>\n<p class=\"paragraph\"><a href=\"https:\/\/people.com\/britney-spears-celebrates-christmas-with-son-jayden-exclusive-source-11876510\" rel=\"noopener nofollow\" target=\"_blank\">People-lehden<\/a> mukaan Spearsilla oli mukavaa juhliessaan joulua poikansa Jaydenin kanssa. Samaan aikaan Spearsin toinen poika, Sean Preston, 20, vietti joulua t\u00e4tins\u00e4 Jamie Lynn Spearsin kanssa.<\/p>\n<p class=\"paragraph\">Britney Spearsin v\u00e4lit poikiinsa ovat olleet tapetilla, kun poikien is\u00e4 ja Spearsin ex-puoliso Kevin Federline esitti v\u00e4itteit\u00e4 popt\u00e4hdest\u00e4 syksyll\u00e4 ilmestyneess\u00e4 el\u00e4m\u00e4kerrassaan.<\/p>\n<p class=\"paragraph\">Federline v\u00e4itti kirjassaan muun muassa, ett\u00e4 Spears oli seissyt y\u00f6ll\u00e4 veitsi k\u00e4dess\u00e4\u00e4n valvomassa lastensa nukkumista. Federline kirjoittaa yhdess\u00e4 kirjan luvussa, kuinka pojat ilmoittivat teini-ik\u00e4isin\u00e4, etteiv\u00e4t halua palata \u00e4itins\u00e4 luo muun muassa vedoten pelkoon.<\/p>\n<p class=\"paragraph\">Spears vastasi ex-puolisonsa v\u00e4itteisiin pitk\u00e4ss\u00e4 X-julkaisussa.<\/p>\n<p class=\"paragraph\">\u2013 Olen aina anellut ja huutanut saadakseni el\u00e4m\u00e4n poikieni kanssa, Spears kirjoitti.<\/p>\n<p class=\"paragraph\">\u2013 Olen tuntenut oloni lannistuneeksi tilanteen takia ja aina pyyt\u00e4nyt ja melkein rukoillut, ett\u00e4 he olisivat osa el\u00e4m\u00e4\u00e4ni, h\u00e4n jatkoi.<\/p>\n<p><script async src=\"\/\/www.instagram.com\/embed.js\"><\/script><\/p>\n","protected":false},"excerpt":{"rendered":"Britney Spears vietti t\u00e4n\u00e4 vuonna joulua Jayden-poikansa kanssa. Britney Spears vietti joulua poikansa kanssa. AOP Popt\u00e4hti Britney Spears&hellip;\n","protected":false},"author":2,"featured_media":63506,"comment_status":"","ping_status":"","sticky":false,"template":"","format":"standard","meta":{"footnotes":""},"categories":[136],"tags":[35,407,137,33,31,30,101,408,99,100,47,98,32,109],"class_list":{"0":"post-130194","1":"post","2":"type-post","3":"status-publish","4":"format-standard","5":"has-post-thumbnail","7":"category-julkkikset","8":"tag-24h","9":"tag-celebrities","10":"tag-entertainment","11":"tag-fi","12":"tag-finland","13":"tag-finnish","14":"tag-ihmissuhteet","15":"tag-julkkikset","16":"tag-lapset","17":"tag-lapset-ja-nuoret","18":"tag-musiikki","19":"tag-perhe","20":"tag-suomi","21":"tag-viihde"},"share_on_mastodon":{"url":"https:\/\/pubeurope.com\/@fi\/115816393806387901","error":""},"_links":{"self":[{"href":"https:\/\/www.europesays.com\/fi\/wp-json\/wp\/v2\/posts\/130194","targetHints":{"allow":["GET"]}}],"collection":[{"href":"https:\/\/www.europesays.com\/fi\/wp-json\/wp\/v2\/posts"}],"about":[{"href":"https:\/\/www.europesays.com\/fi\/wp-json\/wp\/v2\/types\/post"}],"author":[{"embeddable":true,"href":"https:\/\/www.europesays.com\/fi\/wp-json\/wp\/v2\/users\/2"}],"replies":[{"embeddable":true,"href":"https:\/\/www.europesays.com\/fi\/wp-json\/wp\/v2\/comments?post=130194"}],"version-history":[{"count":0,"href":"https:\/\/www.europesays.com\/fi\/wp-json\/wp\/v2\/posts\/130194\/revisions"}],"wp:featuredmedia":[{"embeddable":true,"href":"https:\/\/www.europesays.com\/fi\/wp-json\/wp\/v2\/media\/63506"}],"wp:attachment":[{"href":"https:\/\/www.europesays.com\/fi\/wp-json\/wp\/v2\/media?parent=130194"}],"wp:term":[{"taxonomy":"category","embeddable":true,"href":"https:\/\/www.europesays.com\/fi\/wp-json\/wp\/v2\/categories?post=130194"},{"taxonomy":"post_tag","embeddable":true,"href":"https:\/\/www.europesays.com\/fi\/wp-json\/wp\/v2\/tags?post=130194"}],"curies":[{"name":"wp","href":"https:\/\/api.w.org\/{rel}","templated":true}]}}