{"id":130203,"date":"2025-12-31T22:03:09","date_gmt":"2025-12-31T22:03:09","guid":{"rendered":"https:\/\/www.europesays.com\/fi\/130203\/"},"modified":"2025-12-31T22:03:09","modified_gmt":"2025-12-31T22:03:09","slug":"kuumaa-yhtye-laski-suomen-uuteen-vuoteen-katso-ylen-juhlalahetys-suorana-taalta-kotimaa","status":"publish","type":"post","link":"https:\/\/www.europesays.com\/fi\/130203\/","title":{"rendered":"Kuumaa-yhtye laski Suomen uuteen vuoteen! Katso Ylen juhlal\u00e4hetys suorana t\u00e4\u00e4lt\u00e4 | Kotimaa"},"content":{"rendered":"<p class=\"aw-1gybjub aw-5vja16 kEtdKx kmuxyA yle__article__paragraph\">Vuosi vaihtuu -juhlassa esiintyv\u00e4t muun muassa Kuumaa, Goldielocks ja Ege Zulu. <\/p>\n<p>Uusi vuosi otetaan vastaan Oulussa. Voit katsoa suoraa l\u00e4hetyst\u00e4 kello 22.40 alkaen.<\/p>\n<p>31.12. 20:00\u2022P\u00e4ivitetty 31.12. 23:44<\/p>\n<p class=\"aw-1gybjub aw-1p7kakr kEtdKx cEmitX yle__article__paragraph\">Suomalaiset p\u00e4\u00e4sev\u00e4t t\u00e4n\u00e4 iltana seuraamaan vuoden vaihtumista Oulussa j\u00e4rjestett\u00e4v\u00e4ss\u00e4 Vuosi vaihtuu -tapahtumassa.<\/p>\n<p class=\"aw-1gybjub aw-1p7kakr kEtdKx cEmitX yle__article__paragraph\">Voit seurata suoraa l\u00e4hetyst\u00e4 t\u00e4ss\u00e4 p\u00e4ivittyv\u00e4ss\u00e4 artikkelissa kello 22.40 alkaen. Tapahtumaa voi kuunnella my\u00f6s Radio Suomen taajuuksilta.<\/p>\n<p class=\"aw-1gybjub aw-1p7kakr kEtdKx cEmitX yle__article__paragraph\">Vuosi vaihtuu -juhlassa esiintyv\u00e4t Kuumaa, <strong class=\"aw-ak79eh KyCXm yle__article__strong\">Pehmoaino<\/strong>, <strong class=\"aw-ak79eh KyCXm yle__article__strong\">Hokka<\/strong>, <strong class=\"aw-ak79eh KyCXm yle__article__strong\">Bess<\/strong>, <strong class=\"aw-ak79eh KyCXm yle__article__strong\">Goldielocks<\/strong>, <strong class=\"aw-ak79eh KyCXm yle__article__strong\">Suvi Ter\u00e4sniska<\/strong> ja <strong class=\"aw-ak79eh KyCXm yle__article__strong\">Ege Zulu<\/strong>.<\/p>\n<p class=\"aw-1gybjub aw-1p7kakr kEtdKx cEmitX yle__article__paragraph\">\u2013 V\u00e4h\u00e4n j\u00e4nnitt\u00e4\u00e4. Tiedostamme, ett\u00e4 meill\u00e4 on isot saappaat, kun saamme saatella katsojat uuteen vuoteen, Kuumaa-yhtyeen <strong class=\"aw-ak79eh KyCXm yle__article__strong\">Johannes Brotherus<\/strong> kommentoi Ylelle juhlan alla.<\/p>\n<p class=\"aw-1gybjub aw-1p7kakr kEtdKx cEmitX yle__article__paragraph\">Juhla on samalla Oulun kulttuurip\u00e4\u00e4kaupunkivuoden ensimm\u00e4inen tapahtuma. Aiempina vuosina Yle on n\u00e4ytt\u00e4nyt uudenvuoden juhlallisuuksia Helsingist\u00e4.<\/p>\n<p class=\"aw-1gybjub aw-1p7kakr kEtdKx cEmitX yle__article__paragraph\">Pehmoainona tunnettu <strong class=\"aw-ak79eh KyCXm yle__article__strong\">Aino Morko<\/strong> toivoo, ett\u00e4 kulttuurip\u00e4\u00e4kaupunkivuosi tuo nostetta Oulun taiteilijoille. Morko on itsekin l\u00e4ht\u00f6isin Oulusta.<\/p>\n<p class=\"aw-1gybjub aw-1p7kakr kEtdKx cEmitX yle__article__paragraph\">\u2013 On hienoa, ett\u00e4 t\u00e4\u00e4ll\u00e4 on actionia. Toivon t\u00e4nne lis\u00e4\u00e4 actionia. Toivon, ett\u00e4 kulttuurip\u00e4\u00e4kaupunki mahdollistaa oululaisille taiteilijoille taiteen esiintuomista ja ett\u00e4 sit\u00e4 tuetaan, h\u00e4n sanoo.<\/p>\n<p>Rauhaa ja rakkautta<\/p>\n<p class=\"aw-1gybjub aw-1p7kakr kEtdKx cEmitX yle__article__paragraph\">Ouluhalli alkoi t\u00e4ytty\u00e4 vieraista noin kaksi tuntia ennen tapahtuman alkua.<\/p>\n<p class=\"aw-1gybjub aw-1p7kakr kEtdKx cEmitX yle__article__paragraph\">Koulutuskuntayhtym\u00e4 Osaon opiskelijat tekiv\u00e4t halukkaille ilmaisia kasvoglittereit\u00e4.<\/p>\n<p class=\"aw-1gybjub aw-1p7kakr kEtdKx cEmitX yle__article__paragraph\">Varhain paikalle saapuneet <strong class=\"aw-ak79eh KyCXm yle__article__strong\">Susanna Siu<\/strong> ja <strong class=\"aw-ak79eh KyCXm yle__article__strong\">Helka Jylh\u00e4<\/strong> kertoivat odottavansa illalta eniten Pehmoainon keikkaa.<\/p>\n<p><img decoding=\"async\" alt=\"Kaksi nuorta naista poseeraa kameraan. \" src=\"https:\/\/www.europesays.com\/fi\/wp-content\/uploads\/2025\/12\/39-15761866955849815c63.jpeg\" loading=\"lazy\" class=\"aw-1l9m598 hKVVvP\"\/><\/p>\n<p>Avaa kuvien katselu<\/p>\n<p>Oululaiset Susanna Siu ja Helka Jylh\u00e4 saapuivat tapahtumapaikalle hyviss\u00e4 ajoin ennen ohjelman alkua. Kuva: Rami Moilanen \/ Yle<\/p>\n<p class=\"aw-1gybjub aw-1p7kakr kEtdKx cEmitX yle__article__paragraph\">Tulevalta vuodelta nuoret naiset puolestaan toivovat rauhaa.<\/p>\n<p class=\"aw-1gybjub aw-1p7kakr kEtdKx cEmitX yle__article__paragraph\">\u2013 Kaikkea hyv\u00e4\u00e4 el\u00e4m\u00e4lle ja ymp\u00e4rist\u00f6lle, ja ett\u00e4 sodat loppuvat, Siu sanoo.<\/p>\n<p class=\"aw-1gybjub aw-1p7kakr kEtdKx cEmitX yle__article__paragraph\">\u2013 Ja rakkautta, t\u00e4ydent\u00e4\u00e4 Jylh\u00e4.<\/p>\n<p><img decoding=\"async\" alt=\"Nuori mies katsoo kameraan.\" src=\"https:\/\/www.europesays.com\/fi\/wp-content\/uploads\/2025\/12\/39-1576188695587dd5befd.jpeg\" loading=\"lazy\" class=\"aw-1l9m598 hKVVvP\"\/><\/p>\n<p>Avaa kuvien katselu<\/p>\n<p>Jere Hyrk\u00e4s saapui Ouluhallille katsomaan Kuumaa-yhtyett\u00e4. Kuva: Rami Moilanen \/ Yle<\/p>\n<p class=\"aw-1gybjub aw-1p7kakr kEtdKx cEmitX yle__article__paragraph\">Kuumaa-yhtyeen faniksi tunnustautuva <strong class=\"aw-ak79eh KyCXm yle__article__strong\">Jere Hyrk\u00e4s<\/strong> kertoo odottavansa, mit\u00e4 Oulun kulttuurip\u00e4\u00e4kaupunkivuosi tuo tullessaan.<\/p>\n<p class=\"aw-1gybjub aw-1p7kakr kEtdKx cEmitX yle__article__paragraph\">\u2013 Odotan innolla mit\u00e4 t\u00e4\u00e4ll\u00e4 tapahtuu ensi vuonna.<\/p>\n<p class=\"aw-1gybjub aw-1p7kakr kEtdKx cEmitX yle__article__paragraph\"><strong class=\"aw-ak79eh KyCXm yle__article__strong\">Katso videolta, mit\u00e4 Suomen ykk\u00f6sartistit toivovat vuodelta 2026:<\/strong><\/p>\n<p class=\"aw-1gybjub aw-1p7kakr kEtdKx cEmitX yle__article__paragraph\">P\u00e4ivit\u00e4mme juttua.<\/p>\n","protected":false},"excerpt":{"rendered":"Vuosi vaihtuu -juhlassa esiintyv\u00e4t muun muassa Kuumaa, Goldielocks ja Ege Zulu. Uusi vuosi otetaan vastaan Oulussa. Voit katsoa&hellip;\n","protected":false},"author":2,"featured_media":130204,"comment_status":"","ping_status":"","sticky":false,"template":"","format":"standard","meta":{"footnotes":""},"categories":[12],"tags":[22,23,26,27,33,31,30,17,564,71,24,25,28,29,47,15,18,952,21,728,32,1667,19,20,22485,16,23095],"class_list":{"0":"post-130203","1":"post","2":"type-post","3":"status-publish","4":"format-standard","5":"has-post-thumbnail","7":"category-suomi","8":"tag-breaking-news","9":"tag-breakingnews","10":"tag-featured-news","11":"tag-featurednews","12":"tag-fi","13":"tag-finland","14":"tag-finnish","15":"tag-headlines","16":"tag-juhlat","17":"tag-kotimaa","18":"tag-latest-news","19":"tag-latestnews","20":"tag-main-news","21":"tag-mainnews","22":"tag-musiikki","23":"tag-news","24":"tag-otsikot","25":"tag-oulu","26":"tag-paauutiset","27":"tag-pohjois-pohjanmaa","28":"tag-suomi","29":"tag-tapahtumat","30":"tag-top-stories","31":"tag-topstories","32":"tag-uusivuosi","33":"tag-uutiset","34":"tag-vuosi-vaihtuu"},"share_on_mastodon":{"url":"https:\/\/pubeurope.com\/@fi\/115816444939677533","error":""},"_links":{"self":[{"href":"https:\/\/www.europesays.com\/fi\/wp-json\/wp\/v2\/posts\/130203","targetHints":{"allow":["GET"]}}],"collection":[{"href":"https:\/\/www.europesays.com\/fi\/wp-json\/wp\/v2\/posts"}],"about":[{"href":"https:\/\/www.europesays.com\/fi\/wp-json\/wp\/v2\/types\/post"}],"author":[{"embeddable":true,"href":"https:\/\/www.europesays.com\/fi\/wp-json\/wp\/v2\/users\/2"}],"replies":[{"embeddable":true,"href":"https:\/\/www.europesays.com\/fi\/wp-json\/wp\/v2\/comments?post=130203"}],"version-history":[{"count":0,"href":"https:\/\/www.europesays.com\/fi\/wp-json\/wp\/v2\/posts\/130203\/revisions"}],"wp:featuredmedia":[{"embeddable":true,"href":"https:\/\/www.europesays.com\/fi\/wp-json\/wp\/v2\/media\/130204"}],"wp:attachment":[{"href":"https:\/\/www.europesays.com\/fi\/wp-json\/wp\/v2\/media?parent=130203"}],"wp:term":[{"taxonomy":"category","embeddable":true,"href":"https:\/\/www.europesays.com\/fi\/wp-json\/wp\/v2\/categories?post=130203"},{"taxonomy":"post_tag","embeddable":true,"href":"https:\/\/www.europesays.com\/fi\/wp-json\/wp\/v2\/tags?post=130203"}],"curies":[{"name":"wp","href":"https:\/\/api.w.org\/{rel}","templated":true}]}}