{"id":13021,"date":"2025-08-22T10:15:09","date_gmt":"2025-08-22T10:15:09","guid":{"rendered":"https:\/\/www.europesays.com\/fi\/13021\/"},"modified":"2025-08-22T10:15:09","modified_gmt":"2025-08-22T10:15:09","slug":"erankavijat-tahti-aija-lenkkeili-yksin-somessa-roihahti-kuhina","status":"publish","type":"post","link":"https:\/\/www.europesays.com\/fi\/13021\/","title":{"rendered":"Er\u00e4nk\u00e4vij\u00e4t-t\u00e4hti \u00c4ij\u00e4 lenkkeili yksin \u2013 somessa roihahti kuhina"},"content":{"rendered":"<p>\n            20221213, Kilpisj\u00e4rvi. Aki Huhtanen ja \u00c4ij\u00e4-koira Kilpisj\u00e4rvell\u00e4.<br \/>\n            TIMO KORHONEN\n        <\/p>\n<p class=\"subtitle \">Huolestunut somettaja ei tunnistanut julkkiskoiraa.<\/p>\n<p class=\"article-content article-content-width !bg-background\">Ylen Er\u00e4nk\u00e4vij\u00e4t-sarjasta tutut  ja h\u00e4nen koiransa \u00c4ij\u00e4 ovat olleet sarjan suosikkeja jo useiden tuotantokausien ajan.<\/p>\n<p class=\"font-weight-bold m-font-weight-bold article-content article-content-width !bg-background\">Katso arkistovideo \u2013 Aki ja \u00c4ij\u00e4-koira Kilpisj\u00e4rven tunturissa:<\/p>\n<p class=\"article-content article-content-width !bg-background\">Katsojien syd\u00e4met sulattanut suomenlapinkoira\u00a0on seikkaillut Akin rinnalla Kilpisj\u00e4rven ja K\u00e4sivarren Lapin er\u00e4maissa.\u00a0Kilpisj\u00e4rvel\u00e4inen Aki on ollut mukana sarjassa jo sen ensimm\u00e4isest\u00e4 kaudesta l\u00e4htien.<\/p>\n<p>&#8221;Pyysitk\u00f6 nimmarin?&#8221;<\/p>\n<p class=\"article-content article-content-width !bg-background\">Kilpisj\u00e4rven julkisessa <a href=\"https:\/\/www.facebook.com\/groups\/93256592416\/\" target=\"_blank\" rel=\"nofollow noopener\">Facebook-ryhm\u00e4ss\u00e4<\/a> er\u00e4s huolestunut henkil\u00f6 julkaisi eilen (21.8.) kuvan \u00c4ij\u00e4st\u00e4, joka jolkottelee pitkin kyl\u00e4n raittia.<\/p>\n<p class=\"article-content article-content-width !bg-background\">\u2013 T\u00e4llainen tuli vastaan Saivaara m\u00f6kkien kohdalla jos joku tuntee, kirjoittaa er\u00e4s <a href=\"https:\/\/www.facebook.com\/share\/p\/1C9pm9x7EY\/?mibextid=wwXIfr\" target=\"_blank\" rel=\"nofollow noopener\">Facebook-julkaisussa<\/a>.<\/p>\n<p>        <a itemprop=\"url\" href=\"https:\/\/www.seiska.fi\/katso\/vaarallinen-tilanne-tvssa-aija-koiran-vieraat-myrskyn-silmassa\/1791897\" rel=\"nofollow noopener\" target=\"_blank\"><\/p>\n<p>\nVaaratilanne tv:ss\u00e4\n<\/p>\n<p class=\"section-date\">\n        <strong class=\"article-section\" data-section=\"katso\"><br \/>\n            katso<br \/>\n        <\/strong><br \/>\n        1.6. 07:15\n    <\/p>\n<p>    Vaarallinen tilanne tv:ss\u00e4 \u2013 \u00c4ij\u00e4-koiran vieraat myrskyn silm\u00e4ss\u00e4<\/p>\n<p itemprop=\"description\" class=\"subtitle \">\n    Ylen Er\u00e4nk\u00e4vij\u00e4t: \u00c4ij\u00e4n retket -ohjelmassa vierailevat Tommi Manninen ja Rane-koira p\u00e4\u00e4tyv\u00e4t y\u00f6pym\u00e4\u00e4n hurjissa olosuhteissa.\n<\/p>\n<p>        <\/a><\/p>\n<p class=\"article-content article-content-width !bg-background\">Julkaisu ker\u00e4si lukuisia huvittuneita kommentteja, sill\u00e4 Kilpisj\u00e4rvell\u00e4 asusteleva \u00c4ij\u00e4 on koko kansan tuntema julkkiskoira ja tuttu n\u00e4ky siell\u00e4 asuville.<\/p>\n<p class=\"article-content article-content-width !bg-background\">\u2013\u00a0\u00c4ij\u00e4 siell\u00e4 kattelemassa vaan b\u00f6\u00f6ni\u00e4 nou h\u00e4t\u00e4, kirjoittaa yksi.<\/p>\n<p class=\"article-content article-content-width !bg-background\">\u2013\u00a0Koko Suomi tuntee. Pyysitk\u00f6 nimmarin? Kyselee toinen.<\/p>\n<p class=\"article-content article-content-width !bg-background\">\u2013\u00a0\u00c4ij\u00e4 se on, 50 metri\u00e4 kotiin, tiet\u00e4\u00e4 kolmas.<\/p>\n<p>        <a itemprop=\"url\" href=\"https:\/\/www.seiska.fi\/katso\/shirly-karvisen-lapin-reissu-paattyi-pettymykseen\/1828996\" rel=\"nofollow noopener\" target=\"_blank\"><\/p>\n<p>\nShirly Karvinen\n<\/p>\n<p class=\"section-date\">\n        <strong class=\"article-section\" data-section=\"katso\"><br \/>\n            katso<br \/>\n        <\/strong><br \/>\n        8.6. 07:15\n    <\/p>\n<p>    Shirly Karvisen Lapin reissu p\u00e4\u00e4ttyi pettymykseen<\/p>\n<p itemprop=\"description\" class=\"subtitle \">\n    Shirly Karvinen vierailee Pena-koiransa kanssa Er\u00e4nk\u00e4vij\u00e4t: \u00c4ij\u00e4n retket -sarjassa.\n<\/p>\n<p>        <\/a><\/p>\n<p>                <img decoding=\"async\" src=\"https:\/\/www.europesays.com\/fi\/wp-content\/uploads\/2025\/08\/1907576.webp\" width=\"576\" height=\"322\" alt=\"Aki ja \u00c4ij\u00e4 ovat katsojien kestosuosikkeja.\" loading=\"lazy\" \/>            <\/p>\n<p>\n            Aki ja \u00c4ij\u00e4 ovat katsojien kestosuosikkeja.<br \/>\n            TIMO KORHONEN\n        <\/p>\n<p>Aki vastasi\u00a0<\/p>\n<p class=\"article-content article-content-width !bg-background\">Aki vastasi julkaisuun videolla, jossa h\u00e4n ihmettelee \u00e4\u00e4neen, minne \u00c4ij\u00e4 on kadonnut. H\u00e4n k\u00e4velee eteiseen ja avaa ulko-oven, jonka takana nappisilm\u00e4inen \u00c4ij\u00e4 seisoo.<\/p>\n<p class=\"article-content article-content-width !bg-background\">\u2013 T\u00e4\u00e4ll\u00e4h\u00e4n se on, sinusta oli kuulemma kuva somessa, ett\u00e4 oot karkuteill\u00e4. K\u00e4vitk\u00f6 vaan kyl\u00e4n gimmoja kattelemassa? Aki kysyy lempe\u00e4sti koiraltaan, joka tepastelee sis\u00e4lle.<\/p>\n<p class=\"article-content article-content-width !bg-background\">Akin julkaisemalla videolla on l\u00e4hes tuhat tykk\u00e4yst\u00e4.<\/p>\n<p>                <img decoding=\"async\" src=\"https:\/\/www.europesays.com\/fi\/wp-content\/uploads\/2025\/08\/1907575.webp\" width=\"576\" height=\"322\" alt=\"\u00c4ij\u00e4 t\u00e4ytti elokuussa 11 vuotta.\" loading=\"lazy\" \/>            <\/p>\n<p>\n            \u00c4ij\u00e4 t\u00e4ytti elokuussa 11 vuotta.<br \/>\n            TIMO KORHONEN\n        <\/p>\n<p>Venla-gaalan t\u00e4hti<\/p>\n<p class=\"article-content article-content-width !bg-background\">\u00c4ij\u00e4-koira on kohonnut suorastaan Er\u00e4nk\u00e4vij\u00e4t-sarjan ikoniksi, ja sill\u00e4 on valtava fanijoukko eri puolilla Suomea.<\/p>\n<p class=\"article-content article-content-width !bg-background\">11-vuotiaalla seniorikoiralla ja Akilla on yhteinen Instagram-tili, jolla on huimat liki 70 000 seuraajaa.\u00a0Aki kertoi viime vuonna \u00c4ij\u00e4n sairastavan diabetesta, jota hoidetaan l\u00e4\u00e4kityksell\u00e4 sek\u00e4 erikoisruokavaliolla.<\/p>\n<p>        <a itemprop=\"url\" href=\"https:\/\/www.seiska.fi\/katso\/erakavijat-aki-huhtasen-aikuinen-tytar-astui-julkisuuteen-harvinainen-tv-esiintyminen\/1552128\" rel=\"nofollow noopener\" target=\"_blank\"><\/p>\n<p class=\"section-date\">\n        <strong class=\"article-section\" data-section=\"katso\"><br \/>\n            katso<br \/>\n        <\/strong><br \/>\n        13.12.2024 16:15\n    <\/p>\n<p>    Er\u00e4k\u00e4vij\u00e4t -Aki Huhtasen aikuinen tyt\u00e4r astui julkisuuteen \u2013 harvinainen tv-esiintyminen<\/p>\n<p itemprop=\"description\" class=\"subtitle \">\n    Er\u00e4nk\u00e4vij\u00f6iden yhdeks\u00e4nnell\u00e4 kaudella n\u00e4hd\u00e4\u00e4n yll\u00e4tysesiintyj\u00e4, Aki Huhtasen tyt\u00e4r Adela.\n<\/p>\n<p>        <\/a><\/p>\n<p class=\"article-content article-content-width !bg-background\">Vuonna 2017 \u00c4ij\u00e4 osallistui Venla-palkintogaalaan yhdess\u00e4 Akin ja sarjan tuottaja  kanssa vastaanottamaan palkinnon parhaasta TV-ohjelmasta.<\/p>\n","protected":false},"excerpt":{"rendered":"20221213, Kilpisj\u00e4rvi. Aki Huhtanen ja \u00c4ij\u00e4-koira Kilpisj\u00e4rvell\u00e4. TIMO KORHONEN Huolestunut somettaja ei tunnistanut julkkiskoiraa. Ylen Er\u00e4nk\u00e4vij\u00e4t-sarjasta tutut ja&hellip;\n","protected":false},"author":2,"featured_media":13022,"comment_status":"","ping_status":"","sticky":false,"template":"","format":"standard","meta":{"footnotes":""},"categories":[136],"tags":[5423,5425,5427,407,137,5428,1752,33,31,30,408,5424,32,5426,109],"class_list":{"0":"post-13021","1":"post","2":"type-post","3":"status-publish","4":"format-standard","5":"has-post-thumbnail","7":"category-julkkikset","8":"tag-aija","9":"tag-aija-koira","10":"tag-aki-huhtanen","11":"tag-celebrities","12":"tag-entertainment","13":"tag-erankavijat","14":"tag-facebook","15":"tag-fi","16":"tag-finland","17":"tag-finnish","18":"tag-julkkikset","19":"tag-kilpisjarvi","20":"tag-suomi","21":"tag-venla-gaala","22":"tag-viihde"},"share_on_mastodon":{"url":"","error":""},"_links":{"self":[{"href":"https:\/\/www.europesays.com\/fi\/wp-json\/wp\/v2\/posts\/13021","targetHints":{"allow":["GET"]}}],"collection":[{"href":"https:\/\/www.europesays.com\/fi\/wp-json\/wp\/v2\/posts"}],"about":[{"href":"https:\/\/www.europesays.com\/fi\/wp-json\/wp\/v2\/types\/post"}],"author":[{"embeddable":true,"href":"https:\/\/www.europesays.com\/fi\/wp-json\/wp\/v2\/users\/2"}],"replies":[{"embeddable":true,"href":"https:\/\/www.europesays.com\/fi\/wp-json\/wp\/v2\/comments?post=13021"}],"version-history":[{"count":0,"href":"https:\/\/www.europesays.com\/fi\/wp-json\/wp\/v2\/posts\/13021\/revisions"}],"wp:featuredmedia":[{"embeddable":true,"href":"https:\/\/www.europesays.com\/fi\/wp-json\/wp\/v2\/media\/13022"}],"wp:attachment":[{"href":"https:\/\/www.europesays.com\/fi\/wp-json\/wp\/v2\/media?parent=13021"}],"wp:term":[{"taxonomy":"category","embeddable":true,"href":"https:\/\/www.europesays.com\/fi\/wp-json\/wp\/v2\/categories?post=13021"},{"taxonomy":"post_tag","embeddable":true,"href":"https:\/\/www.europesays.com\/fi\/wp-json\/wp\/v2\/tags?post=13021"}],"curies":[{"name":"wp","href":"https:\/\/api.w.org\/{rel}","templated":true}]}}