{"id":130215,"date":"2025-12-31T22:28:08","date_gmt":"2025-12-31T22:28:08","guid":{"rendered":"https:\/\/www.europesays.com\/fi\/130215\/"},"modified":"2025-12-31T22:28:08","modified_gmt":"2025-12-31T22:28:08","slug":"trump-kansalliskaartin-joukot-vedetaan-pois-chicagosta-los-angelesista-ja-portlandista-uutisia-lyhyesti","status":"publish","type":"post","link":"https:\/\/www.europesays.com\/fi\/130215\/","title":{"rendered":"Trump: Kansallis\u00adkaartin joukot vedet\u00e4\u00e4n pois Chicagosta, Los Angelesista ja Portlandista | Uutisia lyhyesti"},"content":{"rendered":"<p class=\"aw-1gybjub aw-5vja16 kEtdKx kmuxyA yle__article__paragraph\">Viime viikolla Yhdysvaltain korkein oikeus linjasi, ett\u00e4 Kansallis\u00adkaartin joukkojen l\u00e4hett\u00e4minen Chicagoon ei ollut oikeutettua.<\/p>\n<p><img decoding=\"async\" alt=\"Maastopukuun pukeutuneita kansalliskaartin joukkoja seisoo riviss\u00e4 k\u00e4siss\u00e4\u00e4n l\u00e4pin\u00e4kyv\u00e4t mellakkakilvet ja pamput.\" src=\"https:\/\/www.europesays.com\/fi\/wp-content\/uploads\/2025\/12\/39-15762106955977b008f7.jpeg\" class=\"aw-1l9m598 hKVVvP\"\/><\/p>\n<p>Avaa kuvien katselu<\/p>\n<p>Kansalliskaartin joukkoja vartioimassa Yhdysvaltain liittovaltion hallintorakennusta Los Angelesissa kes\u00e4kuussa 2025. Kuva: Patrick T. Fallon \/ AFP<\/p>\n<p>31.12. 23:11\u2022P\u00e4ivitetty 31.12. 23:44<\/p>\n<p class=\"aw-1gybjub aw-1p7kakr kEtdKx cEmitX yle__article__paragraph\">Yhdysvalloissa kansalliskaartin joukot vet\u00e4ytyv\u00e4t Chicagon, Los Angelesin ja Portlandin suurkaupungeista. Asiasta kertoo Yhdysvaltain presidentti <strong class=\"aw-ak79eh KyCXm yle__article__strong\">Donald Trump<\/strong> sosiaalisen median julkaisussaan.<\/p>\n<p class=\"aw-1gybjub aw-1p7kakr kEtdKx cEmitX yle__article__paragraph\">Trumpin mukaan ratkaisu ei v\u00e4ltt\u00e4m\u00e4tt\u00e4 ole pysyv\u00e4. H\u00e4n kuitenkin v\u00e4itti, ett\u00e4 rikollisuus on v\u00e4hentynyt huomattavasti kyseisiss\u00e4 kaupungeissa ja ett\u00e4 t\u00e4m\u00e4 on ainoa syy, miksi kansalliskaartin joukot vedet\u00e4\u00e4n pois.<\/p>\n<p class=\"aw-1gybjub aw-1p7kakr kEtdKx cEmitX yle__article__paragraph\">\u2013 Me tulemme viel\u00e4 takaisin, ehk\u00e4p\u00e4 erilaisella ja paljon voimakkaammassa muodossa, kun rikollisuus j\u00e4lleen lis\u00e4\u00e4ntyy, Trump sanoi.<\/p>\n<p class=\"aw-1gybjub aw-1p7kakr kEtdKx cEmitX yle__article__paragraph\">\u2013 On vain ajan kysymys, Trump lis\u00e4si.<\/p>\n<p class=\"aw-1gybjub aw-1p7kakr kEtdKx cEmitX yle__article__paragraph\">Trump l\u00e4hetti joukkoja kolmeen demokraattien hallitsemaan suurkaupunkiin vedoten siihen, ett\u00e4 kyseess\u00e4 oli laittoman maahanmuuton ja rikollisuuden kitkeminen.<\/p>\n<p class=\"aw-1gybjub aw-1p7kakr kEtdKx cEmitX yle__article__paragraph\">Paikalliset johtajat tuomitsivat Trumpin toimet autoritaarisena vallank\u00e4ytt\u00f6n\u00e4 ja he aloittivat joukon oikeushaasteita Trumpin hallintoa vastaan.<\/p>\n<p class=\"aw-1gybjub aw-1p7kakr kEtdKx cEmitX yle__article__paragraph\">Viime viikolla Yhdysvaltain korkein oikeus lopulta linjasi, ett\u00e4 joukkojen l\u00e4hett\u00e4minen Chicagoon ei ollut oikeutettua. Noin kolme viikkoa sitten liittovaltion tuomari vuorostaan linjasi, ett\u00e4 kansalliskaartin k\u00e4ytt\u00f6 t\u00e4ytyy lopettaa Los Angelesissa ja joukkojen hallinta on palautettava osavaltiolle.<\/p>\n<p class=\"aw-1gybjub aw-1p7kakr kEtdKx cEmitX yle__article__paragraph\">L\u00e4hteet: Reuters, AFP<\/p>\n","protected":false},"excerpt":{"rendered":"Viime viikolla Yhdysvaltain korkein oikeus linjasi, ett\u00e4 Kansallis\u00adkaartin joukkojen l\u00e4hett\u00e4minen Chicagoon ei ollut oikeutettua. Avaa kuvien katselu Kansalliskaartin&hellip;\n","protected":false},"author":2,"featured_media":130216,"comment_status":"","ping_status":"","sticky":false,"template":"","format":"standard","meta":{"footnotes":""},"categories":[14],"tags":[22,23,5860,585,26,27,33,31,30,17,635,24,25,4343,28,29,15,18,21,12006,6811,32,19,20,56,16,59,60,61,619,5316,1867],"class_list":{"0":"post-130215","1":"post","2":"type-post","3":"status-publish","4":"format-standard","5":"has-post-thumbnail","7":"category-ulkomaat","8":"tag-breaking-news","9":"tag-breakingnews","10":"tag-chicago","11":"tag-donald-trump","12":"tag-featured-news","13":"tag-featurednews","14":"tag-fi","15":"tag-finland","16":"tag-finnish","17":"tag-headlines","18":"tag-kansalliskaarti","19":"tag-latest-news","20":"tag-latestnews","21":"tag-los-angeles","22":"tag-main-news","23":"tag-mainnews","24":"tag-news","25":"tag-otsikot","26":"tag-paauutiset","27":"tag-portland","28":"tag-presidentti-trumpin-hallinto","29":"tag-suomi","30":"tag-top-stories","31":"tag-topstories","32":"tag-ulkomaat","33":"tag-uutiset","34":"tag-world","35":"tag-world-news","36":"tag-worldnews","37":"tag-yhdysvallat","38":"tag-yhdysvaltain-kansalliskaarti","39":"tag-yhdysvaltojen-politiikka"},"share_on_mastodon":{"url":"","error":"Validation failed: Text character limit of 500 exceeded"},"_links":{"self":[{"href":"https:\/\/www.europesays.com\/fi\/wp-json\/wp\/v2\/posts\/130215","targetHints":{"allow":["GET"]}}],"collection":[{"href":"https:\/\/www.europesays.com\/fi\/wp-json\/wp\/v2\/posts"}],"about":[{"href":"https:\/\/www.europesays.com\/fi\/wp-json\/wp\/v2\/types\/post"}],"author":[{"embeddable":true,"href":"https:\/\/www.europesays.com\/fi\/wp-json\/wp\/v2\/users\/2"}],"replies":[{"embeddable":true,"href":"https:\/\/www.europesays.com\/fi\/wp-json\/wp\/v2\/comments?post=130215"}],"version-history":[{"count":0,"href":"https:\/\/www.europesays.com\/fi\/wp-json\/wp\/v2\/posts\/130215\/revisions"}],"wp:featuredmedia":[{"embeddable":true,"href":"https:\/\/www.europesays.com\/fi\/wp-json\/wp\/v2\/media\/130216"}],"wp:attachment":[{"href":"https:\/\/www.europesays.com\/fi\/wp-json\/wp\/v2\/media?parent=130215"}],"wp:term":[{"taxonomy":"category","embeddable":true,"href":"https:\/\/www.europesays.com\/fi\/wp-json\/wp\/v2\/categories?post=130215"},{"taxonomy":"post_tag","embeddable":true,"href":"https:\/\/www.europesays.com\/fi\/wp-json\/wp\/v2\/tags?post=130215"}],"curies":[{"name":"wp","href":"https:\/\/api.w.org\/{rel}","templated":true}]}}