{"id":130219,"date":"2025-12-31T22:30:09","date_gmt":"2025-12-31T22:30:09","guid":{"rendered":"https:\/\/www.europesays.com\/fi\/130219\/"},"modified":"2025-12-31T22:30:09","modified_gmt":"2025-12-31T22:30:09","slug":"nathalie-blomqvist-palasi-kisoihin-lahes-vuoden-tauon-jalkeen-urheilua-lyhyesti","status":"publish","type":"post","link":"https:\/\/www.europesays.com\/fi\/130219\/","title":{"rendered":"Nathalie Blomqvist palasi kisoihin l\u00e4hes vuoden tauon j\u00e4lkeen | Urheilua lyhyesti"},"content":{"rendered":"<p class=\"aw-1gybjub aw-5vja16 kEtdKx kmuxyA yle__article__paragraph\">Blomqvist kellotti Madridissa kympill\u00e4 ajan 31.56. Voittoon pinkonut Espanjan Marta Garcia oli 45 sekuntia nopeampi. <\/p>\n<p><img decoding=\"async\" alt=\"Nathalie Blomqvist kultaa 5 000 metrill\u00e4 Kalevan kisoissa 2024.\" src=\"https:\/\/www.europesays.com\/fi\/wp-content\/uploads\/2025\/12\/39-131170066818de2c2a28.jpeg\" class=\"aw-1l9m598 hKVVvP\"\/><\/p>\n<p>Avaa kuvien katselu<\/p>\n<p>Nathalie Blomqvist. Kuva: Tomi Natri \/ All Over Press<\/p>\n<p class=\"aw-1gybjub aw-1p7kakr kEtdKx cEmitX yle__article__paragraph\">Suomalaisjuoksija <strong class=\"aw-ak79eh KyCXm yle__article__strong\">Nathalie Blomqvist<\/strong> sijoittui 10 kilometrin San Silvestre Vallecana -juoksussa nelj\u00e4nneksi Espanjan p\u00e4\u00e4kaupungissa Madridissa uudenvuodenaattona.<\/p>\n<p class=\"aw-1gybjub aw-1p7kakr kEtdKx cEmitX yle__article__paragraph\">Blomqvist kellotti ajan 31.56. Voittoon pinkonut Espanjan <strong class=\"aw-ak79eh KyCXm yle__article__strong\">Marta Garcia<\/strong> oli 45 sekuntia nopeampi.<\/p>\n<p class=\"aw-1gybjub aw-1p7kakr kEtdKx cEmitX yle__article__paragraph\">Blomqvistin maantienkympin enn\u00e4tys on 31.26. Kisareitti oli sen verran alam\u00e4kivoittoinen, ettei se ole enn\u00e4tyskelpoinen.<\/p>\n<p class=\"aw-1gybjub aw-1p7kakr kEtdKx cEmitX yle__article__paragraph\">Kilpailu oli jalkater\u00e4- ja s\u00e4\u00e4rivaivojen kanssa pitk\u00e4\u00e4n painineelle Blomqvistille ensimm\u00e4inen l\u00e4hes vuoteen. H\u00e4n oli viimeksi kilpaillut tammikuussa 2025.<\/p>\n<p class=\"aw-1gybjub aw-1p7kakr kEtdKx cEmitX yle__article__paragraph\">\u2013 Tuntui, ett\u00e4 juoksu pysyi hyvin hallussa, vaikka \u201dkuolin\u201d aika pahasti lopussa, kun 7\u20138 kilometrin kohdalla alkoivat yl\u00e4m\u00e4et. Se oli aika rankkaa, mutta olen tosi iloinen, ett\u00e4 olen vihdoin takaisin kisaradalla, Blomqvist sanoi SUL:n tiedotteessa..<\/p>\n<p class=\"aw-1gybjub aw-1p7kakr kEtdKx cEmitX yle__article__paragraph\">\u2013 T\u00e4m\u00e4 oli minulle sellainen avauskilpailu. En laittanut itselleni mit\u00e4\u00e4n tavoitetta. Yrit\u00e4n nyt sitten juosta parempaa aikaa tammikuussa Valencian 10 kilometrill\u00e4.<\/p>\n","protected":false},"excerpt":{"rendered":"Blomqvist kellotti Madridissa kympill\u00e4 ajan 31.56. Voittoon pinkonut Espanjan Marta Garcia oli 45 sekuntia nopeampi. Avaa kuvien katselu&hellip;\n","protected":false},"author":2,"featured_media":130220,"comment_status":"","ping_status":"","sticky":false,"template":"","format":"standard","meta":{"footnotes":""},"categories":[5],"tags":[22,23,26,27,33,31,30,17,5834,24,25,28,29,23096,15,18,21,7596,32,19,20,16,162],"class_list":{"0":"post-130219","1":"post","2":"type-post","3":"status-publish","4":"format-standard","5":"has-post-thumbnail","7":"category-otsikot","8":"tag-breaking-news","9":"tag-breakingnews","10":"tag-featured-news","11":"tag-featurednews","12":"tag-fi","13":"tag-finland","14":"tag-finnish","15":"tag-headlines","16":"tag-kestavyysjuoksu","17":"tag-latest-news","18":"tag-latestnews","19":"tag-main-news","20":"tag-mainnews","21":"tag-nathalie-blomqvist","22":"tag-news","23":"tag-otsikot","24":"tag-paauutiset","25":"tag-sul","26":"tag-suomi","27":"tag-top-stories","28":"tag-topstories","29":"tag-uutiset","30":"tag-yleisurheilu"},"share_on_mastodon":{"url":"https:\/\/pubeurope.com\/@fi\/115816551056863855","error":""},"_links":{"self":[{"href":"https:\/\/www.europesays.com\/fi\/wp-json\/wp\/v2\/posts\/130219","targetHints":{"allow":["GET"]}}],"collection":[{"href":"https:\/\/www.europesays.com\/fi\/wp-json\/wp\/v2\/posts"}],"about":[{"href":"https:\/\/www.europesays.com\/fi\/wp-json\/wp\/v2\/types\/post"}],"author":[{"embeddable":true,"href":"https:\/\/www.europesays.com\/fi\/wp-json\/wp\/v2\/users\/2"}],"replies":[{"embeddable":true,"href":"https:\/\/www.europesays.com\/fi\/wp-json\/wp\/v2\/comments?post=130219"}],"version-history":[{"count":0,"href":"https:\/\/www.europesays.com\/fi\/wp-json\/wp\/v2\/posts\/130219\/revisions"}],"wp:featuredmedia":[{"embeddable":true,"href":"https:\/\/www.europesays.com\/fi\/wp-json\/wp\/v2\/media\/130220"}],"wp:attachment":[{"href":"https:\/\/www.europesays.com\/fi\/wp-json\/wp\/v2\/media?parent=130219"}],"wp:term":[{"taxonomy":"category","embeddable":true,"href":"https:\/\/www.europesays.com\/fi\/wp-json\/wp\/v2\/categories?post=130219"},{"taxonomy":"post_tag","embeddable":true,"href":"https:\/\/www.europesays.com\/fi\/wp-json\/wp\/v2\/tags?post=130219"}],"curies":[{"name":"wp","href":"https:\/\/api.w.org\/{rel}","templated":true}]}}