{"id":130234,"date":"2025-12-31T22:55:08","date_gmt":"2025-12-31T22:55:08","guid":{"rendered":"https:\/\/www.europesays.com\/fi\/130234\/"},"modified":"2025-12-31T22:55:08","modified_gmt":"2025-12-31T22:55:08","slug":"raketteja-ammuskellaan-talven-ennatyspakkasessa-ilta-sanomat","status":"publish","type":"post","link":"https:\/\/www.europesays.com\/fi\/130234\/","title":{"rendered":"Raketteja ammuskellaan talven enn\u00e4tyspakkasessa &#8211; Ilta-Sanomat"},"content":{"rendered":"<p>Pakkasta riitt\u00e4\u00e4 uudenvuoden juhlinnan ajaksi koko maahan.<\/p>\n<p class=\"article-body mb-nof-24 px-nof-16\">Uudenvuoden hulinoihin suuntaavien on syyt\u00e4 muistaa napata suojalasien lis\u00e4ksi pipo ja lapaset mukaan. Vuosi vaihtuu nimitt\u00e4in raikkaiden pakkasten siivitt\u00e4m\u00e4n\u00e4.<\/p>\n<p class=\"article-body mb-nof-24 px-nof-16\">Lapissa rikottiin hetki sitten kuluvan talven pakkasenn\u00e4tys, kun elohopea vajosi Kilpisj\u00e4rven mittausasemalla \u201335,3 asteeseen.<\/p>\n<p class=\"article-body mb-nof-24 px-nof-16\">\u2013 Lapissa on pakkasvaroitukset voimassa, kun siell\u00e4 on yli \u201330 astetta paukkunut jo v\u00e4h\u00e4n laajemminkin. My\u00f6s Muoniossa meni \u201335 astetta rikki ja l\u00e4ntisess\u00e4 Lapissa on mitattu muutamalla muullakin asemalla \u201334 asteen asemia, kertoo Ilmatieteen laitoksen p\u00e4ivyst\u00e4v\u00e4 meteorologi <a class=\"font-bold underline-offset-[0.12em] [text-decoration:var(--person-link-text-decoration)] ![text-decoration-color:var(--person-link-text-decoration-color)]\" href=\"https:\/\/www.is.fi\/haku\/?query=Heikki%20Sinisalo\" rel=\"nofollow noopener\" target=\"_blank\">Heikki Sinisalo<\/a>.<\/p>\n<p class=\"article-body mb-nof-24 px-nof-16\">Hyiset lukemat eiv\u00e4t rajoitu vain Lappiin. Uuttavuotta vietet\u00e4\u00e4n kylmiss\u00e4 l\u00e4mp\u00f6tiloissa my\u00f6s Pohjois-Karjalassa. Pakkanen kiri keskiviikon aikana \u201324 asteeseen useammallakin mittausasemalla.<\/p>\n<p class=\"article-body mb-nof-24 px-nof-16\">Pakkasta piisaa muuallakin, muttei yht\u00e4 anteliaasti. Maan keskivaiheilla l\u00e4mp\u00f6tilat ovat 15-20 astetta pakkasen puolella tai pari astetta alle. Pakkasta riitt\u00e4\u00e4 my\u00f6s Etel\u00e4-Suomeen, jossa l\u00e4mp\u00f6tilat ovat nyt \u201310 ja \u201315 asteen tiet\u00e4mill\u00e4.<\/p>\n<p class=\"article-body mb-nof-24 px-nof-16\">\u2013 Kyll\u00e4h\u00e4n se pikkuhiljaa saattaa tuossa viel\u00e4 muutaman asteen kylmenty\u00e4 y\u00f6n mittaan etel\u00e4isill\u00e4kin alueilla, Sinisalo kertoo.<\/p>\n<p class=\"article-body mb-nof-24 px-nof-16\">Tuulet ovat maltillisia koko maassa eli rakettien ampujat voivat olla sen osalta rauhallisin mielin.<\/p>\n","protected":false},"excerpt":{"rendered":"Pakkasta riitt\u00e4\u00e4 uudenvuoden juhlinnan ajaksi koko maahan. Uudenvuoden hulinoihin suuntaavien on syyt\u00e4 muistaa napata suojalasien lis\u00e4ksi pipo ja&hellip;\n","protected":false},"author":2,"featured_media":130235,"comment_status":"","ping_status":"","sticky":false,"template":"","format":"standard","meta":{"footnotes":""},"categories":[12],"tags":[22,23,26,27,33,31,30,17,34,24,25,28,29,15,18,21,32,19,20,16],"class_list":{"0":"post-130234","1":"post","2":"type-post","3":"status-publish","4":"format-standard","5":"has-post-thumbnail","7":"category-suomi","8":"tag-breaking-news","9":"tag-breakingnews","10":"tag-featured-news","11":"tag-featurednews","12":"tag-fi","13":"tag-finland","14":"tag-finnish","15":"tag-headlines","16":"tag-ilta-sanomat","17":"tag-latest-news","18":"tag-latestnews","19":"tag-main-news","20":"tag-mainnews","21":"tag-news","22":"tag-otsikot","23":"tag-paauutiset","24":"tag-suomi","25":"tag-top-stories","26":"tag-topstories","27":"tag-uutiset"},"share_on_mastodon":{"url":"https:\/\/pubeurope.com\/@fi\/115816649398016987","error":""},"_links":{"self":[{"href":"https:\/\/www.europesays.com\/fi\/wp-json\/wp\/v2\/posts\/130234","targetHints":{"allow":["GET"]}}],"collection":[{"href":"https:\/\/www.europesays.com\/fi\/wp-json\/wp\/v2\/posts"}],"about":[{"href":"https:\/\/www.europesays.com\/fi\/wp-json\/wp\/v2\/types\/post"}],"author":[{"embeddable":true,"href":"https:\/\/www.europesays.com\/fi\/wp-json\/wp\/v2\/users\/2"}],"replies":[{"embeddable":true,"href":"https:\/\/www.europesays.com\/fi\/wp-json\/wp\/v2\/comments?post=130234"}],"version-history":[{"count":0,"href":"https:\/\/www.europesays.com\/fi\/wp-json\/wp\/v2\/posts\/130234\/revisions"}],"wp:featuredmedia":[{"embeddable":true,"href":"https:\/\/www.europesays.com\/fi\/wp-json\/wp\/v2\/media\/130235"}],"wp:attachment":[{"href":"https:\/\/www.europesays.com\/fi\/wp-json\/wp\/v2\/media?parent=130234"}],"wp:term":[{"taxonomy":"category","embeddable":true,"href":"https:\/\/www.europesays.com\/fi\/wp-json\/wp\/v2\/categories?post=130234"},{"taxonomy":"post_tag","embeddable":true,"href":"https:\/\/www.europesays.com\/fi\/wp-json\/wp\/v2\/tags?post=130234"}],"curies":[{"name":"wp","href":"https:\/\/api.w.org\/{rel}","templated":true}]}}