{"id":130236,"date":"2025-12-31T22:56:08","date_gmt":"2025-12-31T22:56:08","guid":{"rendered":"https:\/\/www.europesays.com\/fi\/130236\/"},"modified":"2025-12-31T22:56:08","modified_gmt":"2025-12-31T22:56:08","slug":"jalkapallo-roberto-carlos-meni-laakariin-nayttamaan-jalkaansa-kiidatettiin-sydanleikkaukseen","status":"publish","type":"post","link":"https:\/\/www.europesays.com\/fi\/130236\/","title":{"rendered":"Jalkapallo:\u202fRoberto Carlos meni l\u00e4\u00e4k\u00e4riin n\u00e4ytt\u00e4m\u00e4\u00e4n jalkaansa \u2013 kiid\u00e4tettiin syd\u00e4nleikkaukseen"},"content":{"rendered":"<p>Brasilian supert\u00e4hti joutui l\u00e4\u00e4k\u00e4riss\u00e4 yll\u00e4tt\u00e4v\u00e4\u00e4n tilanteeseen.<\/p>\n<p class=\"article-body mb-nof-24 px-nof-16\">Entinen Real Madridin ja Brasilian maajoukkueen t\u00e4htipelaaja <a class=\"font-bold underline-offset-[0.12em] [text-decoration:var(--person-link-text-decoration)] ![text-decoration-color:var(--person-link-text-decoration-color)]\" href=\"https:\/\/www.is.fi\/haku\/?query=Roberto%20Carlos\" rel=\"nofollow noopener\" target=\"_blank\">Roberto Carlos<\/a> toipuu sairaalassa syd\u00e4nleikkauksesta. 52-vuotias pelaaja joutui yll\u00e4tt\u00e4en leikkaukseen sairaalassa Brasiliassa sen j\u00e4lkeen kun h\u00e4n oli alun perin mennyt sinne n\u00e4ytt\u00e4m\u00e4\u00e4n jalkaansa.<\/p>\n<p class=\"article-body mb-nof-24 px-nof-16\">Carlosin jalasta l\u00f6ydettiin veritulppa, ja tutkimuksissa selvisi, ett\u00e4 h\u00e4nell\u00e4 on syd\u00e4nongelma. T\u00e4m\u00e4n seurauksena Carlos passitettiin v\u00e4litt\u00f6m\u00e4sti leikkaukseen.<\/p>\n<p class=\"article-body mb-nof-24 px-nof-16\">Espanjalaisen<a class=\"underline underline-offset-[0.12em] [text-decoration-thickness:var(--generic-link-underline-thickness)] [text-decoration-color:var(--generic-link-underline-color)] [text-decoration-skip-ink:var(--generic-link-underline-skip-ink)] break-words\" href=\"https:\/\/as.com\/futbol\/roberto-carlos-ingresado-en-brasil-por-un-problema-de-corazon-f202512-n\/\" rel=\"nofollow noopener\" target=\"_blank\"> AS:n <\/a>mukaan leikkauksen oli m\u00e4\u00e4r\u00e4 kest\u00e4\u00e4 40 minuuttia, mutta venyi jopa kolmeen tuntiin komplikaatioiden vuoksi.<\/p>\n<p class=\"article-body mb-nof-24 px-nof-16\">Lopulta kaikki sujui hyvin, eik\u00e4 Carlosilla ole en\u00e4\u00e4 hengenvaaraa. H\u00e4n toipuu parhaillaan sairaalassa, ja h\u00e4nen vointiaan tarkkaillaan.<\/p>\n<p class=\"article-body mb-nof-24 px-nof-16\">AS kertoo ottaneensa yhteytt\u00e4 ex-pelaajaan ja t\u00e4m\u00e4n l\u00e4hipiiriin. Sielt\u00e4 kerrottiin, ett\u00e4 h\u00e4n on kunnossa, ja h\u00e4nt\u00e4 tarkkaillaan.<\/p>\n<p class=\"article-body mb-nof-24 px-nof-16\">Roberto Carlos, 52, oli yksi maailman parhaista jalkapalloilijoista 1990- ja 2000-luvuilla. H\u00e4nt\u00e4 pidet\u00e4\u00e4n yhten\u00e4 kaikkien aikojen parhaista vasemmista puolustajista.<\/p>\n<p class=\"article-body mb-nof-24 px-nof-16\">Carlos auttoi Brasilian maailmanmestariksi 2002 ja loisti Real Madridissa 1996\u20132007. H\u00e4n voitti tuona aikana nelj\u00e4 Espanjan liigamestaruutta ja kolmesti Mestarien liigan.<\/p>\n<p class=\"article-body mb-nof-24 px-nof-16\">Carlos edusti Brasiliaa 125 kertaa 1992\u20132006.<\/p>\n","protected":false},"excerpt":{"rendered":"Brasilian supert\u00e4hti joutui l\u00e4\u00e4k\u00e4riss\u00e4 yll\u00e4tt\u00e4v\u00e4\u00e4n tilanteeseen. Entinen Real Madridin ja Brasilian maajoukkueen t\u00e4htipelaaja Roberto Carlos toipuu sairaalassa syd\u00e4nleikkauksesta.&hellip;\n","protected":false},"author":2,"featured_media":130237,"comment_status":"","ping_status":"","sticky":false,"template":"","format":"standard","meta":{"footnotes":""},"categories":[5],"tags":[22,23,26,27,33,31,30,17,34,24,25,28,29,15,18,21,32,19,20,16],"class_list":{"0":"post-130236","1":"post","2":"type-post","3":"status-publish","4":"format-standard","5":"has-post-thumbnail","7":"category-otsikot","8":"tag-breaking-news","9":"tag-breakingnews","10":"tag-featured-news","11":"tag-featurednews","12":"tag-fi","13":"tag-finland","14":"tag-finnish","15":"tag-headlines","16":"tag-ilta-sanomat","17":"tag-latest-news","18":"tag-latestnews","19":"tag-main-news","20":"tag-mainnews","21":"tag-news","22":"tag-otsikot","23":"tag-paauutiset","24":"tag-suomi","25":"tag-top-stories","26":"tag-topstories","27":"tag-uutiset"},"share_on_mastodon":{"url":"https:\/\/pubeurope.com\/@fi\/115816653278886052","error":""},"_links":{"self":[{"href":"https:\/\/www.europesays.com\/fi\/wp-json\/wp\/v2\/posts\/130236","targetHints":{"allow":["GET"]}}],"collection":[{"href":"https:\/\/www.europesays.com\/fi\/wp-json\/wp\/v2\/posts"}],"about":[{"href":"https:\/\/www.europesays.com\/fi\/wp-json\/wp\/v2\/types\/post"}],"author":[{"embeddable":true,"href":"https:\/\/www.europesays.com\/fi\/wp-json\/wp\/v2\/users\/2"}],"replies":[{"embeddable":true,"href":"https:\/\/www.europesays.com\/fi\/wp-json\/wp\/v2\/comments?post=130236"}],"version-history":[{"count":0,"href":"https:\/\/www.europesays.com\/fi\/wp-json\/wp\/v2\/posts\/130236\/revisions"}],"wp:featuredmedia":[{"embeddable":true,"href":"https:\/\/www.europesays.com\/fi\/wp-json\/wp\/v2\/media\/130237"}],"wp:attachment":[{"href":"https:\/\/www.europesays.com\/fi\/wp-json\/wp\/v2\/media?parent=130236"}],"wp:term":[{"taxonomy":"category","embeddable":true,"href":"https:\/\/www.europesays.com\/fi\/wp-json\/wp\/v2\/categories?post=130236"},{"taxonomy":"post_tag","embeddable":true,"href":"https:\/\/www.europesays.com\/fi\/wp-json\/wp\/v2\/tags?post=130236"}],"curies":[{"name":"wp","href":"https:\/\/api.w.org\/{rel}","templated":true}]}}