{"id":13024,"date":"2025-08-22T10:20:08","date_gmt":"2025-08-22T10:20:08","guid":{"rendered":"https:\/\/www.europesays.com\/fi\/13024\/"},"modified":"2025-08-22T10:20:08","modified_gmt":"2025-08-22T10:20:08","slug":"torille-peacemakerin-kakkoskauden-alussa-nahdaan-suomalaisittain-ilahduttava-yksityiskohta","status":"publish","type":"post","link":"https:\/\/www.europesays.com\/fi\/13024\/","title":{"rendered":"Torille! Peacemakerin kakkoskauden alussa n\u00e4hd\u00e4\u00e4n suomalaisittain ilahduttava yksityiskohta"},"content":{"rendered":"<p>Peacemaker on t\u00e4\u00e4ll\u00e4 taas! <strong>John Cenan<\/strong> t\u00e4hditt\u00e4m\u00e4 hittisarja saa jatkoa, kun Peacemakerin toinen tuotantokausi jyr\u00e4hti k\u00e4yntiin eilen HBO Maxilla. Jos sarjan ensimm\u00e4inen kausi ilahdutti suomalaiskatsojia Hanoi Rocks -fiilistelyill\u00e4\u00e4n, jatkaa kakkoskausi samalla linjalla. Seh\u00e4n sopii kyll\u00e4!<\/p>\n<p>Sen kummempia spoilereita viljelem\u00e4tt\u00e4 kerrottakoon, ett\u00e4 uuden tuotantokauden avausjakson lopussa Peacemaker p\u00e4\u00e4tyy tavallaan teini-ik\u00e4isen itsens\u00e4 makuuhuoneeseen. Kuten arvata saattaa, kasarirockin yst\u00e4v\u00e4n\u00e4 tunnetun antisankarin sein\u00e4t on vuorattu b\u00e4ndijulisteilla, ja mik\u00e4s se siell\u00e4 Def Leppardin ja Scorpionsin rinnalla komeileekaan? Seh\u00e4n on Hanoi Rocks, erin\u00e4isist\u00e4 juoniteknisist\u00e4 syist\u00e4 v\u00e4h\u00e4n poikkeavassa kirjoitusmuodossa tosin.<\/p>\n<p>Hyv\u00e4 Suomi, hyv\u00e4 <strong>Michael Monroe<\/strong> ja kumppanit! Katso kuvakaappaus kohtauksesta alempaa. Ja mit\u00e4 tuossa kohtauksessa on oikein tekeill\u00e4? HBO Maxilta se selvi\u00e4\u00e4, tarkasta sielt\u00e4.<img loading=\"lazy\" height=\"740\" width=\"1492\" class=\"alignnone size-full wp-image-242077 sp-no-webp perfmatters-lazy\" alt=\"\" decoding=\"async\" src=\"https:\/\/www.europesays.com\/fi\/wp-content\/uploads\/2025\/08\/hanoiroxx.jpg\"  data-\/> <\/p>\n<p>Lue my\u00f6s: <a href=\"https:\/\/www.episodi.fi\/uutiskirje\" title=\"Tilaa Episodin uutiskirje ja tied\u00e4t mit\u00e4 katsoa! Nappaa tv-vinkit suoraan s\u00e4hk\u00f6postiin t\u00e4st\u00e4.\" class=\"underline-custom !font-montserrat !font-bold !underline-offset-4 !decoration-4 !decoration-episodi-blue !text-md\" rel=\"nofollow noopener\" target=\"_blank\">Tilaa Episodin uutiskirje ja tied\u00e4t mit\u00e4 katsoa! Nappaa katseluvinkit suoraan s\u00e4hk\u00f6postiin t\u00e4st\u00e4.<\/a><\/p>\n","protected":false},"excerpt":{"rendered":"Peacemaker on t\u00e4\u00e4ll\u00e4 taas! John Cenan t\u00e4hditt\u00e4m\u00e4 hittisarja saa jatkoa, kun Peacemakerin toinen tuotantokausi jyr\u00e4hti k\u00e4yntiin eilen HBO&hellip;\n","protected":false},"author":2,"featured_media":13025,"comment_status":"","ping_status":"","sticky":false,"template":"","format":"standard","meta":{"footnotes":""},"categories":[131],"tags":[155,137,33,173,31,30,5429,172,3325,32,109],"class_list":{"0":"post-13024","1":"post","2":"type-post","3":"status-publish","4":"format-standard","5":"has-post-thumbnail","7":"category-elokuvat","8":"tag-elokuvat","9":"tag-entertainment","10":"tag-fi","11":"tag-film","12":"tag-finland","13":"tag-finnish","14":"tag-hanoi-rocks","15":"tag-movies","16":"tag-peacemaker","17":"tag-suomi","18":"tag-viihde"},"share_on_mastodon":{"url":"","error":""},"_links":{"self":[{"href":"https:\/\/www.europesays.com\/fi\/wp-json\/wp\/v2\/posts\/13024","targetHints":{"allow":["GET"]}}],"collection":[{"href":"https:\/\/www.europesays.com\/fi\/wp-json\/wp\/v2\/posts"}],"about":[{"href":"https:\/\/www.europesays.com\/fi\/wp-json\/wp\/v2\/types\/post"}],"author":[{"embeddable":true,"href":"https:\/\/www.europesays.com\/fi\/wp-json\/wp\/v2\/users\/2"}],"replies":[{"embeddable":true,"href":"https:\/\/www.europesays.com\/fi\/wp-json\/wp\/v2\/comments?post=13024"}],"version-history":[{"count":0,"href":"https:\/\/www.europesays.com\/fi\/wp-json\/wp\/v2\/posts\/13024\/revisions"}],"wp:featuredmedia":[{"embeddable":true,"href":"https:\/\/www.europesays.com\/fi\/wp-json\/wp\/v2\/media\/13025"}],"wp:attachment":[{"href":"https:\/\/www.europesays.com\/fi\/wp-json\/wp\/v2\/media?parent=13024"}],"wp:term":[{"taxonomy":"category","embeddable":true,"href":"https:\/\/www.europesays.com\/fi\/wp-json\/wp\/v2\/categories?post=13024"},{"taxonomy":"post_tag","embeddable":true,"href":"https:\/\/www.europesays.com\/fi\/wp-json\/wp\/v2\/tags?post=13024"}],"curies":[{"name":"wp","href":"https:\/\/api.w.org\/{rel}","templated":true}]}}