{"id":130240,"date":"2025-12-31T23:13:07","date_gmt":"2025-12-31T23:13:07","guid":{"rendered":"https:\/\/www.europesays.com\/fi\/130240\/"},"modified":"2025-12-31T23:13:07","modified_gmt":"2025-12-31T23:13:07","slug":"nyt-suoratoistossa-viiden-tahden-kauhuelokuva-on-piinaavaa-katsottavaa-loppu-on-lahes-sietamaton-kaikessa-jannittavyydessaan","status":"publish","type":"post","link":"https:\/\/www.europesays.com\/fi\/130240\/","title":{"rendered":"Nyt suoratoistossa: Viiden t\u00e4hden kauhuelokuva on piinaavaa katsottavaa \u2013 &#8221;Loppu on l\u00e4hes siet\u00e4m\u00e4t\u00f6n kaikessa j\u00e4nnitt\u00e4vyydess\u00e4\u00e4n&#8221;"},"content":{"rendered":"<p>SkyShowtimen valikoimaan on lis\u00e4tty Speak No Evil (G\u00e6sterne, 2022).<\/p>\n<p>Tanskalainen kauhuelokuva sai Suomessa K18-ik\u00e4rajan. Elokuvassa Bj\u00f8rn, Louise ja Agnes-tyt\u00e4r tapaavat lomallaan Toscanassa hollantilaisen pariskunnan Karinin ja Patrickin, joilla on mukanaan Abel-poika. Perheiden v\u00e4lille muodostuu loistava kemia, ja kun Bj\u00f8rn ja Louise kolme kuukautta my\u00f6hemmin saavat kutsun Hollantiin, he suostuvat saman tien.<\/p>\n<p><strong>Christian Tafdrupin<\/strong> ohjausty\u00f6n p\u00e4\u00e4osissa n\u00e4hd\u00e4\u00e4n <strong>Morten Burian<\/strong>, <strong>Sidsel Siem Koch<\/strong>, <strong>Fedja van Hu\u00eat<\/strong> ja <strong>Karina Smulders<\/strong>.<\/p>\n<p>Lue my\u00f6s: <a href=\"https:\/\/www.episodi.fi\/uutiset\/netflixista-poistuu-viiden-tahden-kauhuelokuva-kertoo-suomalaisille-tutusta-aiheesta\/\" title=\"Netflixist\u00e4 poistuu viiden t\u00e4hden kauhuelokuva \u2013 suomalaisten suosikkijuhla saa karmivan k\u00e4\u00e4nteen\" class=\"underline-custom !font-montserrat !font-bold !underline-offset-4 !decoration-4 !decoration-episodi-blue !text-md\" rel=\"nofollow noopener\" target=\"_blank\">Netflixist\u00e4 poistuu viiden t\u00e4hden kauhuelokuva \u2013 suomalaisten suosikkijuhla saa karmivan k\u00e4\u00e4nteen<\/a><\/p>\n<p>Lue my\u00f6s: <a href=\"https:\/\/www.episodi.fi\/uutiset\/karmiva-mysteerileffa-nousee-vuoden-2025-parhaimmistoon-arvoitus-koukuttaa-katsojaa\/\" title=\"Karmiva mysteerileffa nousee vuoden 2025 parhaimmistoon \u2013 \u201dArvoitus koukuttaa katsojaa\u201d\" class=\"underline-custom !font-montserrat !font-bold !underline-offset-4 !decoration-4 !decoration-episodi-blue !text-md\" rel=\"nofollow noopener\" target=\"_blank\">Karmiva mysteerileffa nousee vuoden 2025 parhaimmistoon \u2013 \u201dArvoitus koukuttaa katsojaa\u201d<\/a><\/p>\n<p>Elokuvan <a href=\"https:\/\/www.rottentomatoes.com\/m\/speak_no_evil_2022\" rel=\"nofollow noopener\" target=\"_blank\">Rotten Tomatoes -prosentti<\/a> 84.  Episodin arviossa leffa sai viisi t\u00e4hte\u00e4.<\/p>\n<p>\u201dElokuvan viimeinen puolituntinen on piinaavan j\u00e4nnitt\u00e4v\u00e4 ja julma. Koska elokuvan ensimm\u00e4inen tunti on ollut niin tiukka ja tiivis, on elokuvan loppu l\u00e4hes siet\u00e4m\u00e4t\u00f6n kaikessa j\u00e4nnitt\u00e4vyydess\u00e4\u00e4n. Kauhuelokuvissa n\u00e4hd\u00e4\u00e4n usein verta ja suolenp\u00e4tki\u00e4, mutta Tafdrupin elokuvaa on ajoittain vaikea katsoa.\u00a0Speak No Evil\u00a0onkin vuoden kauhistuttavin ja upein kauhutuotos\u201d, kirjoitettiin arviossa.<\/p>\n<p>Elokuvasta on my\u00f6s tehty samanniminen uusintaversio Hollywoodissa. Uusintaversio ilmestyi vuoden 2024 syksyll\u00e4, ja se l\u00f6ytyy my\u00f6s SkyShowtimen valikoimasta.<\/p>\n<p>Katso traileri alta.<\/p>\n<p><img loading=\"lazy\" decoding=\"async\" alt=\"YouTube video\" width=\"480\" height=\"360\" data-pin-nopin=\"true\" nopin=\"nopin\" class=\"perfmatters-lazy\" src=\"https:\/\/www.europesays.com\/fi\/wp-content\/uploads\/2025\/12\/1767222787_826_hqdefault.jpg\"\/><\/p>\n<p>Lue my\u00f6s: <a href=\"https:\/\/www.episodi.fi\/uutiskirje\/?uutiskirjemainos=tekstilinkkimainos\" title=\"Tilaa Episodin uutiskirje ja voit voittaa leffalippuja! Nappaa tv-vinkit suoraan s\u00e4hk\u00f6postiin t\u00e4st\u00e4.\" class=\"underline-custom !font-montserrat !font-bold !underline-offset-4 !decoration-4 !decoration-episodi-blue !text-md\" rel=\"nofollow noopener\" target=\"_blank\">Tilaa Episodin uutiskirje ja voit voittaa leffalippuja! Nappaa katseluvinkit suoraan s\u00e4hk\u00f6postiin t\u00e4st\u00e4.<\/a><\/p>\n","protected":false},"excerpt":{"rendered":"SkyShowtimen valikoimaan on lis\u00e4tty Speak No Evil (G\u00e6sterne, 2022). Tanskalainen kauhuelokuva sai Suomessa K18-ik\u00e4rajan. Elokuvassa Bj\u00f8rn, Louise ja&hellip;\n","protected":false},"author":2,"featured_media":46834,"comment_status":"","ping_status":"","sticky":false,"template":"","format":"standard","meta":{"footnotes":""},"categories":[131],"tags":[155,137,33,173,31,30,172,341,32,109],"class_list":{"0":"post-130240","1":"post","2":"type-post","3":"status-publish","4":"format-standard","5":"has-post-thumbnail","7":"category-elokuvat","8":"tag-elokuvat","9":"tag-entertainment","10":"tag-fi","11":"tag-film","12":"tag-finland","13":"tag-finnish","14":"tag-movies","15":"tag-skyshowtime","16":"tag-suomi","17":"tag-viihde"},"share_on_mastodon":{"url":"https:\/\/pubeurope.com\/@fi\/115816720148462494","error":""},"_links":{"self":[{"href":"https:\/\/www.europesays.com\/fi\/wp-json\/wp\/v2\/posts\/130240","targetHints":{"allow":["GET"]}}],"collection":[{"href":"https:\/\/www.europesays.com\/fi\/wp-json\/wp\/v2\/posts"}],"about":[{"href":"https:\/\/www.europesays.com\/fi\/wp-json\/wp\/v2\/types\/post"}],"author":[{"embeddable":true,"href":"https:\/\/www.europesays.com\/fi\/wp-json\/wp\/v2\/users\/2"}],"replies":[{"embeddable":true,"href":"https:\/\/www.europesays.com\/fi\/wp-json\/wp\/v2\/comments?post=130240"}],"version-history":[{"count":0,"href":"https:\/\/www.europesays.com\/fi\/wp-json\/wp\/v2\/posts\/130240\/revisions"}],"wp:featuredmedia":[{"embeddable":true,"href":"https:\/\/www.europesays.com\/fi\/wp-json\/wp\/v2\/media\/46834"}],"wp:attachment":[{"href":"https:\/\/www.europesays.com\/fi\/wp-json\/wp\/v2\/media?parent=130240"}],"wp:term":[{"taxonomy":"category","embeddable":true,"href":"https:\/\/www.europesays.com\/fi\/wp-json\/wp\/v2\/categories?post=130240"},{"taxonomy":"post_tag","embeddable":true,"href":"https:\/\/www.europesays.com\/fi\/wp-json\/wp\/v2\/tags?post=130240"}],"curies":[{"name":"wp","href":"https:\/\/api.w.org\/{rel}","templated":true}]}}