{"id":130241,"date":"2025-12-31T23:15:08","date_gmt":"2025-12-31T23:15:08","guid":{"rendered":"https:\/\/www.europesays.com\/fi\/130241\/"},"modified":"2025-12-31T23:15:08","modified_gmt":"2025-12-31T23:15:08","slug":"kanada-julkaisi-joukkueensa-olympiajaakiekkoon-teini-ikainen-tahti-macklin-celebrini-mukana-connor-bedard-jai-ulos-urheilua-lyhyesti","status":"publish","type":"post","link":"https:\/\/www.europesays.com\/fi\/130241\/","title":{"rendered":"Kanada julkaisi joukkueensa olympia\u00adj\u00e4\u00e4kiekkoon \u2013 teini-ik\u00e4inen t\u00e4hti Macklin Celebrini mukana, Connor Bedard j\u00e4i ulos | Urheilua lyhyesti"},"content":{"rendered":"<p class=\"aw-1gybjub aw-5vja16 kEtdKx kmuxyA yle__article__paragraph\">Kanada l\u00e4htee Milano-Cortinan olympialaisiin j\u00e4\u00e4kiekon luonnollisena ennakko\u00adsuosikkina. San Josen Macklin Celebrini ylsi mukaan vain 19-vuotiaana.<\/p>\n<p><img decoding=\"async\" alt=\"Tv\u00e5 spelare p\u00e5 isen i en hockeymatch.\" src=\"https:\/\/www.europesays.com\/fi\/wp-content\/uploads\/2025\/12\/39-1576114695550cc93405.jpeg\" class=\"aw-1l9m598 hKVVvP\"\/><\/p>\n<p>Avaa kuvien katselu<\/p>\n<p>Macklin Celebrini pelasi ensimm\u00e4isiss\u00e4 miesten arvokisoissaan viime kev\u00e4\u00e4n\u00e4 MM-kisoissa Ruotsissa ja Tanskassa. Kuva: Anders Wiklund \/ EPA<\/p>\n<p class=\"aw-1gybjub aw-1p7kakr kEtdKx cEmitX yle__article__paragraph\">Kanada on julkaissut keskiviikkona uudenvuodenaattona miesten joukkueensa Milano-Cortinan talviolympialaisten j\u00e4\u00e4kiekkoturnaukseen.<\/p>\n<p class=\"aw-1gybjub aw-1p7kakr kEtdKx cEmitX yle__article__paragraph\">Olympialaisiin l\u00e4htee 22 kentt\u00e4pelaajaa ja kolme maalivahtia, joista Kanada nimesi kuusi aiemmin kes\u00e4kuussa mukaan.<\/p>\n<p class=\"aw-1gybjub aw-1p7kakr kEtdKx cEmitX yle__article__paragraph\">Kaikki kuusi olivat kentt\u00e4pelaajia, kun ensimm\u00e4isin\u00e4 ryhm\u00e4\u00e4n otettiin <strong class=\"aw-ak79eh KyCXm yle__article__strong\">Connor McDavid<\/strong>, <strong class=\"aw-ak79eh KyCXm yle__article__strong\">Nathan MacKinnon<\/strong>, <strong class=\"aw-ak79eh KyCXm yle__article__strong\">Sidney Crosby<\/strong>, <strong class=\"aw-ak79eh KyCXm yle__article__strong\">Cale Makar<\/strong>, <strong class=\"aw-ak79eh KyCXm yle__article__strong\">Brayden Point<\/strong> ja <strong class=\"aw-ak79eh KyCXm yle__article__strong\">Sam Reinhart<\/strong>.<\/p>\n<p class=\"aw-1gybjub aw-1p7kakr kEtdKx cEmitX yle__article__paragraph\">Suurimman spekulaation alla olivat kolme nuorta supert\u00e4hte\u00e4, sek\u00e4 romuluinen <strong class=\"aw-ak79eh KyCXm yle__article__strong\">Tom Wilson<\/strong>. T\u00e4htinuorisosta San Josen hy\u00f6kk\u00e4\u00e4j\u00e4 <strong class=\"aw-ak79eh KyCXm yle__article__strong\">Macklin Celebrini<\/strong> l\u00e4htee olympialaisiin vain 19-vuotiaana. Chicago Blackhawksin <strong class=\"aw-ak79eh KyCXm yle__article__strong\">Connor Bedard<\/strong> (20 vuotta) ja New York Islandersin <strong class=\"aw-ak79eh KyCXm yle__article__strong\">Matthew Schaefer<\/strong> (18) j\u00e4iv\u00e4t ulos nimetyst\u00e4 ryhm\u00e4st\u00e4. Kiekkouransa kovaluisella pelill\u00e4 luonut Washington Capitals -hy\u00f6kk\u00e4\u00e4j\u00e4 Wilson nousi my\u00f6s ryhm\u00e4\u00e4n.<\/p>\n<p class=\"aw-1gybjub aw-1p7kakr kEtdKx cEmitX yle__article__paragraph\">Rannalle j\u00e4i nuorison lis\u00e4ksi muun muassa viime kev\u00e4\u00e4n\u00e4 NHL:n pudotuspelien arvokkaimmaksi pelaajaksi valittu Florida Panthersin <strong class=\"aw-ak79eh KyCXm yle__article__strong\">Sam Bennett<\/strong>.<\/p>\n<p class=\"aw-1gybjub aw-1p7kakr kEtdKx cEmitX yle__article__paragraph\">Kanadan puolustus on tismalleen sama, kun mit\u00e4 se oli 2025 helmikuussa pelatussa NHL:n nelj\u00e4n maan turnauksessa.<\/p>\n<p>Kanadan miesten j\u00e4\u00e4kiekkomaajoukkue Milano-Cortinan olympialaisissa<\/p>\n<p class=\"aw-1gybjub aw-1p7kakr kEtdKx cEmitX yle__article__paragraph\"><strong class=\"aw-ak79eh KyCXm yle__article__strong\">Maalivahdit<\/strong><br \/>Jordan Binnington, St. Louis Blues<br \/>Darcy Kuemper, Los Angeles Kings<br \/>Logan Thompson, Washington Capitals<\/p>\n<p class=\"aw-1gybjub aw-1p7kakr kEtdKx cEmitX yle__article__paragraph\"><strong class=\"aw-ak79eh KyCXm yle__article__strong\">Puolustajat<\/strong><br \/>Drew Doughty, Los Angeles Kings<br \/>Thomas Harley, Dallas Stars<br \/>Cale Makar, Colorado Avalanche<br \/>Josh Morrissey, Winnipeg Jets<br \/>Colton Parayko, St. Louis Blues<br \/>Travis Sanheim, Philadelphia Flyers<br \/>Shea Theodore, Vegas Golden Knights<br \/>Devon Toews, Colorado Avalanche<\/p>\n<p class=\"aw-1gybjub aw-1p7kakr kEtdKx cEmitX yle__article__paragraph\"><strong class=\"aw-ak79eh KyCXm yle__article__strong\">Hy\u00f6kk\u00e4\u00e4j\u00e4t<\/strong><br \/>Macklin Celebrini, San Jose Sharks<br \/>Anthony Cirelli, Tampa Bay Lightning<br \/>Sidney Crosby, Pittsburgh Penguins<br \/>Brandon Hagel, Tampa Bay Lightning<br \/>Bo Horvat, New York Islanders<br \/>Nathan MacKinnon, Colorado Avalanche<br \/>Brad Marchand, Florida Panthers<br \/>Mitch Marner, Vegas Golden Knights<br \/>Connor McDavid, Edmonton Oilers<br \/>Brayden Point, Tampa Bay Lightning<br \/>Sam Reinhart, Florida Panthers<br \/>Mark Stone, Vegas Golden Knights<br \/>Nick Suzuki, Montr\u00e9al Canadiens<br \/>Tom Wilson, Washington Capitals<\/p>\n","protected":false},"excerpt":{"rendered":"Kanada l\u00e4htee Milano-Cortinan olympialaisiin j\u00e4\u00e4kiekon luonnollisena ennakko\u00adsuosikkina. San Josen Macklin Celebrini ylsi mukaan vain 19-vuotiaana. Avaa kuvien katselu&hellip;\n","protected":false},"author":2,"featured_media":130242,"comment_status":"","ping_status":"","sticky":false,"template":"","format":"standard","meta":{"footnotes":""},"categories":[158],"tags":[33,31,30,1143,23097,1146,159,32,13138,160],"class_list":{"0":"post-130241","1":"post","2":"type-post","3":"status-publish","4":"format-standard","5":"has-post-thumbnail","7":"category-urheilu","8":"tag-fi","9":"tag-finland","10":"tag-finnish","11":"tag-jaakiekko","12":"tag-kanadan-miesten-jaakiekkomaajoukkue","13":"tag-miesten-jaakiekko","14":"tag-sports","15":"tag-suomi","16":"tag-talviolympialaiset-milano-cortina-2026","17":"tag-urheilu"},"share_on_mastodon":{"url":"https:\/\/pubeurope.com\/@fi\/115816728201216283","error":""},"_links":{"self":[{"href":"https:\/\/www.europesays.com\/fi\/wp-json\/wp\/v2\/posts\/130241","targetHints":{"allow":["GET"]}}],"collection":[{"href":"https:\/\/www.europesays.com\/fi\/wp-json\/wp\/v2\/posts"}],"about":[{"href":"https:\/\/www.europesays.com\/fi\/wp-json\/wp\/v2\/types\/post"}],"author":[{"embeddable":true,"href":"https:\/\/www.europesays.com\/fi\/wp-json\/wp\/v2\/users\/2"}],"replies":[{"embeddable":true,"href":"https:\/\/www.europesays.com\/fi\/wp-json\/wp\/v2\/comments?post=130241"}],"version-history":[{"count":0,"href":"https:\/\/www.europesays.com\/fi\/wp-json\/wp\/v2\/posts\/130241\/revisions"}],"wp:featuredmedia":[{"embeddable":true,"href":"https:\/\/www.europesays.com\/fi\/wp-json\/wp\/v2\/media\/130242"}],"wp:attachment":[{"href":"https:\/\/www.europesays.com\/fi\/wp-json\/wp\/v2\/media?parent=130241"}],"wp:term":[{"taxonomy":"category","embeddable":true,"href":"https:\/\/www.europesays.com\/fi\/wp-json\/wp\/v2\/categories?post=130241"},{"taxonomy":"post_tag","embeddable":true,"href":"https:\/\/www.europesays.com\/fi\/wp-json\/wp\/v2\/tags?post=130241"}],"curies":[{"name":"wp","href":"https:\/\/api.w.org\/{rel}","templated":true}]}}