{"id":130251,"date":"2025-12-31T23:29:09","date_gmt":"2025-12-31T23:29:09","guid":{"rendered":"https:\/\/www.europesays.com\/fi\/130251\/"},"modified":"2025-12-31T23:29:09","modified_gmt":"2025-12-31T23:29:09","slug":"vuotaja-vihjasi-openain-tyostamista-tekoalylaitteista-tyon-alla-voi-olla-kyna-ja-kannettava-audiolaite","status":"publish","type":"post","link":"https:\/\/www.europesays.com\/fi\/130251\/","title":{"rendered":"Vuotaja vihjasi OpenAI:n ty\u00f6st\u00e4mist\u00e4 teko\u00e4lylaitteista \u2013 ty\u00f6n alla voi olla kyn\u00e4 ja kannettava audiolaite"},"content":{"rendered":"<p><a href=\"https:\/\/mobiili.fi\/wp-content\/uploads\/2025\/05\/jony_ive_sam_altman-scaled.jpg\" data-lightbox=\"image\" rel=\"nofollow noopener\" target=\"_blank\"><img fetchpriority=\"high\" decoding=\"async\" aria-describedby=\"caption-attachment-259523\" class=\"size-large wp-image-259523\" src=\"data:image\/svg+xml,%3Csvg%20xmlns=\" http:=\"\" alt=\"Jony Ive ja OpenAI:n toimitusjohtaja Sam Altman.\" width=\"1200\" height=\"606\" data-lazy- data-lazy- data-lazy-src=\"https:\/\/www.europesays.com\/fi\/wp-content\/uploads\/2025\/11\/jony_ive_sam_altman-1200x606.jpg\"\/><\/a><\/p>\n<p id=\"caption-attachment-259523\" class=\"wp-caption-text\">Jony Ive ja OpenAI:n toimitusjohtaja Sam Altman.<\/p>\n<p>Teko\u00e4ly-yhti\u00f6 OpenAI kehitt\u00e4\u00e4 t\u00e4ydell\u00e4 tohinalla my\u00f6s ensimm\u00e4ist\u00e4 laitettaan \u2013 todella nimekk\u00e4iden osaajien toimesta.<\/p>\n<p><a href=\"https:\/\/mobiili.fi\/2025\/05\/21\/jattidiili-openai-osti-applen-ex-design-gurun-perustaman-laiteyrityksen-65-miljardin-dollarin-arvostuksella-jony-ive-kehittamaan-uusia-tekoalylaitteita\/\" rel=\"nofollow noopener\" target=\"_blank\">Toukokuussa 2025 OpenAI kertoi ostavansa 6,5 miljardin dollarin arvostuksella Applella aiemmin design-johtajana toimineen Jony Iven yhdess\u00e4 kumppaniensa kanssa perustaman io productsin<\/a> kehitt\u00e4m\u00e4\u00e4n uusia teko\u00e4lypohjaisia laitteita.<\/p>\n<p>OpenAI ei ole viel\u00e4 paljastanut tarkemmin laitesuunnitelmiaan, vaan sen suunnalta on kuultu vasta ylimalkaisia vihjauksia.<\/p>\n<p style=\"width: 98%; text-align: center; font-size:13px; border-bottom: 1px solid #C8C8C8; line-height: 0.1em; margin: 8px 1% 16px 1%;\">MAINOS (ARTIKKELI JATKUU ALLA)<\/p>\n<p>Tiett\u00e4v\u00e4sti OpenAI:n kehitt\u00e4m\u00e4ss\u00e4 laitteessa ei ole n\u00e4ytt\u00f6\u00e4. Yksityiskohtia ei tiedet\u00e4, mutta aiemmin OpenAI:n toimitusjohtaja Sam Altman on kuvaillut laitteen olevan jotakin, mik\u00e4 \u201cmahtuu taskuun tai sijoittuu p\u00f6yd\u00e4lle\u201d. Lis\u00e4ksi <a href=\"https:\/\/mobiili.fi\/2025\/06\/24\/tavaramerkkikiista-paljasti-vihjeita-openain-laitesuunnitelmista-ensimmainen-tuote-ei-ole-kuuloke-eika-puettava-laite\/\" rel=\"nofollow noopener\" target=\"_blank\">aiemmin tavaramerkkikiistan yhteydess\u00e4 oikeudelle toimitettujen tietojen mukaan OpenAI:n mukaan sen ensimm\u00e4inen ty\u00f6n alla oleva tuote ei ole my\u00f6sk\u00e4\u00e4n kuuloke eik\u00e4 puettava laite<\/a>. Kyse ei pit\u00e4isi my\u00f6sk\u00e4\u00e4n \u00e4lypuhelimesta tai sen kaltaisesta laitteesta.<\/p>\n<p><a href=\"https:\/\/x.com\/zhihuipikachu\/status\/2006064525662204107\" rel=\"nofollow\">Nyt tunnettu kiinalaisvuotaja nimimerkilt\u00e4\u00e4n Smart Pikachu on paljastanut tietojaan OpenAI:n ty\u00f6st\u00e4mist\u00e4 laitteista<\/a>.<\/p>\n<p>Vuotajan mukaan OpenAI:lla on ty\u00f6n alla kaikkiaan kolme projektia, joista yksi on kyn\u00e4 ja toinen mukana kuljetettava audiolaite. Kyn\u00e4n kaltainen teko\u00e4lylaite olisi uusi avaus markkinoilla. Toisaalta aiemminkin yhdeksi mahdollisuudeksi on kuvailtu kannettavaa \u00e4lykaiutinta, ilman n\u00e4ytt\u00f6\u00e4.<\/p>\n<p style=\"width: 98%; text-align: center; font-size:13px; border-bottom: 1px solid #C8C8C8; line-height: 0.1em; margin: 8px 1% 16px 1%;\">MAINOS (ARTIKKELI JATKUU ALLA)<\/p>\n<p>Projektin koodinimeksi vuotaja mainitsee Gumdrop. Tietonsa vuotaja perustaa todenn\u00e4k\u00f6isesti sopimusvalmistajal\u00e4hteisiin, joiden osalta h\u00e4n kertoo projektia alun perin ty\u00f6stetyn kiinalaisen Luxsharen kanssa, mutta sen siirtyv\u00e4n nyt todenn\u00e4k\u00f6isesti Foxconnin valmistettavaksi. Syyn\u00e4 t\u00e4h\u00e4n on OpenAI:n halu v\u00e4ltt\u00e4\u00e4 Kiinaa valmistusmaana, ja t\u00e4ll\u00e4 hetkell\u00e4 tuotannon onkin kaavailtu tapahtuvan Vietnamissa, joskin keskusteluja k\u00e4yd\u00e4\u00e4n my\u00f6s mahdollisesta valmistuksesta Yhdysvalloissa.<\/p>\n<p><a href=\"https:\/\/mobiili.fi\/2025\/11\/25\/sam-altman-ja-jony-ive-kertoivat-openain-odotetun-tekoalylaitteen-edistymisesta-projektin-pariin-siirtynyt-kymmenia-osaajia-applelta\/\" rel=\"nofollow noopener\" target=\"_blank\">Aiemmin marraskuussa haastattelussa toimitusjohtaja Altman kertoi laitteen kehityksen edenneen prototyyppivaiheeseen ja markkinoilletulon olevan tapahtumassa seuraavan kahden vuoden aikana<\/a>.<\/p>\n<p>\u201dVihdoinkin meill\u00e4 on ensimm\u00e4iset prototyypit\u201d, OpenAI:n toimitusjohtaja Sam Altman totesi. \u201dEn voi uskoa, kuinka leuat loksauttavan hyv\u00e4\u00e4 ja j\u00e4nnitt\u00e4v\u00e4\u00e4 ty\u00f6 on. Mutta nyt kun voimme olla j\u00e4lkiviisaita ja tarkastella edistymist\u00e4 \u2013 prosessia taaksep\u00e4in \u2013 kuinka paljon kaikkea se sis\u00e4lt\u00e4\u00e4 ja miten se ei olisi toiminut mill\u00e4\u00e4n muulla tavalla. Ja sitten lopulta syntyy t\u00e4m\u00e4 poikkeuksellinen asia.\u201d<\/p>\n<p>Aiemmin ensimm\u00e4ist\u00e4 laitetta OpenAI:lta povattiin markkinoille jopa jo loppuvuodesta 2026, mutta\u00a0 sittemmin aikataulu n\u00e4ytt\u00e4\u00e4 hieman viiv\u00e4styneen.<\/p>\n<p style=\"width: 98%; text-align: center; font-size:13px; border-bottom: 1px solid #C8C8C8; line-height: 0.1em; margin: 8px 1% 16px 1%;\">MAINOS (ARTIKKELI JATKUU ALLA)<\/p>\n<p>\u00a0<\/p>\n<p>OpenAI:n ja Jony Iven visio on Altmanin mukaan \u201cluoda tuotteita, jotka ylitt\u00e4v\u00e4t perinteiset k\u00e4ytt\u00f6liittym\u00e4t ja laitteet\u201d.<\/p>\n<p>Toistaiseksi tiedet\u00e4\u00e4nkin l\u00e4hinn\u00e4, ett\u00e4 ty\u00f6n alla voi olla tavalla tai toisella mukana kulkevan laitteen muotoon paketoitu teko\u00e4lyavustaja.<\/p>\n<p style=\"width: 98%; text-align: center; font-size:13px; border-bottom: 1px solid #C8C8C8; line-height: 0.1em; margin: 8px 1% 16px 1%;\">MAINOS (ARTIKKELI JATKUU ALLA)<\/p>\n<p><a href=\"https:\/\/mobiili.fi\/2025\/10\/06\/raportti-openain-uudenlaisen-tekoalylaitteen-kehityksessa-kolme-merkittavaa-ongelmaa-applen-ex-design-gurun-tyostaman-uutuuden-aikataulu-voi-venahtaa\/\" rel=\"nofollow noopener\" target=\"_blank\">Financial Times raportoi lokakuussa OpenAI:n laitteiden kehitysty\u00f6ss\u00e4 kohdatun kolme haastetta<\/a>. Yksi n\u00e4ist\u00e4 liittyy laitteen personaallisuuteen ja toimintapaan, toinen puolestaan yksityisyyteen, sill\u00e4 tiett\u00e4v\u00e4sti OpenAI:n teko\u00e4lylaitteen on tarkoitus olla jatkuvasti p\u00e4\u00e4ll\u00e4. T\u00e4m\u00e4 tarkoittaisi mikrofonien sek\u00e4 mahdollisesti kameroiden olevan jatkuvasti aktiivisia. Kolmas haaste liittyy laskentakapasiteetin rajoituksiin. OpenAI:lla on jatkuvia vaikeuksia varmistaa riitt\u00e4v\u00e4sti laskentakapasiteettia edes kasvavan ChatGPT-palvelun tarpeisiin, ja suosittu teko\u00e4lylaite voisi kasvattaa tarvetta huomattavasti.<\/p>\n<p>Jony Iven lis\u00e4ksi OpenAI:n laitekehityksess\u00e4 on mukana joukko muitakin nimekk\u00e4it\u00e4 entisi\u00e4 Applen ty\u00f6ntekij\u00f6it\u00e4 \u2013 mukaan lukien io productsin perustajiin kuuluvat Scott Cannon, Evans Hankey ja Tang Tan.<\/p>\n<p>Bloombergin Apple-reportteri Mark Gurman raportoi marraskuussa <a href=\"https:\/\/www.bloomberg.com\/news\/newsletters\/2025-11-23\/apple-ios-27-snow-leopard-like-quality-focus-ai-features-tim-cook-retirement-mibq7jv8\" rel=\"nofollow noopener\" target=\"_blank\">Power On -uutiskirjeess\u00e4\u00e4n<\/a> OpenAI:n laitetiimin kiihdytt\u00e4neen rekrytointejaan. Monet uusista ty\u00f6ntekij\u00f6ist\u00e4 ovat siirtyneet Applelta. Aiempiin rekrytointeihin Applelta ovat lukeutuneet k\u00e4ytt\u00f6liittym\u00e4tiimiss\u00e4 15 vuotta ty\u00f6skennellyt Cyrus Daniel, l\u00e4hes 20 vuotta tuotantosuunnittellussa ty\u00f6skennellyt Matt Theobald sek\u00e4 Apple Watch -suunnittelua johtamassa ollut Erik de Jong.<\/p>\n<p>Kaikkiaan Applelta OpenAI:lle laitetiimiin on siirtynyt jo kymmeni\u00e4 ty\u00f6ntekij\u00f6it\u00e4. OpenAI on rekrytoinut osaajia Applelta eri tasoilta ja lukemattomilta eri osastoilta \u2013 esimerkiksi kamerakehityksest\u00e4, iPhone- ja Mac-laitekehityksest\u00e4, piirikehityksest\u00e4, laitetestauksesta, teollisesta muotoilusta, tuotantosuunnittelusta, \u00e4\u00e4nikehityksest\u00e4, \u00e4lykelloista, Vision Pro -kehityksest\u00e4, ohjelmistoista ja muusta.<\/p>\n<p>Mainos: <a href=\"https:\/\/hinta.fi\/?src=gPp6fX03\" target=\"_blank\" rel=\"nofollow noopener\">Noin 1 600 000 tuotteen hintavertailu ja hintaseuranta &#8211; katso Hinta.fist\u00e4 mist\u00e4 saat halvimmalla<\/a><\/p>\n","protected":false},"excerpt":{"rendered":"Jony Ive ja OpenAI:n toimitusjohtaja Sam Altman. Teko\u00e4ly-yhti\u00f6 OpenAI kehitt\u00e4\u00e4 t\u00e4ydell\u00e4 tohinalla my\u00f6s ensimm\u00e4ist\u00e4 laitettaan \u2013 todella nimekk\u00e4iden&hellip;\n","protected":false},"author":2,"featured_media":99746,"comment_status":"","ping_status":"","sticky":false,"template":"","format":"standard","meta":{"footnotes":""},"categories":[89],"tags":[432,431,33,31,30,32,91,92,433],"class_list":{"0":"post-130251","1":"post","2":"type-post","3":"status-publish","4":"format-standard","5":"has-post-thumbnail","7":"category-tekoaly","8":"tag-ai","9":"tag-artificial-intelligence","10":"tag-fi","11":"tag-finland","12":"tag-finnish","13":"tag-suomi","14":"tag-technology","15":"tag-teknologia","16":"tag-tekoaly"},"share_on_mastodon":{"url":"https:\/\/pubeurope.com\/@fi\/115816783039872128","error":""},"_links":{"self":[{"href":"https:\/\/www.europesays.com\/fi\/wp-json\/wp\/v2\/posts\/130251","targetHints":{"allow":["GET"]}}],"collection":[{"href":"https:\/\/www.europesays.com\/fi\/wp-json\/wp\/v2\/posts"}],"about":[{"href":"https:\/\/www.europesays.com\/fi\/wp-json\/wp\/v2\/types\/post"}],"author":[{"embeddable":true,"href":"https:\/\/www.europesays.com\/fi\/wp-json\/wp\/v2\/users\/2"}],"replies":[{"embeddable":true,"href":"https:\/\/www.europesays.com\/fi\/wp-json\/wp\/v2\/comments?post=130251"}],"version-history":[{"count":0,"href":"https:\/\/www.europesays.com\/fi\/wp-json\/wp\/v2\/posts\/130251\/revisions"}],"wp:featuredmedia":[{"embeddable":true,"href":"https:\/\/www.europesays.com\/fi\/wp-json\/wp\/v2\/media\/99746"}],"wp:attachment":[{"href":"https:\/\/www.europesays.com\/fi\/wp-json\/wp\/v2\/media?parent=130251"}],"wp:term":[{"taxonomy":"category","embeddable":true,"href":"https:\/\/www.europesays.com\/fi\/wp-json\/wp\/v2\/categories?post=130251"},{"taxonomy":"post_tag","embeddable":true,"href":"https:\/\/www.europesays.com\/fi\/wp-json\/wp\/v2\/tags?post=130251"}],"curies":[{"name":"wp","href":"https:\/\/api.w.org\/{rel}","templated":true}]}}