{"id":130257,"date":"2025-12-31T23:44:12","date_gmt":"2025-12-31T23:44:12","guid":{"rendered":"https:\/\/www.europesays.com\/fi\/130257\/"},"modified":"2025-12-31T23:44:12","modified_gmt":"2025-12-31T23:44:12","slug":"taman-jalkeen-varot-puhumisiasi-puheesi-paljastaa-sinusta-pelottavan-paljon","status":"publish","type":"post","link":"https:\/\/www.europesays.com\/fi\/130257\/","title":{"rendered":"T\u00e4m\u00e4n j\u00e4lkeen varot puhumisiasi \u2013 Puheesi paljastaa sinusta pelottavan paljon"},"content":{"rendered":"<p>Puhujan \u00e4\u00e4ni voi paljastaa tunnetiloja ja jopa poliittisen vakaumuksen. T\u00e4m\u00e4 voi hankaloittaa esimerkiksi ty\u00f6paikan saamista.<\/p>\n<p><img decoding=\"async\" class=\"image image-show image-preview\" src=\"https:\/\/www.europesays.com\/fi\/wp-content\/uploads\/2025\/12\/3b527f9ec65fb42f8ac98362e8daa1753c5b50a2b41d343b920baaab1c5b2cfd.jpg\" alt=\"\"\/><img decoding=\"async\" class=\"image image-show\" src=\"https:\/\/www.europesays.com\/fi\/wp-content\/uploads\/2025\/12\/1767224652_123_3b527f9ec65fb42f8ac98362e8daa1753c5b50a2b41d343b920baaab1c5b2cfd.jpg\" alt=\"\"\/><\/p>\n<p>Puheella toimivat teko\u00e4lyavustimet ovat yleistyneet puhelimissa viime vuosina. Fadlik Febrian \/ Alamy Stock Photo<\/p>\n<p class=\"paragraph\">\u00c4\u00e4neen perustuvat teknologiat kehittyv\u00e4t nopeaa vauhtia, ja \u00e4\u00e4niohjatut teko\u00e4lyavustimet ovat jo monille tuttuja. Pelk\u00e4st\u00e4\u00e4n puheen perusteella saatetaan tulevaisuudessa p\u00e4\u00e4tell\u00e4 perusteella tietoja muun muassa puhujan sairauksista tai terveydentilan muutoksista.<\/p>\n<p class=\"paragraph\">Aalto-yliopiston puhe- ja kieliteknologian professori <strong>Tom B\u00e4ckstr\u00f6m<\/strong> kuitenkin varoittaa, ett\u00e4 \u00e4\u00e4nest\u00e4 saadut tiedot voivat paljastaa puhujasta hyvin paljon muutakin.<\/p>\n<p class=\"paragraph\">\u2013 Puheeseen sis\u00e4ltyy tietoa esimerkiksi terveydest\u00e4, kulttuuritaustasta ja koulutustasosta. Se v\u00e4littyy puheen mukana, vaikka ihminen itse ei sit\u00e4 tiedostaisi, B\u00e4ckstr\u00f6m kertoo yliopiston tiedotteessa.<\/p>\n<p class=\"paragraph\">Erot esimerkiksi \u00e4\u00e4nen painossa, puhenopeudessa tai sanavalinnoissa voivat paljastaa puhujasta h\u00e4nen tunnetilojaan tai sosiaalista taustaansa. Jopa poliittinen suuntaus on mahdollista saada selville.<\/p>\n<p class=\"paragraph\">\u00c4\u00e4nitallenteista saatu terveystieto voi vaikuttaa jatkossa esimerkiksi vakuutusten saantiin. My\u00f6s ty\u00f6nantajat voisivat mahdollisesti k\u00e4ytt\u00e4\u00e4 \u00e4\u00e4nitallenteista saatuja tietoja ty\u00f6ntekij\u00f6iden arvioinneissa ja jopa heit\u00e4 vastaan. Mahdollista on my\u00f6s, ett\u00e4 puheeseen liittyvi\u00e4 analyyseja k\u00e4ytett\u00e4isiin vainoamiseen tai h\u00e4irint\u00e4\u00e4n.<\/p>\n<p class=\"paragraph\">B\u00e4ckstr\u00f6m korostaa, ett\u00e4 n\u00e4ihin voi liitty\u00e4 my\u00f6s ep\u00e4suoraa haittaa.<\/p>\n<p class=\"paragraph\">\u2013 Jo se, ett\u00e4 ihminen kokee olevansa koko ajan kuunneltavana \u2013 tai pelko jatkuvasta tarkkailusta \u2013 on itsess\u00e4\u00e4n psykologisesti vahingollista.<\/p>\n<p>Yksityisyyden suoja paremmaksi<\/p>\n<p class=\"paragraph\">B\u00e4ckstr\u00f6min mukaan \u00e4\u00e4nen analysointiteknologiat ovat kehitysvaiheessa eiv\u00e4tk\u00e4 ole viel\u00e4 t\u00e4ysin valmiita. Yksityisyyden suojaamiseksi pyrit\u00e4\u00e4n kuitenkin kehitt\u00e4m\u00e4\u00e4n suojakeinoja jo nyt, ennen kuin ongelma kasvaa liian suureksi.<\/p>\n<p class=\"paragraph\">Tutkijoiden mukaan riskin\u00e4 on, ett\u00e4 puhepalveluita k\u00e4ytt\u00e4m\u00e4t\u00f6n joutuu tiedostamattaan tallennetuksi esimerkiksi taustah\u00e4lyss\u00e4.<\/p>\n<p class=\"paragraph\">Ratkaisuksi esitet\u00e4\u00e4n keinoa, jossa puhetallenteesta rajattaisiin vain tarvittavat tiedot, jotka voitaisiin k\u00e4sitell\u00e4 suoraan laitteella ilman niiden siirt\u00e4mist\u00e4 pilvipalveluihin. T\u00e4m\u00e4 pienent\u00e4isi siirrett\u00e4v\u00e4n datan m\u00e4\u00e4r\u00e4\u00e4, ja voisi parantaa my\u00f6s puheanalysointij\u00e4rjestelm\u00e4n toimintavarmuutta.<\/p>\n<p class=\"paragraph\">\u2013 K\u00e4ytt\u00f6liittym\u00e4n pit\u00e4isi kertoa, kuinka yksityinen vuorovaikutustilanne on ja kuinka varma j\u00e4rjestelm\u00e4 on toiminnastaan. Kun n\u00e4m\u00e4 asiat tehd\u00e4\u00e4n n\u00e4kyviksi, syntyy pitk\u00e4aikaista luottamusta, B\u00e4ckstr\u00f6m kertoo.<\/p>\n<p class=\"paragraph\">B\u00e4ckstr\u00f6m perusti kollegoidensa kanssa vuonna 2019 kansainv\u00e4lisen tutkimusverkoston, joka keskittyy puheteknologioiden yksityisyyteen ja tietoturvaan.<\/p>\n","protected":false},"excerpt":{"rendered":"Puhujan \u00e4\u00e4ni voi paljastaa tunnetiloja ja jopa poliittisen vakaumuksen. T\u00e4m\u00e4 voi hankaloittaa esimerkiksi ty\u00f6paikan saamista. Puheella toimivat teko\u00e4lyavustimet&hellip;\n","protected":false},"author":2,"featured_media":130258,"comment_status":"","ping_status":"","sticky":false,"template":"","format":"standard","meta":{"footnotes":""},"categories":[84],"tags":[35,1937,33,31,30,603,96,32,91,92,487,149],"class_list":{"0":"post-130257","1":"post","2":"type-post","3":"status-publish","4":"format-standard","5":"has-post-thumbnail","7":"category-teknologia","8":"tag-24h","9":"tag-ammattitaito","10":"tag-fi","11":"tag-finland","12":"tag-finnish","13":"tag-korkeakoulu","14":"tag-koulutus","15":"tag-suomi","16":"tag-technology","17":"tag-teknologia","18":"tag-teknologia-yleista","19":"tag-tietojenkasittely-ja-informaatioteknologia"},"share_on_mastodon":{"url":"https:\/\/pubeurope.com\/@fi\/115816842212205834","error":""},"_links":{"self":[{"href":"https:\/\/www.europesays.com\/fi\/wp-json\/wp\/v2\/posts\/130257","targetHints":{"allow":["GET"]}}],"collection":[{"href":"https:\/\/www.europesays.com\/fi\/wp-json\/wp\/v2\/posts"}],"about":[{"href":"https:\/\/www.europesays.com\/fi\/wp-json\/wp\/v2\/types\/post"}],"author":[{"embeddable":true,"href":"https:\/\/www.europesays.com\/fi\/wp-json\/wp\/v2\/users\/2"}],"replies":[{"embeddable":true,"href":"https:\/\/www.europesays.com\/fi\/wp-json\/wp\/v2\/comments?post=130257"}],"version-history":[{"count":0,"href":"https:\/\/www.europesays.com\/fi\/wp-json\/wp\/v2\/posts\/130257\/revisions"}],"wp:featuredmedia":[{"embeddable":true,"href":"https:\/\/www.europesays.com\/fi\/wp-json\/wp\/v2\/media\/130258"}],"wp:attachment":[{"href":"https:\/\/www.europesays.com\/fi\/wp-json\/wp\/v2\/media?parent=130257"}],"wp:term":[{"taxonomy":"category","embeddable":true,"href":"https:\/\/www.europesays.com\/fi\/wp-json\/wp\/v2\/categories?post=130257"},{"taxonomy":"post_tag","embeddable":true,"href":"https:\/\/www.europesays.com\/fi\/wp-json\/wp\/v2\/tags?post=130257"}],"curies":[{"name":"wp","href":"https:\/\/api.w.org\/{rel}","templated":true}]}}