{"id":130268,"date":"2026-01-01T00:07:08","date_gmt":"2026-01-01T00:07:08","guid":{"rendered":"https:\/\/www.europesays.com\/fi\/130268\/"},"modified":"2026-01-01T00:07:08","modified_gmt":"2026-01-01T00:07:08","slug":"ilves-teki-jatkosopimuksen-maalivahti-mantas-armalisin-kanssa","status":"publish","type":"post","link":"https:\/\/www.europesays.com\/fi\/130268\/","title":{"rendered":"Ilves teki jatkosopimuksen maalivahti Mantas Armalisin kanssa"},"content":{"rendered":"<p>Lokakuussa Ilveksen riveihin liittynyt 33-vuotias Armalis on pelannut Liigassa yhdeks\u00e4ss\u00e4 ottelussa.<\/p>\n<p class=\"article-body mb-nof-24 px-nof-16\">Tampereen Ilves on tehnyt kauden 2026\u20132027 kattavan jatkosopimuksen maalivahti <a class=\"font-bold underline-offset-[0.12em] [text-decoration:var(--person-link-text-decoration)] ![text-decoration-color:var(--person-link-text-decoration-color)]\" href=\"https:\/\/www.aamulehti.fi\/haku\/?query=Mantas%20Armaliksen\" rel=\"nofollow noopener\" target=\"_blank\">Mantas Armaliksen<\/a> kanssa, Ilves kertoo <a class=\"underline underline-offset-[0.12em] [text-decoration-thickness:var(--generic-link-underline-thickness)] [text-decoration-color:var(--generic-link-underline-color)] [text-decoration-skip-ink:var(--generic-link-underline-skip-ink)] break-words\" href=\"https:\/\/www.ilves.com\/ilves-ja-mantas-armalis-jatkosopimukseen\/\" rel=\"nofollow noopener\" target=\"_blank\">verkkosivuillaan<\/a>.<\/p>\n<p class=\"article-body mb-nof-24 px-nof-16\">Lokakuussa Ilveksen riveihin liittynyt 33-vuotias Armalis on pelannut Liigassa yhdeks\u00e4ss\u00e4 ottelussa, joista Ilves on ottanut viisi kolmen pisteen voittoa, kolme kahden pisteen voittoa ja h\u00e4vinnyt vain yhden.<\/p>\n<p class=\"article-body mb-nof-24 px-nof-16\">Kaksi nollapeli\u00e4 pelanneen 192-senttisen liettualaismaalivahdin torjuntaprosentti 92,54, p\u00e4\u00e4stettyjen maalien keskiarvo 1,86 ja voittoprosentti 72,22 ovat sarjan parhaimmistoa.<\/p>\n<p class=\"article-body mb-nof-24 px-nof-16\">H\u00e4nell\u00e4 ei ole viel\u00e4 virallista sijoitusta Liigan tilastoissa, sill\u00e4 maalivahdin tulee olla pelannut v\u00e4hint\u00e4\u00e4n kolmasosan joukkueen otteluista saadakseen sijoituksen.<\/p>\n<p class=\"article-body mb-nof-24 px-nof-16\">CHL:ss\u00e4 Armalis torjui kahdessa ottelussa, joista Ilves voitti yhden. H\u00e4nen torjuntaprosenttinsa oli 91,53 ja p\u00e4\u00e4stettyjen maalien keskiarvonsa 2,50.<\/p>\n<p class=\"article-body mb-nof-24 px-nof-16\">Armaliksen jatkosopimus luo Ilveksen tiedotteen mukaan jatkuvuutta ja vahvan perustan Ilveksen maalivahtiosastolle my\u00f6s Liiga-kaudelle 2026\u20132027.<\/p>\n","protected":false},"excerpt":{"rendered":"Lokakuussa Ilveksen riveihin liittynyt 33-vuotias Armalis on pelannut Liigassa yhdeks\u00e4ss\u00e4 ottelussa. Tampereen Ilves on tehnyt kauden 2026\u20132027 kattavan&hellip;\n","protected":false},"author":2,"featured_media":130269,"comment_status":"","ping_status":"","sticky":false,"template":"","format":"standard","meta":{"footnotes":""},"categories":[158],"tags":[157,33,31,30,159,32,160],"class_list":{"0":"post-130268","1":"post","2":"type-post","3":"status-publish","4":"format-standard","5":"has-post-thumbnail","7":"category-urheilu","8":"tag-aamulehti","9":"tag-fi","10":"tag-finland","11":"tag-finnish","12":"tag-sports","13":"tag-suomi","14":"tag-urheilu"},"share_on_mastodon":{"url":"https:\/\/pubeurope.com\/@fi\/115816932471748479","error":""},"_links":{"self":[{"href":"https:\/\/www.europesays.com\/fi\/wp-json\/wp\/v2\/posts\/130268","targetHints":{"allow":["GET"]}}],"collection":[{"href":"https:\/\/www.europesays.com\/fi\/wp-json\/wp\/v2\/posts"}],"about":[{"href":"https:\/\/www.europesays.com\/fi\/wp-json\/wp\/v2\/types\/post"}],"author":[{"embeddable":true,"href":"https:\/\/www.europesays.com\/fi\/wp-json\/wp\/v2\/users\/2"}],"replies":[{"embeddable":true,"href":"https:\/\/www.europesays.com\/fi\/wp-json\/wp\/v2\/comments?post=130268"}],"version-history":[{"count":0,"href":"https:\/\/www.europesays.com\/fi\/wp-json\/wp\/v2\/posts\/130268\/revisions"}],"wp:featuredmedia":[{"embeddable":true,"href":"https:\/\/www.europesays.com\/fi\/wp-json\/wp\/v2\/media\/130269"}],"wp:attachment":[{"href":"https:\/\/www.europesays.com\/fi\/wp-json\/wp\/v2\/media?parent=130268"}],"wp:term":[{"taxonomy":"category","embeddable":true,"href":"https:\/\/www.europesays.com\/fi\/wp-json\/wp\/v2\/categories?post=130268"},{"taxonomy":"post_tag","embeddable":true,"href":"https:\/\/www.europesays.com\/fi\/wp-json\/wp\/v2\/tags?post=130268"}],"curies":[{"name":"wp","href":"https:\/\/api.w.org\/{rel}","templated":true}]}}