{"id":130273,"date":"2026-01-01T00:12:08","date_gmt":"2026-01-01T00:12:08","guid":{"rendered":"https:\/\/www.europesays.com\/fi\/130273\/"},"modified":"2026-01-01T00:12:08","modified_gmt":"2026-01-01T00:12:08","slug":"kiina-paatti-sotaharjoitukset-taiwanin-lahistolta-uutissuomalainen-2","status":"publish","type":"post","link":"https:\/\/www.europesays.com\/fi\/130273\/","title":{"rendered":"Kiina p\u00e4\u00e4tti sotaharjoitukset Taiwanin l\u00e4hist\u00f6lt\u00e4 | Uutissuomalainen"},"content":{"rendered":"<p>Taiwanin l\u00e4hist\u00f6ll\u00e4 alkuviikosta sotaharjoituksia suorittanut Kiina on vet\u00e4nyt aluksensa saaren ymp\u00e4rilt\u00e4. Kiinan mukaan harjoitukset olivat onnistuneet.<\/p>\n<p>Kiina harjoitteli Taiwanin saartamista. Se laukaisi ohjuksia ja sijoitti Taiwanin ymp\u00e4rille runsaasti laivaston aluksia. Lis\u00e4ksi sotaharjoitukseen osallistui yli sata Kiinan sotilaslentokonetta.<\/p>\n<p>Kiina muun muassa simuloi Taiwanin keskeisten satamien saartoa, mutta taiwanilaisen puolustusvirkamiehen mukaan Kiina ei onnistunut tavoitteessa.<\/p>\n<p>Sek\u00e4 Japani ett\u00e4 Australia kommentoivat keskiviikkona Kiinan sotaharjoituksia. Japanin mukaan harjoitukset lis\u00e4\u00e4v\u00e4t j\u00e4nnitteit\u00e4 alueella. Australia puolestaan tuomitsi harjoitukset. Taiwan kutsui harjoituksia eritt\u00e4in provosoiviksi.<\/p>\n","protected":false},"excerpt":{"rendered":"Taiwanin l\u00e4hist\u00f6ll\u00e4 alkuviikosta sotaharjoituksia suorittanut Kiina on vet\u00e4nyt aluksensa saaren ymp\u00e4rilt\u00e4. Kiinan mukaan harjoitukset olivat onnistuneet. Kiina harjoitteli&hellip;\n","protected":false},"author":2,"featured_media":130274,"comment_status":"","ping_status":"","sticky":false,"template":"","format":"standard","meta":{"footnotes":""},"categories":[14],"tags":[802,22,23,26,27,33,31,30,17,24,25,803,121,28,29,15,18,21,32,19,20,56,16,2568,59,60,61],"class_list":{"0":"post-130273","1":"post","2":"type-post","3":"status-publish","4":"format-standard","5":"has-post-thumbnail","7":"category-ulkomaat","8":"tag-armeijat-ja-aseelliset-joukot","9":"tag-breaking-news","10":"tag-breakingnews","11":"tag-featured-news","12":"tag-featurednews","13":"tag-fi","14":"tag-finland","15":"tag-finnish","16":"tag-headlines","17":"tag-latest-news","18":"tag-latestnews","19":"tag-levottomuudet-ja-sodat","20":"tag-liikenne-ja-kuljetus","21":"tag-main-news","22":"tag-mainnews","23":"tag-news","24":"tag-otsikot","25":"tag-paauutiset","26":"tag-suomi","27":"tag-top-stories","28":"tag-topstories","29":"tag-ulkomaat","30":"tag-uutiset","31":"tag-vesiliikenne","32":"tag-world","33":"tag-world-news","34":"tag-worldnews"},"share_on_mastodon":{"url":"https:\/\/pubeurope.com\/@fi\/115816952202635039","error":""},"_links":{"self":[{"href":"https:\/\/www.europesays.com\/fi\/wp-json\/wp\/v2\/posts\/130273","targetHints":{"allow":["GET"]}}],"collection":[{"href":"https:\/\/www.europesays.com\/fi\/wp-json\/wp\/v2\/posts"}],"about":[{"href":"https:\/\/www.europesays.com\/fi\/wp-json\/wp\/v2\/types\/post"}],"author":[{"embeddable":true,"href":"https:\/\/www.europesays.com\/fi\/wp-json\/wp\/v2\/users\/2"}],"replies":[{"embeddable":true,"href":"https:\/\/www.europesays.com\/fi\/wp-json\/wp\/v2\/comments?post=130273"}],"version-history":[{"count":0,"href":"https:\/\/www.europesays.com\/fi\/wp-json\/wp\/v2\/posts\/130273\/revisions"}],"wp:featuredmedia":[{"embeddable":true,"href":"https:\/\/www.europesays.com\/fi\/wp-json\/wp\/v2\/media\/130274"}],"wp:attachment":[{"href":"https:\/\/www.europesays.com\/fi\/wp-json\/wp\/v2\/media?parent=130273"}],"wp:term":[{"taxonomy":"category","embeddable":true,"href":"https:\/\/www.europesays.com\/fi\/wp-json\/wp\/v2\/categories?post=130273"},{"taxonomy":"post_tag","embeddable":true,"href":"https:\/\/www.europesays.com\/fi\/wp-json\/wp\/v2\/tags?post=130273"}],"curies":[{"name":"wp","href":"https:\/\/api.w.org\/{rel}","templated":true}]}}