{"id":130277,"date":"2026-01-01T00:14:09","date_gmt":"2026-01-01T00:14:09","guid":{"rendered":"https:\/\/www.europesays.com\/fi\/130277\/"},"modified":"2026-01-01T00:14:09","modified_gmt":"2026-01-01T00:14:09","slug":"israel-aloitti-palestiinalaisten-asuttamien-25-rakennuksen-purkamisen-lansirannalla-uutisia-lyhyesti","status":"publish","type":"post","link":"https:\/\/www.europesays.com\/fi\/130277\/","title":{"rendered":"Israel aloitti palestiinalaisten asuttamien 25 rakennuksen purkamisen L\u00e4nsirannalla | Uutisia lyhyesti"},"content":{"rendered":"<p class=\"aw-1gybjub aw-5vja16 kEtdKx kmuxyA yle__article__paragraph\">Rakennuksissa on asunut satakunta perhett\u00e4. Israelin asevoimien mukaan rakennusten purkaminen on osa aseistettujen ryhmien vastaista operaatiota.<\/p>\n<p><img decoding=\"async\" alt=\"Rakennusmiehet purkavat rakennuksia joutomaalla L\u00e4nsirannalla. T\u00f6ihin k\u00e4ytet\u00e4\u00e4n kaivinkoneita.\" src=\"https:\/\/www.europesays.com\/fi\/wp-content\/uploads\/2026\/01\/39-15762136955a45b796f8.jpeg\" class=\"aw-1l9m598 hKVVvP\"\/><\/p>\n<p>Avaa kuvien katselu<\/p>\n<p>Israelilaiset ty\u00f6miehet purkavat palestiinalaisten parakkirakennusta al-Samun kyl\u00e4ss\u00e4 miehitetyll\u00e4 L\u00e4nsirannalla 31. joulukuuta 2025. Kuva: Hazem Bader \/ AFP<\/p>\n<p class=\"aw-1gybjub aw-1p7kakr kEtdKx cEmitX yle__article__paragraph\">Israel aloitti palestiinalaisten asuttamien 25 rakennuksen purkamisen L\u00e4nsirannalla uudenvuodenaattona eli keskiviikkona.<\/p>\n<p class=\"aw-1gybjub aw-1p7kakr kEtdKx cEmitX yle__article__paragraph\">Purettavat rakennukset sijaitsevat Nur Shamsin pakolaisleirill\u00e4, jossa israelilaisjoukkojen ja palestiinalaisten yhteenotot ovat tavallisia. Rakennuksissa on asunut satakunta perhett\u00e4.<\/p>\n<p class=\"aw-1gybjub aw-1p7kakr kEtdKx cEmitX yle__article__paragraph\">\u2013 Omista kodeistamme, naapurustoistamme ja muistoistamme irti revityksi tuleminen on \u00e4\u00e4rimm\u00e4isen tuskallista, sanoi uutistoimisto AFP:lle yksi asukas, jonka asuinrakennusta oltiin purkamassa.<\/p>\n<p class=\"aw-1gybjub aw-1p7kakr kEtdKx cEmitX yle__article__paragraph\">Nur Shamsin kansankomitean j\u00e4sen <strong class=\"aw-ak79eh KyCXm yle__article__strong\">Nihaya al-Jendi<\/strong> sanoi AFP:lle, ett\u00e4 satoja perheit\u00e4 oli ajettu kodeistaan jo ennen kuin Israel aloitti sotilasoperaationsa aiemmin vuonna 2025.<\/p>\n<p class=\"aw-1gybjub aw-1p7kakr kEtdKx cEmitX yle__article__paragraph\">Israelin asevoimat ilmoitti tammikuussa 2025 terrorismin vastaisesta operaatiosta L\u00e4nsirannalla. Operaatio kohdistui erityisesti palestiinalaisiin pakolaisleireihin. Marraskuussa asevoimat ilmoitti uudesta, samankaltaisesta operaatiosta alueella.<\/p>\n<p class=\"aw-1gybjub aw-1p7kakr kEtdKx cEmitX yle__article__paragraph\">\u2013 T\u00e4ll\u00e4 hetkell\u00e4 yli 1 500 pakolaisleirill\u00e4 asunutta perhett\u00e4 ei edelleenk\u00e4\u00e4n pysty palaamaan koteihinsa, al-Jendi sanoi.<\/p>\n<p class=\"aw-1gybjub aw-1p7kakr kEtdKx cEmitX yle__article__paragraph\">\u2013 T\u00e4m\u00e4 on suuri katastrofi \u2013 todellinen palestiinalaispakolaisia kohdannut humanitaarinen katastrofi \u2013 joka tapahtuu maailman silmien edess\u00e4, h\u00e4n jatkoi.<\/p>\n<p>V\u00e4kivaltaisuudet lis\u00e4\u00e4ntyneet L\u00e4nsirannalla<\/p>\n<p class=\"aw-1gybjub aw-1p7kakr kEtdKx cEmitX yle__article__paragraph\">Israelin asevoimien mukaan rakennusten purkaminen on osa aseistettujen ryhmien vastaista operaatiota.<\/p>\n<p class=\"aw-1gybjub aw-1p7kakr kEtdKx cEmitX yle__article__paragraph\">V\u00e4kivaltaisuudet ovat lis\u00e4\u00e4ntyneet L\u00e4nsirannalla merkitt\u00e4v\u00e4sti viime vuosina, erityisesti \u00e4\u00e4rij\u00e4rjest\u00f6 Hamasin runsaat kaksi vuotta sitten Israeliin tekem\u00e4n hy\u00f6kk\u00e4yksen j\u00e4lkeen.<\/p>\n<p class=\"aw-1gybjub aw-1p7kakr kEtdKx cEmitX yle__article__paragraph\">Aiemmin joulukuussa uutisoitiin, ett\u00e4 YK:n p\u00e4\u00e4sihteerin raportin mukaan Israelin laittomia siirtokuntia laajennetaan L\u00e4nsirannalla enn\u00e4tystahtiin. Raportin mukaan siirtokuntien rakentaminen on nopeinta tilastohistorian aikana. YK alkoi yll\u00e4pit\u00e4\u00e4 aiheesta tilastoa vuonna 2017.<\/p>\n<p class=\"aw-1gybjub aw-1p7kakr kEtdKx cEmitX yle__article__paragraph\">Muiden L\u00e4nsirannan pakolaisleirien tapaan Nur Shams perustettiin sen j\u00e4lkeen, kun sadattuhannet palestiinalaiset joutuivat l\u00e4htem\u00e4\u00e4n kodeistaan Israelin perustamisen yhteydess\u00e4 vuosina 1947\u201348.<\/p>\n<p class=\"aw-1gybjub aw-1p7kakr kEtdKx cEmitX yle__article__paragraph\">Israel on miehitt\u00e4nyt L\u00e4nsirantaa vuodesta 1967. Kes\u00e4ll\u00e4 2024 Kansainv\u00e4linen tuomioistuin (ICJ) <a class=\"aw-iao6s4 iHOxEa yle__article__link\" href=\"https:\/\/www.icj-cij.org\/index.php\/node\/204160\" role=\"link\" rel=\"nofollow noopener\" target=\"_blank\">linjasi<\/a>, ett\u00e4 Israelin miehitys on laiton.<\/p>\n","protected":false},"excerpt":{"rendered":"Rakennuksissa on asunut satakunta perhett\u00e4. Israelin asevoimien mukaan rakennusten purkaminen on osa aseistettujen ryhmien vastaista operaatiota. Avaa kuvien&hellip;\n","protected":false},"author":2,"featured_media":130278,"comment_status":"","ping_status":"","sticky":false,"template":"","format":"standard","meta":{"footnotes":""},"categories":[5],"tags":[22,23,26,27,33,31,30,17,993,992,24,25,996,28,29,15,18,21,21667,995,32,19,20,56,16,40],"class_list":{"0":"post-130277","1":"post","2":"type-post","3":"status-publish","4":"format-standard","5":"has-post-thumbnail","7":"category-otsikot","8":"tag-breaking-news","9":"tag-breakingnews","10":"tag-featured-news","11":"tag-featurednews","12":"tag-fi","13":"tag-finland","14":"tag-finnish","15":"tag-headlines","16":"tag-israel","17":"tag-lahi-ita","18":"tag-latest-news","19":"tag-latestnews","20":"tag-levottomuudet","21":"tag-main-news","22":"tag-mainnews","23":"tag-news","24":"tag-otsikot","25":"tag-paauutiset","26":"tag-pakolaisleirit","27":"tag-palestiinalaisalueet","28":"tag-suomi","29":"tag-top-stories","30":"tag-topstories","31":"tag-ulkomaat","32":"tag-uutiset","33":"tag-vakivalta"},"share_on_mastodon":{"url":"https:\/\/pubeurope.com\/@fi\/115816959985200266","error":""},"_links":{"self":[{"href":"https:\/\/www.europesays.com\/fi\/wp-json\/wp\/v2\/posts\/130277","targetHints":{"allow":["GET"]}}],"collection":[{"href":"https:\/\/www.europesays.com\/fi\/wp-json\/wp\/v2\/posts"}],"about":[{"href":"https:\/\/www.europesays.com\/fi\/wp-json\/wp\/v2\/types\/post"}],"author":[{"embeddable":true,"href":"https:\/\/www.europesays.com\/fi\/wp-json\/wp\/v2\/users\/2"}],"replies":[{"embeddable":true,"href":"https:\/\/www.europesays.com\/fi\/wp-json\/wp\/v2\/comments?post=130277"}],"version-history":[{"count":0,"href":"https:\/\/www.europesays.com\/fi\/wp-json\/wp\/v2\/posts\/130277\/revisions"}],"wp:featuredmedia":[{"embeddable":true,"href":"https:\/\/www.europesays.com\/fi\/wp-json\/wp\/v2\/media\/130278"}],"wp:attachment":[{"href":"https:\/\/www.europesays.com\/fi\/wp-json\/wp\/v2\/media?parent=130277"}],"wp:term":[{"taxonomy":"category","embeddable":true,"href":"https:\/\/www.europesays.com\/fi\/wp-json\/wp\/v2\/categories?post=130277"},{"taxonomy":"post_tag","embeddable":true,"href":"https:\/\/www.europesays.com\/fi\/wp-json\/wp\/v2\/tags?post=130277"}],"curies":[{"name":"wp","href":"https:\/\/api.w.org\/{rel}","templated":true}]}}