{"id":130279,"date":"2026-01-01T00:26:07","date_gmt":"2026-01-01T00:26:07","guid":{"rendered":"https:\/\/www.europesays.com\/fi\/130279\/"},"modified":"2026-01-01T00:26:07","modified_gmt":"2026-01-01T00:26:07","slug":"susan-ruusunen-tama-oli-elamani-p-kin-vuosi","status":"publish","type":"post","link":"https:\/\/www.europesays.com\/fi\/130279\/","title":{"rendered":"Susan Ruusunen: T\u00e4m\u00e4 oli el\u00e4m\u00e4ni p-kin vuosi!"},"content":{"rendered":"<p>Moni muistaa Susan Ruususen takavuosien Matti Vanhasen naisyst\u00e4v\u00e4n\u00e4 ja el\u00e4m\u00e4kertakirjan kirjoittajana. Kirjasta tuli rapsut \u2013 Matin el\u00e4m\u00e4\u00e4 ei olisi saanut muistella niin laajasti \u2013 joten voisi kuvitella tuon vuoden olleen Susanin (silloisen Kurosen) el\u00e4m\u00e4n hankalin.<\/p>\n<p>Ei.<\/p>\n<p>T\u00e4m\u00e4 vuosi on ollut.<\/p>\n<p>Susanin tilitys<\/p>\n<p>Susan kertoo asiasta <a href=\"https:\/\/www.instagram.com\/p\/DS8SnK3jfD_\/\" rel=\"nofollow noopener\" target=\"_blank\">Instagramissaan.<\/a><\/p>\n<p>-Vuosi 2025, huh huh, onneksi se on kohta ohi. T\u00e4m\u00e4 vuosi on ollut el\u00e4m\u00e4ni paskin vuosi. Olen menett\u00e4nyt jokaisella el\u00e4m\u00e4ni saralla paljon, edelleen upea ja n\u00e4ytt\u00e4v\u00e4 kaunotar toteaa.<\/p>\n<p>H\u00e4n jatkaa tiet\u00e4v\u00e4ns\u00e4, ett\u00e4 t\u00e4rkeint\u00e4 on kokea el\u00e4m\u00e4\u00e4 sellaisena kuin se tarjoillaan, mutta kokki-ihmisen\u00e4 h\u00e4n toteaa ettei m\u00e4\u00e4r\u00e4\u00e4ns\u00e4 enemp\u00e4\u00e4 paskaa voi vain hymyss\u00e4 suin tarjoilla kenellek\u00e4\u00e4n ja odottaa kenenk\u00e4\u00e4n nauttivan siit\u00e4.<\/p>\n<p>-Aina pit\u00e4\u00e4 tietysti ajatella eteenp\u00e4in ja n\u00e4hd\u00e4 hopeareunus tapahtuneista ja tietty oppia virheist\u00e4\u00e4n ja kehitty\u00e4. M\u00e4 olen totaalisen loppu lauseisiin \u201dyksi ovi sulkeutuu, niin toinen aukeaa\u201d. Kyll\u00e4 kaikki j\u00e4rjestyy. M\u00e4 tied\u00e4n sen; Because I didnt come this far just to come this far\u201d. Sairastuin viel\u00e4 t\u00e4ss\u00e4 loppuvuodesta ja nyt toivun hiljalleen, onneksi. Mutta m\u00e4 olen hengiss\u00e4 ja baby steps ker\u00e4ilen itse\u00e4ni ja jatkan polkuani el\u00e4m\u00e4n. Onneksi mulla on mun l\u00e4heiset, jotka uskoo muhun ja tied\u00e4n, ett\u00e4 heihin voin tukeutua, kun el\u00e4m\u00e4 murjoo.<\/p>\n<p>Susan ei kuitenkaan kerro mist\u00e4 on kyse.<\/p>\n<p>Lue my\u00f6s: <a href=\"https:\/\/www.como.fi\/uutiset\/muistatko-susan-ruususen-taytti-55-ja-meni-laivalle-toihin-talta-nayttaa-nyt\/\" title=\"Muistatko Susan Ruususen? T\u00e4ytti 55 ja meni laivalle t\u00f6ihin \u2013 t\u00e4lt\u00e4 n\u00e4ytt\u00e4\u00e4 nyt\" class=\"underline-custom !font-montserrat !font-bold !underline-offset-4 !decoration-4 !decoration-red-600 !text-md\" rel=\"nofollow noopener\" target=\"_blank\">Muistatko Susan Ruususen? T\u00e4ytti 55 ja meni laivalle t\u00f6ihin \u2013 t\u00e4lt\u00e4 n\u00e4ytt\u00e4\u00e4 nyt<\/a><\/p>\n<p>Lue my\u00f6s: <a href=\"https:\/\/www.como.fi\/tilaa-comon-uutiskirje\/\" title=\"Tilaa Comon uutiskirje ja tied\u00e4t mist\u00e4 kahvitauolla puhutaan! Nappaa kotimaan tv-vinkit ja puheenaiheet suoraan s\u00e4hk\u00f6postiin t\u00e4st\u00e4.\" class=\"underline-custom !font-montserrat !font-bold !underline-offset-4 !decoration-4 !decoration-red-600 !text-md\" rel=\"nofollow noopener\" target=\"_blank\">Tilaa Comon uutiskirje ja tied\u00e4t mist\u00e4 kahvitauolla puhutaan! Nappaa kotimaan tv-vinkit ja puheenaiheet suoraan s\u00e4hk\u00f6postiin t\u00e4st\u00e4.<\/a><\/p>\n<p>\t\t\t<script async src=\"\/\/www.instagram.com\/embed.js\"><\/script><\/p>\n","protected":false},"excerpt":{"rendered":"Moni muistaa Susan Ruususen takavuosien Matti Vanhasen naisyst\u00e4v\u00e4n\u00e4 ja el\u00e4m\u00e4kertakirjan kirjoittajana. Kirjasta tuli rapsut \u2013 Matin el\u00e4m\u00e4\u00e4 ei&hellip;\n","protected":false},"author":2,"featured_media":130280,"comment_status":"","ping_status":"","sticky":false,"template":"","format":"standard","meta":{"footnotes":""},"categories":[136],"tags":[407,137,33,31,30,408,32,14722,109],"class_list":{"0":"post-130279","1":"post","2":"type-post","3":"status-publish","4":"format-standard","5":"has-post-thumbnail","7":"category-julkkikset","8":"tag-celebrities","9":"tag-entertainment","10":"tag-fi","11":"tag-finland","12":"tag-finnish","13":"tag-julkkikset","14":"tag-suomi","15":"tag-susan-ruusunen","16":"tag-viihde"},"share_on_mastodon":{"url":"https:\/\/pubeurope.com\/@fi\/115817007167007362","error":""},"_links":{"self":[{"href":"https:\/\/www.europesays.com\/fi\/wp-json\/wp\/v2\/posts\/130279","targetHints":{"allow":["GET"]}}],"collection":[{"href":"https:\/\/www.europesays.com\/fi\/wp-json\/wp\/v2\/posts"}],"about":[{"href":"https:\/\/www.europesays.com\/fi\/wp-json\/wp\/v2\/types\/post"}],"author":[{"embeddable":true,"href":"https:\/\/www.europesays.com\/fi\/wp-json\/wp\/v2\/users\/2"}],"replies":[{"embeddable":true,"href":"https:\/\/www.europesays.com\/fi\/wp-json\/wp\/v2\/comments?post=130279"}],"version-history":[{"count":0,"href":"https:\/\/www.europesays.com\/fi\/wp-json\/wp\/v2\/posts\/130279\/revisions"}],"wp:featuredmedia":[{"embeddable":true,"href":"https:\/\/www.europesays.com\/fi\/wp-json\/wp\/v2\/media\/130280"}],"wp:attachment":[{"href":"https:\/\/www.europesays.com\/fi\/wp-json\/wp\/v2\/media?parent=130279"}],"wp:term":[{"taxonomy":"category","embeddable":true,"href":"https:\/\/www.europesays.com\/fi\/wp-json\/wp\/v2\/categories?post=130279"},{"taxonomy":"post_tag","embeddable":true,"href":"https:\/\/www.europesays.com\/fi\/wp-json\/wp\/v2\/tags?post=130279"}],"curies":[{"name":"wp","href":"https:\/\/api.w.org\/{rel}","templated":true}]}}