{"id":130289,"date":"2026-01-01T00:38:07","date_gmt":"2026-01-01T00:38:07","guid":{"rendered":"https:\/\/www.europesays.com\/fi\/130289\/"},"modified":"2026-01-01T00:38:07","modified_gmt":"2026-01-01T00:38:07","slug":"bulgariassa-otetaan-tanaan-eurot-kayttoon-uutissuomalainen","status":"publish","type":"post","link":"https:\/\/www.europesays.com\/fi\/130289\/","title":{"rendered":"Bulgariassa otetaan t\u00e4n\u00e4\u00e4n eurot k\u00e4ytt\u00f6\u00f6n | Uutissuomalainen"},"content":{"rendered":"<p>Euroalue laajenee t\u00e4n\u00e4\u00e4n, sill\u00e4 Bulgaria liittyy EU:n yhteisvaluuttaan. <\/p>\n<p>Bulgaria on siten 21. EU-maa, joka liittyy euroon, ja sen 1800-luvun lopulta k\u00e4yt\u00f6ss\u00e4 ollut valuutta leva (lev) j\u00e4\u00e4 pian historiaan. Leva hyv\u00e4ksyt\u00e4\u00e4n euron ohella maksuv\u00e4lineen\u00e4 viel\u00e4 kuukauden ajan.<\/p>\n<p>Euroa k\u00e4ytt\u00e4\u00e4 noin 350 miljoonaa ihmist\u00e4 jokap\u00e4iv\u00e4isess\u00e4 asioinnissaan.<\/p>\n<p>Euroopan unionin maista esimerkiksi Ruotsi, Puola ja Unkari eiv\u00e4t ole ottaneet k\u00e4ytt\u00f6\u00f6n euroa.<\/p>\n<p>Euro on Euroopan unionin kanssa tehdyn virallisen sopimuksen nojalla k\u00e4yt\u00f6ss\u00e4 my\u00f6s Andorrassa, Monacossa, San Marinossa ja Vatikaanissa. Lis\u00e4ksi euro on k\u00e4yt\u00f6ss\u00e4 ilman sopimusta Montenegrossa ja Kosovossa.<\/p>\n<p>Euro tuli k\u00e4ytt\u00f6\u00f6n vuoden 1999 alussa. Ensimm\u00e4iset vuodet se oli kuitenkin rahayksikk\u00f6, jota k\u00e4ytettiin vain tilirahana kirjanpidossa ja s\u00e4hk\u00f6isiss\u00e4 maksuissa. Setelit ja kolikot otettiin k\u00e4ytt\u00f6\u00f6n vuoden 2002 alusta, jolloin alkoi historian suurin k\u00e4teisrahayksik\u00f6n vaihtaminen. Tuolloin mukana oli kaksitoista EU-maata, my\u00f6s Suomi.<\/p>\n","protected":false},"excerpt":{"rendered":"Euroalue laajenee t\u00e4n\u00e4\u00e4n, sill\u00e4 Bulgaria liittyy EU:n yhteisvaluuttaan. Bulgaria on siten 21. EU-maa, joka liittyy euroon, ja sen&hellip;\n","protected":false},"author":2,"featured_media":130290,"comment_status":"","ping_status":"","sticky":false,"template":"","format":"standard","meta":{"footnotes":""},"categories":[14],"tags":[22,23,5948,1617,2267,26,27,33,31,30,17,70,5679,2260,24,25,28,29,15,18,21,32,78,19,20,56,16,59,60,61],"class_list":{"0":"post-130289","1":"post","2":"type-post","3":"status-publish","4":"format-standard","5":"has-post-thumbnail","7":"category-ulkomaat","8":"tag-breaking-news","9":"tag-breakingnews","10":"tag-euroalue","11":"tag-euroopan-unioni","12":"tag-eurooppa","13":"tag-featured-news","14":"tag-featurednews","15":"tag-fi","16":"tag-finland","17":"tag-finnish","18":"tag-headlines","19":"tag-kansainvalinen-politiikka","20":"tag-kansainvaliset-organisaatiot-ja-sopimukset","21":"tag-kansainvalisyys","22":"tag-latest-news","23":"tag-latestnews","24":"tag-main-news","25":"tag-mainnews","26":"tag-news","27":"tag-otsikot","28":"tag-paauutiset","29":"tag-suomi","30":"tag-talous","31":"tag-top-stories","32":"tag-topstories","33":"tag-ulkomaat","34":"tag-uutiset","35":"tag-world","36":"tag-world-news","37":"tag-worldnews"},"share_on_mastodon":{"url":"https:\/\/pubeurope.com\/@fi\/115817054551701468","error":""},"_links":{"self":[{"href":"https:\/\/www.europesays.com\/fi\/wp-json\/wp\/v2\/posts\/130289","targetHints":{"allow":["GET"]}}],"collection":[{"href":"https:\/\/www.europesays.com\/fi\/wp-json\/wp\/v2\/posts"}],"about":[{"href":"https:\/\/www.europesays.com\/fi\/wp-json\/wp\/v2\/types\/post"}],"author":[{"embeddable":true,"href":"https:\/\/www.europesays.com\/fi\/wp-json\/wp\/v2\/users\/2"}],"replies":[{"embeddable":true,"href":"https:\/\/www.europesays.com\/fi\/wp-json\/wp\/v2\/comments?post=130289"}],"version-history":[{"count":0,"href":"https:\/\/www.europesays.com\/fi\/wp-json\/wp\/v2\/posts\/130289\/revisions"}],"wp:featuredmedia":[{"embeddable":true,"href":"https:\/\/www.europesays.com\/fi\/wp-json\/wp\/v2\/media\/130290"}],"wp:attachment":[{"href":"https:\/\/www.europesays.com\/fi\/wp-json\/wp\/v2\/media?parent=130289"}],"wp:term":[{"taxonomy":"category","embeddable":true,"href":"https:\/\/www.europesays.com\/fi\/wp-json\/wp\/v2\/categories?post=130289"},{"taxonomy":"post_tag","embeddable":true,"href":"https:\/\/www.europesays.com\/fi\/wp-json\/wp\/v2\/tags?post=130289"}],"curies":[{"name":"wp","href":"https:\/\/api.w.org\/{rel}","templated":true}]}}