{"id":130309,"date":"2026-01-01T01:18:09","date_gmt":"2026-01-01T01:18:09","guid":{"rendered":"https:\/\/www.europesays.com\/fi\/130309\/"},"modified":"2026-01-01T01:18:09","modified_gmt":"2026-01-01T01:18:09","slug":"klara-kivilahti-sairastui-aggressiiviseen-syopaan-yksi-oire-heratti","status":"publish","type":"post","link":"https:\/\/www.europesays.com\/fi\/130309\/","title":{"rendered":"Klara Kivilahti sairastui aggressiiviseen sy\u00f6p\u00e4\u00e4n \u2013 Yksi oire her\u00e4tti"},"content":{"rendered":"<p>Seurapiireist\u00e4 tuttu Klara Kivilahti sairastui vakavasti.<\/p>\n<p><img decoding=\"async\" class=\"image image-show image-preview\" src=\"https:\/\/www.europesays.com\/fi\/wp-content\/uploads\/2026\/01\/9fc1427e144b6de9b76c584a88f35b4bab94089da86fcc1f01edac7652cc4711.jpg\" alt=\"\"\/><img decoding=\"async\" class=\"image image-show\" src=\"https:\/\/www.europesays.com\/fi\/wp-content\/uploads\/2026\/01\/1767230289_203_9fc1427e144b6de9b76c584a88f35b4bab94089da86fcc1f01edac7652cc4711.jpg\" alt=\"\"\/><\/p>\n<p>Klara Kivilahti sairastaa aggressiivista rintasy\u00f6p\u00e4\u00e4. ATTE KAJOVA<\/p>\n<p class=\"paragraph\">Helsingin seurapiirijuhlista tunnettu <strong>Klara Kivilahti<\/strong>, 48, sairastui aggressiiviseen triplanegatiiviseen rintasy\u00f6p\u00e4\u00e4n, kertoo <a href=\"https:\/\/www.is.fi\/viihde\/art-2000011716595.html\" rel=\"noopener nofollow\" target=\"_blank\">Ilta-Sanomat<\/a>. Kivilahti huomasi huhtikuussa 2025 kehossaan muutoksen: rinnassa oli patti. H\u00e4n sai vappuaattona el\u00e4m\u00e4\u00e4ns\u00e4 muuttaneen puhelun l\u00e4\u00e4k\u00e4rilt\u00e4. Mammografiassa otetusta n\u00e4ytteest\u00e4 varmistui diagnoosi.<\/p>\n<p class=\"paragraph\">\u2013 Se oli hirve\u00e4 hetki. Olin shokissa, kertoo Kivilahti Ilta-Sanomille.<\/p>\n<p class=\"paragraph\">H\u00e4nt\u00e4 on hoidettu HUS:in sytostaattihoidoilla, s\u00e4dehoidoilla ja marraskuisella leikkauksella. Sairauden aikana h\u00e4nelle on tullut veritulppia, ja syyskuussa Kivilahti oli hetken aikaa hengenvaarallisessa tilassa. H\u00e4n kertoo saaneensa voimaa perheest\u00e4\u00e4n ja lapsistaan. Viimeiset sytostaattihoidot ovat tammikuussa, ja kev\u00e4\u00e4ll\u00e4 jatkuvat viel\u00e4 immunologiset hoidot.<\/p>\n<p class=\"paragraph\">Klara Kivilahti on ollut pitk\u00e4\u00e4n tuttu n\u00e4ky p\u00e4\u00e4kaupunkiseudun seurapiirijuhlissa \u00e4itins\u00e4 <strong>Kaarinan<\/strong> ja siskonsa <strong>Karina<\/strong>n kanssa. H\u00e4n kertoi Sy\u00f6p\u00e4s\u00e4\u00e4ti\u00f6n tapahtumassa vuonna 2016 menett\u00e4neens\u00e4 l\u00e4heisi\u00e4\u00e4n sy\u00f6v\u00e4lle.<\/p>\n<p class=\"paragraph\">\u2013 Isois\u00e4ni kuoli sy\u00f6p\u00e4\u00e4n ja kahdella muulla perheenj\u00e4senell\u00e4ni on ollut sy\u00f6p\u00e4. Eritt\u00e4in rakas lapsuudenyst\u00e4v\u00e4ni kuoli sy\u00f6p\u00e4\u00e4n seitsem\u00e4n vuotta sitten, h\u00e4vitty\u00e4\u00e4n taistelun sairautta vastaan. H\u00e4n oli silloin vain v\u00e4h\u00e4n yli kolmekymment\u00e4vuotias silloin, Kivilahti kertoi tuolloin.<\/p>\n<p class=\"paragraph\">Klara Kivilahti toimi aikoinaan \u00e4itins\u00e4 Boutique Kaarina K. -vaateliikkeen sis\u00e4\u00e4nostajana. Nykyisin Kivilahti ty\u00f6skentelee edesmenneen is\u00e4ns\u00e4 <strong>Kari Kivilahden<\/strong> Helsingin Rauta Oy -yrityksess\u00e4.<\/p>\n<p class=\"paragraph\">Kari Kivilahti kuoli maaliskuussa 2019, ja <a href=\"https:\/\/www.iltalehti.fi\/viihdeuutiset\/014564a6-8c7d-4773-97ee-6d7e66ae39ac\" rel=\"nofollow noopener\" target=\"_blank\">h\u00e4nen testamentistaan syntyi riita<\/a>, kun leski Kaarina Kivilahti tytt\u00e4rineen vaati testamentin julistamista mit\u00e4tt\u00f6m\u00e4ksi. Kyseisess\u00e4, viimeisimm\u00e4ss\u00e4, testamentissa Kari Kivilahti ilmoitti, ett\u00e4 h\u00e4nen omaisuutensa jaetaan tasan kaikkien lasten kesken. Riidan vastapuolena olivat Kari Kivilahden edellisest\u00e4 liitosta syntyneet lapset. Vuonna 2021 Kaarina Kivilahti ja tytt\u00e4ret peruuttivat kanteensa asiassa.<\/p>\n","protected":false},"excerpt":{"rendered":"Seurapiireist\u00e4 tuttu Klara Kivilahti sairastui vakavasti. Klara Kivilahti sairastaa aggressiivista rintasy\u00f6p\u00e4\u00e4. ATTE KAJOVA Helsingin seurapiirijuhlista tunnettu Klara Kivilahti,&hellip;\n","protected":false},"author":2,"featured_media":130310,"comment_status":"","ping_status":"","sticky":false,"template":"","format":"standard","meta":{"footnotes":""},"categories":[136],"tags":[35,407,137,33,31,30,408,99,98,2461,32,502,167,109],"class_list":{"0":"post-130309","1":"post","2":"type-post","3":"status-publish","4":"format-standard","5":"has-post-thumbnail","7":"category-julkkikset","8":"tag-24h","9":"tag-celebrities","10":"tag-entertainment","11":"tag-fi","12":"tag-finland","13":"tag-finnish","14":"tag-julkkikset","15":"tag-lapset","16":"tag-perhe","17":"tag-sairaalat-ja-terveyskeskukset","18":"tag-suomi","19":"tag-terveydenhoito","20":"tag-terveys","21":"tag-viihde"},"share_on_mastodon":{"url":"https:\/\/pubeurope.com\/@fi\/115817211719101775","error":""},"_links":{"self":[{"href":"https:\/\/www.europesays.com\/fi\/wp-json\/wp\/v2\/posts\/130309","targetHints":{"allow":["GET"]}}],"collection":[{"href":"https:\/\/www.europesays.com\/fi\/wp-json\/wp\/v2\/posts"}],"about":[{"href":"https:\/\/www.europesays.com\/fi\/wp-json\/wp\/v2\/types\/post"}],"author":[{"embeddable":true,"href":"https:\/\/www.europesays.com\/fi\/wp-json\/wp\/v2\/users\/2"}],"replies":[{"embeddable":true,"href":"https:\/\/www.europesays.com\/fi\/wp-json\/wp\/v2\/comments?post=130309"}],"version-history":[{"count":0,"href":"https:\/\/www.europesays.com\/fi\/wp-json\/wp\/v2\/posts\/130309\/revisions"}],"wp:featuredmedia":[{"embeddable":true,"href":"https:\/\/www.europesays.com\/fi\/wp-json\/wp\/v2\/media\/130310"}],"wp:attachment":[{"href":"https:\/\/www.europesays.com\/fi\/wp-json\/wp\/v2\/media?parent=130309"}],"wp:term":[{"taxonomy":"category","embeddable":true,"href":"https:\/\/www.europesays.com\/fi\/wp-json\/wp\/v2\/categories?post=130309"},{"taxonomy":"post_tag","embeddable":true,"href":"https:\/\/www.europesays.com\/fi\/wp-json\/wp\/v2\/tags?post=130309"}],"curies":[{"name":"wp","href":"https:\/\/api.w.org\/{rel}","templated":true}]}}