{"id":130323,"date":"2026-01-01T01:44:09","date_gmt":"2026-01-01T01:44:09","guid":{"rendered":"https:\/\/www.europesays.com\/fi\/130323\/"},"modified":"2026-01-01T01:44:09","modified_gmt":"2026-01-01T01:44:09","slug":"sarah-dzafce-julkaisi-kuvia-juhlistaan-kertoo-joutuneensa-selittamaan-asuaan","status":"publish","type":"post","link":"https:\/\/www.europesays.com\/fi\/130323\/","title":{"rendered":"Sarah Dzafce julkaisi kuvia juhlistaan \u2013 Kertoo joutuneensa selitt\u00e4m\u00e4\u00e4n asuaan"},"content":{"rendered":"<p>Sarah Dzafce esittelee syntym\u00e4p\u00e4iv\u00e4asuaan sosiaalisessa mediassa.<\/p>\n<p><img decoding=\"async\" class=\"image image-show image-preview\" src=\"https:\/\/www.europesays.com\/fi\/wp-content\/uploads\/2026\/01\/10ccd823c6cce5e98d17e271c1bb12f760caffe5488569430a0ce2025ce2ec66.jpg\" alt=\"\"\/><img decoding=\"async\" class=\"image image-show\" src=\"https:\/\/www.europesays.com\/fi\/wp-content\/uploads\/2026\/01\/1767231849_94_10ccd823c6cce5e98d17e271c1bb12f760caffe5488569430a0ce2025ce2ec66.jpg\" alt=\"\"\/><\/p>\n<p>Ukkola-studio. Vieraana entinen Miss Suomi Sarah Dzafce. Roosa Br\u00f6ijer<\/p>\n<p class=\"paragraph\">Entinen Miss Suomi <strong>Sarah Dzafce<\/strong>, 23, julkaisi Instagramissa kuvia hiljattain j\u00e4rjestetyist\u00e4 syntym\u00e4p\u00e4iv\u00e4juhlistaan.<\/p>\n<p class=\"paragraph\">Kuvissa Dzafce poseeraa suuri vaaleanpunainen kukkakimppu k\u00e4siss\u00e4\u00e4n leve\u00e4sti hymyillen. H\u00e4nell\u00e4 on yll\u00e4\u00e4n valkoinen iltapuku, jossa on yksi olkain. H\u00e4n on merkinnyt juhlien sijainniksi Helsingiss\u00e4 sijaitsevan Malja-ravintolan.<\/p>\n<p class=\"paragraph\">Mik\u00e4li linkki ei n\u00e4y, voit katsoa julkaisun <a href=\"https:\/\/www.instagram.com\/p\/DS5Tqp9DHcE\/?hl=fi&amp;img_index=1\" target=\"_blank\" rel=\"noopener nofollow\">t\u00e4\u00e4lt\u00e4<\/a>.<\/p>\n<p class=\"paragraph\">Dzafce kertoo Instagram-tarinoissaan, ett\u00e4 joutui syntym\u00e4p\u00e4iv\u00e4n\u00e4\u00e4n selitt\u00e4m\u00e4\u00e4n asuaan. <a href=\"https:\/\/www.instagram.com\/sarahdzafce\/?hl=fi\" target=\"_blank\" rel=\"noopener nofollow\">Instagram<\/a>-tarinat ovat n\u00e4ht\u00e4viss\u00e4 24 tuntia julkaisusta.<\/p>\n<p class=\"paragraph\">\u2013 Hahaa, t\u00e4n\u00e4 iltana joku kysyi minulta, ovatko minun h\u00e4\u00e4t. Naah, se olin vain min\u00e4 ja syntym\u00e4p\u00e4iv\u00e4ni, h\u00e4n kirjoittaa.<\/p>\n<p class=\"paragraph\">Dzafcen kuvat saavat paljon ihastelua p\u00e4ivityksen kommenttikent\u00e4ss\u00e4.<\/p>\n<p class=\"paragraph\">\u2013 Kaunotar! Onnea ja menestyst\u00e4 ihan kaikkeen.<\/p>\n<p class=\"paragraph\">\u2013 Siis eik\u00e4, niin hyv\u00e4 kuva!<\/p>\n<p class=\"paragraph\">\u2013 Vau! Olen sanaton.<\/p>\n<p class=\"paragraph\">\u2013 Upein.<\/p>\n<p class=\"paragraph\">\u2013 Kaunis sek\u00e4 sis\u00e4lt\u00e4 ett\u00e4 ulkoa.<\/p>\n<p>Ukkola-studio. Vieraana entinen Miss Suomi Sarah Dzafce. Roosa Br\u00f6ijer<\/p>\n<p class=\"paragraph\">Asukuviensa yhteydess\u00e4 Dzafce pohtii kulunutta vuottaan. H\u00e4n muutti vuosi sitten yksin Kuopioon ja joutui rakentamaan arkeaan ja verkostoaan vieraassa kaupungissa.<\/p>\n<p class=\"paragraph\">\u2013 Tuntuu aika siistilt\u00e4 pys\u00e4hty\u00e4 hetkeksi ja mietti\u00e4 t\u00e4t\u00e4 kaikkea. Olen aina luottanut siihen, ett\u00e4 sinun tarinasi on kirjoitettu ja kaikki tapahtuu syyst\u00e4. Nyt vuoden Helsingiss\u00e4 asuneena Kuopio kulkee mukanani muistoissa, mutta Helsinki tuntuu yh\u00e4 enemm\u00e4n kodilta ja omalta paikalta, Dzafce pohtii.<\/p>\n<p class=\"paragraph\">\u2013 Pikkuhiljaa palaset alkavat loksahdella paikoilleen ja uusia kivoja juttuja tapahtuu. Uskaltakaa unelmoida ja menn\u00e4 niit\u00e4 kohti. Mik\u00e4\u00e4n tie ei ole tasainen eik\u00e4 ilman yl\u00e4m\u00e4ki\u00e4 ole alam\u00e4ki\u00e4, h\u00e4n p\u00e4\u00e4tt\u00e4\u00e4 kirjoituksensa.<\/p>\n<p class=\"paragraph\">Dzafce on ollut viime aikoina rasismikohun keskell\u00e4, kun h\u00e4nest\u00e4 alkoi levit\u00e4 somessa <a href=\"https:\/\/www.iltalehti.fi\/viihdeuutiset\/58b53032-5e11-4719-8668-947a57758967\" rel=\"nofollow noopener\" target=\"_blank\">kyseenalainen kuva<\/a>. Otoksessa Dzafce levitti silmi\u00e4\u00e4n sormillaan, ja kuvan yhteyteen oli kirjoitettu teksti \u201dkiinalaisen kanssa sy\u00f6m\u00e4ss\u00e4\u201d. Kuva katsottiin aasialaisia loukkaavaksi ja se sai valtavan kritiikkivy\u00f6ryn. Dzafce <a href=\"https:\/\/www.iltalehti.fi\/viihdeuutiset\/3eccc9c1-c53e-400c-86c0-c4c77496628e\" rel=\"nofollow noopener\" target=\"_blank\">pyysi asiaa anteeksi<\/a>.<\/p>\n<p class=\"paragraph\">Rasismikohu kuitenkin yltyi, kun Dzafce julkaisi my\u00f6hemmin itsest\u00e4\u00e4n kuvan lentokoneessa ja kirjoitti tekstin \u201dJengi heitt\u00e4\u00e4 meanwhile min\u00e4 Finnairin business-luokassa\u201d.<\/p>\n<p class=\"paragraph\">Kohun my\u00f6t\u00e4 Dzafce <a href=\"https:\/\/www.iltalehti.fi\/viihdeuutiset\/52dead6d-8e09-451f-8a1e-0f6461426869\" rel=\"nofollow noopener\" target=\"_blank\">joutui luopumaan missikruunustaan<\/a>. Nyky\u00e4\u00e4n Miss Suomi -titteli\u00e4 kantaa <strong>Tara Lehtonen<\/strong>.<\/p>\n<p><script async src=\"\/\/www.instagram.com\/embed.js\"><\/script><\/p>\n","protected":false},"excerpt":{"rendered":"Sarah Dzafce esittelee syntym\u00e4p\u00e4iv\u00e4asuaan sosiaalisessa mediassa. Ukkola-studio. Vieraana entinen Miss Suomi Sarah Dzafce. Roosa Br\u00f6ijer Entinen Miss Suomi&hellip;\n","protected":false},"author":2,"featured_media":130324,"comment_status":"","ping_status":"","sticky":false,"template":"","format":"standard","meta":{"footnotes":""},"categories":[136],"tags":[35,407,2110,137,33,31,30,3674,408,2351,923,106,32,2350,109],"class_list":{"0":"post-130323","1":"post","2":"type-post","3":"status-publish","4":"format-standard","5":"has-post-thumbnail","7":"category-julkkikset","8":"tag-24h","9":"tag-celebrities","10":"tag-elamantapa-ja-vapaa-aika","11":"tag-entertainment","12":"tag-fi","13":"tag-finland","14":"tag-finnish","15":"tag-juhla-ja-vapaapaivat","16":"tag-julkkikset","17":"tag-kengat-ja-asusteet","18":"tag-matkustaminen","19":"tag-muoti","20":"tag-suomi","21":"tag-vaatekappaleet","22":"tag-viihde"},"share_on_mastodon":{"url":"https:\/\/pubeurope.com\/@fi\/115817313928905465","error":""},"_links":{"self":[{"href":"https:\/\/www.europesays.com\/fi\/wp-json\/wp\/v2\/posts\/130323","targetHints":{"allow":["GET"]}}],"collection":[{"href":"https:\/\/www.europesays.com\/fi\/wp-json\/wp\/v2\/posts"}],"about":[{"href":"https:\/\/www.europesays.com\/fi\/wp-json\/wp\/v2\/types\/post"}],"author":[{"embeddable":true,"href":"https:\/\/www.europesays.com\/fi\/wp-json\/wp\/v2\/users\/2"}],"replies":[{"embeddable":true,"href":"https:\/\/www.europesays.com\/fi\/wp-json\/wp\/v2\/comments?post=130323"}],"version-history":[{"count":0,"href":"https:\/\/www.europesays.com\/fi\/wp-json\/wp\/v2\/posts\/130323\/revisions"}],"wp:featuredmedia":[{"embeddable":true,"href":"https:\/\/www.europesays.com\/fi\/wp-json\/wp\/v2\/media\/130324"}],"wp:attachment":[{"href":"https:\/\/www.europesays.com\/fi\/wp-json\/wp\/v2\/media?parent=130323"}],"wp:term":[{"taxonomy":"category","embeddable":true,"href":"https:\/\/www.europesays.com\/fi\/wp-json\/wp\/v2\/categories?post=130323"},{"taxonomy":"post_tag","embeddable":true,"href":"https:\/\/www.europesays.com\/fi\/wp-json\/wp\/v2\/tags?post=130323"}],"curies":[{"name":"wp","href":"https:\/\/api.w.org\/{rel}","templated":true}]}}