{"id":130343,"date":"2026-01-01T02:22:07","date_gmt":"2026-01-01T02:22:07","guid":{"rendered":"https:\/\/www.europesays.com\/fi\/130343\/"},"modified":"2026-01-01T02:22:07","modified_gmt":"2026-01-01T02:22:07","slug":"kim-jong-un-ylisti-uudenvuoden-puheessaan-vieraassa-maassa-taistelevia-pohjois-korean-sotilaita-uutissuomalainen","status":"publish","type":"post","link":"https:\/\/www.europesays.com\/fi\/130343\/","title":{"rendered":"Kim Jong-un ylisti uudenvuoden puheessaan vieraassa maassa taistelevia Pohjois-Korean sotilaita | Uutissuomalainen"},"content":{"rendered":"<p>Pohjois-Korean itsevaltainen johtaja Kim Jong-un ylisti uudenvuoden puheessaan &#8221;vieraassa maassa&#8221; taistelevia Pohjois-Korean sotilaita sek\u00e4 korosti l\u00e4mpimi\u00e4 suhteita Ven\u00e4j\u00e4\u00e4n.<\/p>\n<p>\u2013\u2009Kun koko maa tervehtii juhlamielin uutta vuotta, kaipaan entist\u00e4kin enemm\u00e4n teit\u00e4, jotka taistelette t\u00e4ll\u00e4 hetkell\u00e4 urheasti vieraan maan taistelukentill\u00e4, Kim sanoi puheessaan.<\/p>\n<p>\u2013\u2009Teid\u00e4n tukenanne on Pjongjang ja Moskova, h\u00e4n sanoi.<\/p>\n<p>Kim ei maininnut Ukrainaa puheessaan.<\/p>\n<p>Etel\u00e4-Korean ja l\u00e4nsimaiden tiedustelupalveluiden mukaan Pohjois-Korea on l\u00e4hett\u00e4nyt tuhansia sotilaita Ukrainaan taistelemaan ven\u00e4l\u00e4isjoukkojen rinnalla.<\/p>\n<p>Asiantuntijoiden mukaan Pohjois-Korea saa vastineeksi Ven\u00e4j\u00e4lt\u00e4 taloudellista ja sotilaallista apua sek\u00e4 ruoka- ja energiatoimituksia.<\/p>\n<p>Etel\u00e4korealaisten arvioiden mukaan ainakin 600 pohjoiskorealaista sotilasta on kuollut Ukrainassa.<\/p>\n","protected":false},"excerpt":{"rendered":"Pohjois-Korean itsevaltainen johtaja Kim Jong-un ylisti uudenvuoden puheessaan &#8221;vieraassa maassa&#8221; taistelevia Pohjois-Korean sotilaita sek\u00e4 korosti l\u00e4mpimi\u00e4 suhteita Ven\u00e4j\u00e4\u00e4n.&hellip;\n","protected":false},"author":2,"featured_media":130344,"comment_status":"","ping_status":"","sticky":false,"template":"","format":"standard","meta":{"footnotes":""},"categories":[14],"tags":[22,23,26,27,33,31,30,17,2455,683,24,25,803,28,29,2325,15,18,21,637,144,32,19,20,21377,56,16,59,60,61],"class_list":{"0":"post-130343","1":"post","2":"type-post","3":"status-publish","4":"format-standard","5":"has-post-thumbnail","7":"category-ulkomaat","8":"tag-breaking-news","9":"tag-breakingnews","10":"tag-featured-news","11":"tag-featurednews","12":"tag-fi","13":"tag-finland","14":"tag-finnish","15":"tag-headlines","16":"tag-hengenvaara-ja-loukkaantuminen","17":"tag-kuolema","18":"tag-latest-news","19":"tag-latestnews","20":"tag-levottomuudet-ja-sodat","21":"tag-main-news","22":"tag-mainnews","23":"tag-moskova-venaja","24":"tag-news","25":"tag-otsikot","26":"tag-paauutiset","27":"tag-politiikka","28":"tag-presidentti","29":"tag-suomi","30":"tag-top-stories","31":"tag-topstories","32":"tag-ukrainan-kriisi","33":"tag-ulkomaat","34":"tag-uutiset","35":"tag-world","36":"tag-world-news","37":"tag-worldnews"},"share_on_mastodon":{"url":"https:\/\/pubeurope.com\/@fi\/115817463366834806","error":""},"_links":{"self":[{"href":"https:\/\/www.europesays.com\/fi\/wp-json\/wp\/v2\/posts\/130343","targetHints":{"allow":["GET"]}}],"collection":[{"href":"https:\/\/www.europesays.com\/fi\/wp-json\/wp\/v2\/posts"}],"about":[{"href":"https:\/\/www.europesays.com\/fi\/wp-json\/wp\/v2\/types\/post"}],"author":[{"embeddable":true,"href":"https:\/\/www.europesays.com\/fi\/wp-json\/wp\/v2\/users\/2"}],"replies":[{"embeddable":true,"href":"https:\/\/www.europesays.com\/fi\/wp-json\/wp\/v2\/comments?post=130343"}],"version-history":[{"count":0,"href":"https:\/\/www.europesays.com\/fi\/wp-json\/wp\/v2\/posts\/130343\/revisions"}],"wp:featuredmedia":[{"embeddable":true,"href":"https:\/\/www.europesays.com\/fi\/wp-json\/wp\/v2\/media\/130344"}],"wp:attachment":[{"href":"https:\/\/www.europesays.com\/fi\/wp-json\/wp\/v2\/media?parent=130343"}],"wp:term":[{"taxonomy":"category","embeddable":true,"href":"https:\/\/www.europesays.com\/fi\/wp-json\/wp\/v2\/categories?post=130343"},{"taxonomy":"post_tag","embeddable":true,"href":"https:\/\/www.europesays.com\/fi\/wp-json\/wp\/v2\/tags?post=130343"}],"curies":[{"name":"wp","href":"https:\/\/api.w.org\/{rel}","templated":true}]}}