{"id":130345,"date":"2026-01-01T02:23:10","date_gmt":"2026-01-01T02:23:10","guid":{"rendered":"https:\/\/www.europesays.com\/fi\/130345\/"},"modified":"2026-01-01T02:23:10","modified_gmt":"2026-01-01T02:23:10","slug":"nain-traagisesti-kuollut-aleksi-keranen-33-kirjoitti-juuri-ennen-kuolemaansa","status":"publish","type":"post","link":"https:\/\/www.europesays.com\/fi\/130345\/","title":{"rendered":"N\u00e4in traagisesti kuollut Aleksi Ker\u00e4nen, 33, kirjoitti juuri ennen kuolemaansa"},"content":{"rendered":"<p>P\u00e4\u00e4toimittaja Aleksi Ker\u00e4nen kirjoittaa, ett\u00e4 valoa kaivattaisiin t\u00e4n\u00e4 talvena niin fyysisell\u00e4 kuin vertauskuvallisella tasolla.<\/p>\n<p><img decoding=\"async\" class=\"image image-show image-preview\" src=\"https:\/\/www.europesays.com\/fi\/wp-content\/uploads\/2026\/01\/ba3536064cdb997276b589f843f5927ac4e839df176cf0948295054a687d88e8.jpg\" alt=\"\"\/><img decoding=\"async\" class=\"image image-show\" src=\"https:\/\/www.europesays.com\/fi\/wp-content\/uploads\/2026\/01\/1767234190_912_ba3536064cdb997276b589f843f5927ac4e839df176cf0948295054a687d88e8.jpg\" alt=\"\"\/><\/p>\n<p>Parikkalan-Rautj\u00e4rven Sanomien p\u00e4\u00e4toimittaja kuoli tasoristeysonnettomuudessa eilen tiistaina. Kuvituskuva. Solmu Salminen<\/p>\n<p class=\"paragraph\">Eilen tiistaina tasoristeysonnettomuudessa kuolleen p\u00e4\u00e4toimittaja <strong>Aleksi Ker\u00e4sen<\/strong> p\u00e4\u00e4kirjoitus julkaistiin Parikkalan-Rautj\u00e4rven Sanomissa t\u00e4n\u00e4\u00e4n keskiviikkona.<\/p>\n<p class=\"paragraph\"><a href=\"https:\/\/www.prsanomat.fi\/paikalliset\/9107963\" rel=\"noopener nofollow\" target=\"_blank\">P\u00e4\u00e4kirjoituksessaan<\/a> Ker\u00e4nen kirjoittaa siit\u00e4, ett\u00e4 vuosi vaihtuu Parikkalassa ja Rautj\u00e4rvell\u00e4 ilman virallisia ilotulituksia tai muita vastaavia tapahtumia jo toista kertaa per\u00e4kk\u00e4in.<\/p>\n<p class=\"paragraph\">Ker\u00e4nen esitt\u00e4\u00e4, ett\u00e4 jokin \u201dkulkue, joukkue tai muuten vain etuk\u00e4teen teht\u00e4v\u00e4\u00e4n nimitetty \u2019iskuryhm\u00e4\u2019\u201d voisi tuoda valoa Parikkalan tai Simpeleen torille.<\/p>\n<p class=\"paragraph\">Ker\u00e4sen mukaan valolle olisi kaipausta monella tasolla.<\/p>\n<p class=\"paragraph\">\u2013 Eip\u00e4 vuoden vaihtumiseen liittyv\u00e4n tapahtuman tarvitsisi liitty\u00e4 mill\u00e4\u00e4n lailla ilotulitteisiin, mutta valoa varsinkin t\u00e4n\u00e4 talvena kaivattaisiin varmasti niin t\u00e4llaisen tapahtuman fyysisell\u00e4 kuin vertauskuvallisella tasolla, Ker\u00e4nen kirjoittaa.<\/p>\n<p class=\"paragraph\">P\u00e4\u00e4kirjoituksensa lopussa p\u00e4\u00e4toimittaja toivottaa hyv\u00e4\u00e4 uutta vuotta 2026.<\/p>\n<p class=\"paragraph\">Parikkalan-Rautj\u00e4rven Sanomien p\u00e4\u00e4toimittaja Aleksi Ker\u00e4nen, 33, kuoli tiistaina Parikkalassa sattuneessa raideliikenneonnettomuudessa, lehti <a href=\"https:\/\/www.prsanomat.fi\/paikalliset\/9110402\" rel=\"noopener nofollow\" target=\"_blank\">kertoo<\/a>.<\/p>\n<p class=\"paragraph\">Poliisi tiedotti tiistaina iltap\u00e4iv\u00e4ll\u00e4, ett\u00e4 Parikkalassa jalankulkija j\u00e4i tasoristeyksess\u00e4 junan alle ja kuoli. Tapauksessa ei ep\u00e4ill\u00e4 rikosta.<\/p>\n","protected":false},"excerpt":{"rendered":"P\u00e4\u00e4toimittaja Aleksi Ker\u00e4nen kirjoittaa, ett\u00e4 valoa kaivattaisiin t\u00e4n\u00e4 talvena niin fyysisell\u00e4 kuin vertauskuvallisella tasolla. Parikkalan-Rautj\u00e4rven Sanomien p\u00e4\u00e4toimittaja kuoli&hellip;\n","protected":false},"author":2,"featured_media":130346,"comment_status":"","ping_status":"","sticky":false,"template":"","format":"standard","meta":{"footnotes":""},"categories":[12],"tags":[35,22,23,26,27,33,31,30,17,24,25,121,734,951,28,29,953,15,18,21,950,32,19,20,16],"class_list":{"0":"post-130345","1":"post","2":"type-post","3":"status-publish","4":"format-standard","5":"has-post-thumbnail","7":"category-suomi","8":"tag-24h","9":"tag-breaking-news","10":"tag-breakingnews","11":"tag-featured-news","12":"tag-featurednews","13":"tag-fi","14":"tag-finland","15":"tag-finnish","16":"tag-headlines","17":"tag-latest-news","18":"tag-latestnews","19":"tag-liikenne-ja-kuljetus","20":"tag-maaliikenne","21":"tag-maaliikenne-putkijohtokuljetus","22":"tag-main-news","23":"tag-mainnews","24":"tag-matkustajaliikenne","25":"tag-news","26":"tag-otsikot","27":"tag-paauutiset","28":"tag-raskas-liikenne","29":"tag-suomi","30":"tag-top-stories","31":"tag-topstories","32":"tag-uutiset"},"share_on_mastodon":{"url":"https:\/\/pubeurope.com\/@fi\/115817467342062047","error":""},"_links":{"self":[{"href":"https:\/\/www.europesays.com\/fi\/wp-json\/wp\/v2\/posts\/130345","targetHints":{"allow":["GET"]}}],"collection":[{"href":"https:\/\/www.europesays.com\/fi\/wp-json\/wp\/v2\/posts"}],"about":[{"href":"https:\/\/www.europesays.com\/fi\/wp-json\/wp\/v2\/types\/post"}],"author":[{"embeddable":true,"href":"https:\/\/www.europesays.com\/fi\/wp-json\/wp\/v2\/users\/2"}],"replies":[{"embeddable":true,"href":"https:\/\/www.europesays.com\/fi\/wp-json\/wp\/v2\/comments?post=130345"}],"version-history":[{"count":0,"href":"https:\/\/www.europesays.com\/fi\/wp-json\/wp\/v2\/posts\/130345\/revisions"}],"wp:featuredmedia":[{"embeddable":true,"href":"https:\/\/www.europesays.com\/fi\/wp-json\/wp\/v2\/media\/130346"}],"wp:attachment":[{"href":"https:\/\/www.europesays.com\/fi\/wp-json\/wp\/v2\/media?parent=130345"}],"wp:term":[{"taxonomy":"category","embeddable":true,"href":"https:\/\/www.europesays.com\/fi\/wp-json\/wp\/v2\/categories?post=130345"},{"taxonomy":"post_tag","embeddable":true,"href":"https:\/\/www.europesays.com\/fi\/wp-json\/wp\/v2\/tags?post=130345"}],"curies":[{"name":"wp","href":"https:\/\/api.w.org\/{rel}","templated":true}]}}