{"id":130351,"date":"2026-01-01T02:43:08","date_gmt":"2026-01-01T02:43:08","guid":{"rendered":"https:\/\/www.europesays.com\/fi\/130351\/"},"modified":"2026-01-01T02:43:08","modified_gmt":"2026-01-01T02:43:08","slug":"kanada-paljasti-nhl-tahtia-vilisevan-olympiajoukkueensa-muun-muassa-connor-bedard-ei-mahtunut-ryhmaan-mukaan-urheilu","status":"publish","type":"post","link":"https:\/\/www.europesays.com\/fi\/130351\/","title":{"rendered":"Kanada paljasti NHL-t\u00e4hti\u00e4 vilisev\u00e4n olympiajoukkueensa \u2013 muun muassa Connor Bedard ei mahtunut ryhm\u00e4\u00e4n mukaan | Urheilu"},"content":{"rendered":"<p>San Jose Sharksin vasta 19-vuotias Macklin Celebrini mahtui mukaan, kun Kanadan j\u00e4\u00e4kiekkoliitto<a href=\"https:\/\/www.hockeycanada.ca\/en-ca\/news\/mens-olympic-roster-named-2026-olym\" rel=\"nofollow noopener\" target=\"_blank\"> julkisti<\/a> keskiviikkona joukkueensa ensi helmikuussa pelattavaan miesten olympiaturnaukseen.<\/p>\n<p>Milanossa ja Cortina d&#8217;Ampezzossa j\u00e4rjestett\u00e4viin olympialaisiin suuntaa kanadalaisjoukkue, joka odotetusti vilisee NHL:n t\u00e4htinimi\u00e4. Joukkueeseen oli jo aiemmin valittu kentt\u00e4pelaajista hy\u00f6kk\u00e4\u00e4j\u00e4t Sidney Crosby, Nathan MacKinnon, Connor McDavid, Brayden Point ja Sam Reinhart sek\u00e4 puolustaja Cale Makar.<\/p>\n<p>Kanadan olympiajoukkueessa on kokonaisuudessaan 25 pelaajaa.<\/p>\n<p>Maalivahdeista valinta osui Jordan Binningtoniin, Darcy Kuemperiin ja Logan Thompsoniin. Puolustajista mukaan p\u00e4\u00e4siv\u00e4t Makarin lis\u00e4ksi Drew Doughty, Thomas Harley, Josh Morrissey, Colton Parayko, Travis Sanheim, Shea Theodore ja Devon Toews.<\/p>\n<p>Jo aiemmin valitun viisikon sek\u00e4 Celebrinin lis\u00e4ksi olympiaj\u00e4ille suuntaavat hy\u00f6kk\u00e4\u00e4jist\u00e4 Anthony Cirelli, Brandon Hagel, Bo Horvat, Brad Marchand, Mitch Marner, Mark Stone, Nick Suzuki ja Tom Wilson.<\/p>\n<p>\t\t\t\tCelebrini pistep\u00f6rssiss\u00e4 kolmantena<\/p>\n<p>Nuorista t\u00e4hdist\u00e4 Celebrini mahtui mukaan mutta Connor Bedard, 20, ja Matthew Schaefer, 18, eiv\u00e4t.<\/p>\n<p>Celebrini on NHL:n pistep\u00f6rssiss\u00e4 kolmantena. H\u00e4n on ker\u00e4nnyt 39 ottelussaan tehopisteet 21+39=60. Keskushy\u00f6kk\u00e4\u00e4j\u00e4 Celebrinin valinta vaikuttaa olleen selv\u00e4 jo jonkin aikaa.<\/p>\n<p>\u2013\u2009Joulukuun alussa h\u00e4n oli yksi 12 pelaajasta, jotka olimme valmiit esitt\u00e4m\u00e4\u00e4n valmentajalle (Jon Cooper), Kanadan joukkueen general manager Doug Armstong sanoi Celebrinist\u00e4 NHL:n suomenkielisten kotisivujen <a href=\"https:\/\/www.nhl.com\/fi\/news\/celebrinille-olympiakutsu-bedardille-ei\" rel=\"nofollow noopener\" target=\"_blank\">mukaan<\/a>.<\/p>\n<p>Kenties eniten keskustelua ainakin sosiaalisessa mediassa her\u00e4tti Chicago Blackhawksin Bedardin j\u00e4\u00e4minen ulos joukkueesta. Keskushy\u00f6kk\u00e4\u00e4j\u00e4 Bedard on ollut loukkaantuneena, mutta h\u00e4nen odotetaan palaavan l\u00e4hiaikoina peleihin.<\/p>\n<p>Bedard on ker\u00e4nnyt kauden 31 ottelussaan komean pistesaldon 19+25=44.<\/p>\n<p>\u2013\u2009H\u00e4n oli mukana kaavailuissa viimeisille sekunneille asti. Realiteetti on kuitenkin, ett\u00e4 hyvi\u00e4 pelaajia on todella paljon, joten jouduimme tekem\u00e4\u00e4n vaikean p\u00e4\u00e4t\u00f6ksen, Armstrong sanoi.<\/p>\n","protected":false},"excerpt":{"rendered":"San Jose Sharksin vasta 19-vuotias Macklin Celebrini mahtui mukaan, kun Kanadan j\u00e4\u00e4kiekkoliitto julkisti keskiviikkona joukkueensa ensi helmikuussa pelattavaan&hellip;\n","protected":false},"author":2,"featured_media":130352,"comment_status":"","ping_status":"","sticky":false,"template":"","format":"standard","meta":{"footnotes":""},"categories":[158],"tags":[1144,1274,33,31,30,1143,5856,41,3570,159,32,1145,160],"class_list":{"0":"post-130351","1":"post","2":"type-post","3":"status-publish","4":"format-standard","5":"has-post-thumbnail","7":"category-urheilu","8":"tag-ammattilaisjaakiekko","9":"tag-ammattiurheilu","10":"tag-fi","11":"tag-finland","12":"tag-finnish","13":"tag-jaakiekko","14":"tag-joulu","15":"tag-liikunta-ja-urheilu","16":"tag-milano","17":"tag-sports","18":"tag-suomi","19":"tag-talviurheilu","20":"tag-urheilu"},"share_on_mastodon":{"url":"https:\/\/pubeurope.com\/@fi\/115817546077398787","error":""},"_links":{"self":[{"href":"https:\/\/www.europesays.com\/fi\/wp-json\/wp\/v2\/posts\/130351","targetHints":{"allow":["GET"]}}],"collection":[{"href":"https:\/\/www.europesays.com\/fi\/wp-json\/wp\/v2\/posts"}],"about":[{"href":"https:\/\/www.europesays.com\/fi\/wp-json\/wp\/v2\/types\/post"}],"author":[{"embeddable":true,"href":"https:\/\/www.europesays.com\/fi\/wp-json\/wp\/v2\/users\/2"}],"replies":[{"embeddable":true,"href":"https:\/\/www.europesays.com\/fi\/wp-json\/wp\/v2\/comments?post=130351"}],"version-history":[{"count":0,"href":"https:\/\/www.europesays.com\/fi\/wp-json\/wp\/v2\/posts\/130351\/revisions"}],"wp:featuredmedia":[{"embeddable":true,"href":"https:\/\/www.europesays.com\/fi\/wp-json\/wp\/v2\/media\/130352"}],"wp:attachment":[{"href":"https:\/\/www.europesays.com\/fi\/wp-json\/wp\/v2\/media?parent=130351"}],"wp:term":[{"taxonomy":"category","embeddable":true,"href":"https:\/\/www.europesays.com\/fi\/wp-json\/wp\/v2\/categories?post=130351"},{"taxonomy":"post_tag","embeddable":true,"href":"https:\/\/www.europesays.com\/fi\/wp-json\/wp\/v2\/tags?post=130351"}],"curies":[{"name":"wp","href":"https:\/\/api.w.org\/{rel}","templated":true}]}}