{"id":130369,"date":"2026-01-01T03:14:07","date_gmt":"2026-01-01T03:14:07","guid":{"rendered":"https:\/\/www.europesays.com\/fi\/130369\/"},"modified":"2026-01-01T03:14:07","modified_gmt":"2026-01-01T03:14:07","slug":"wsj-usan-tiedustelun-mukaan-ukrainan-lennokki-isku-ei-kohdistunut-putiniin-uutisia-lyhyesti","status":"publish","type":"post","link":"https:\/\/www.europesays.com\/fi\/130369\/","title":{"rendered":"WSJ: USA:n tiedustelun mukaan Ukrainan lennokki-isku ei kohdistunut Putiniin | Uutisia lyhyesti"},"content":{"rendered":"<p class=\"aw-1gybjub aw-5vja16 kEtdKx kmuxyA yle__article__paragraph\">Kansallisen turvallisuuden viranomaiset sanovat CIA:n arvion pohjalta, ett\u00e4 Ukrainan kohde ei ollut Putinin tai h\u00e4nen huvilaansa, Wall Street Journal uutisoi.<\/p>\n<p><img decoding=\"async\" alt=\"SAtelliittikuvassa n\u00e4kyy useita rakennuksia helikopterin laskeutumisalusta ymp\u00e4rill\u00e4. Rakennusta ymp\u00e4r\u00f6i metsikk\u00f6 sek\u00e4 vesist\u00f6.\" src=\"https:\/\/www.europesays.com\/fi\/wp-content\/uploads\/2026\/01\/39-15762206955caf80cadb.jpeg\" class=\"aw-1l9m598 hKVVvP\"\/><\/p>\n<p>Avaa kuvien katselu<\/p>\n<p>Arkistokuva. Planet Labs PBC yhti\u00f6n jakama satelliittikuva Vladimir Putinin huvila-alueesta Novgorodissa, Ven\u00e4j\u00e4ll\u00e4 elokuussa 2023. Kuva: AFP \/ 2025 Planet Labs PBC<\/p>\n<p class=\"aw-1gybjub aw-1p7kakr kEtdKx cEmitX yle__article__paragraph\">Ukrainan ja Euroopan unionin viranomaiset torjuvat Ven\u00e4j\u00e4n hallinnon v\u00e4itteet, ett\u00e4 Ukraina olisi kohdistanut lennokki-iskun Ven\u00e4j\u00e4n presidentin <strong class=\"aw-ak79eh KyCXm yle__article__strong\">Vladimir Putinin<\/strong> huvilaan. Lis\u00e4ksi my\u00f6s Yhdysvaltain tiedustelu tyrm\u00e4\u00e4 v\u00e4itteen.<\/p>\n<p class=\"aw-1gybjub aw-1p7kakr kEtdKx cEmitX yle__article__paragraph\">Yhdysvaltain kansallisen turvallisuuden viranomaiset sanovat, ett\u00e4 Ukraina ei yritt\u00e4nyt kohdistaa iskua Putiniin tai h\u00e4nen huvilaansa, <a class=\"aw-iao6s4 iHOxEa yle__article__link\" href=\"https:\/\/www.wsj.com\/politics\/national-security\/u-s-finds-ukraine-didnt-target-putin-in-drone-strike-615ce4be?mod=hp_lead_pos3\" role=\"link\" rel=\"nofollow noopener\" target=\"_blank\">Wall Street Journal -lehti uutisoi<\/a> keskiviikkona.<\/p>\n<p class=\"aw-1gybjub aw-1p7kakr kEtdKx cEmitX yle__article__paragraph\">Lehden mukaan t\u00e4h\u00e4n johtop\u00e4\u00e4t\u00f6kseen p\u00e4\u00e4dyttiin CIA:n arvion pohjalta. Uutistoimisto Reutersin mukaan CIA:n tiedottajaa ei ole tavoitettu kommentoimaan asiaa.<\/p>\n<p class=\"aw-1gybjub aw-1p7kakr kEtdKx cEmitX yle__article__paragraph\">Yhdysvaltain presidentti <strong class=\"aw-ak79eh KyCXm yle__article__strong\">Donald Trump<\/strong> suhtautui aluksi my\u00f6t\u00e4tunnolla Ven\u00e4j\u00e4n esitt\u00e4mi\u00e4 syyt\u00f6ksi\u00e4 kohtaan. Maanantaina Trump my\u00f6s kertoi toimittajille olevansa hyvin vihainen kuultuaan v\u00e4itetyst\u00e4 iskusta Putinilta.<\/p>\n<p class=\"aw-1gybjub aw-1p7kakr kEtdKx cEmitX yle__article__paragraph\">Keskiviikkoon menness\u00e4 Trump vaikutti olevan jo ep\u00e4ilev\u00e4isempi ja h\u00e4n jakoi sosiaalisessa mediassa New York Postin p\u00e4\u00e4kirjoitusta, jossa syytettiin Ven\u00e4j\u00e4\u00e4 rauhan est\u00e4misest\u00e4 Ukrainassa.<\/p>\n<p class=\"aw-1gybjub aw-1p7kakr kEtdKx cEmitX yle__article__paragraph\">Asiaan perehtynyt l\u00e4hde kertoi nimett\u00f6m\u00e4n\u00e4, ett\u00e4 Trump jakoi p\u00e4\u00e4kirjoituksen sen j\u00e4lkeen, kun CIA:n johtaja <strong class=\"aw-ak79eh KyCXm yle__article__strong\">John Ratcliffe<\/strong> oli antanut h\u00e4nelle selonteon Putinin v\u00e4itteist\u00e4. L\u00e4hde ei suostunut kertomaan tarkempia tietoja Ratcliffen selonteosta.<\/p>\n<p class=\"aw-1gybjub aw-1p7kakr kEtdKx cEmitX yle__article__paragraph\">Ven\u00e4j\u00e4n ulkoministeri <strong class=\"aw-ak79eh KyCXm yle__article__strong\">Sergei Lavrov<\/strong> v\u00e4itti alkuviikosta, ett\u00e4 Ukrainan asevoimat oli yritt\u00e4nyt tehd\u00e4 iskun kymmenill\u00e4 lennokeilla Putinin yksityishuvilaan Pohjois-Novgorodissa. Samalla Ven\u00e4j\u00e4n hallinnosta oli sanottu, ett\u00e4 se joutuu harkitsemaan asemaansa rauhanneuvotteluissa iskun takia.<\/p>\n<p class=\"aw-1gybjub aw-1p7kakr kEtdKx cEmitX yle__article__paragraph\">Ukraina sanoo v\u00e4itteit\u00e4 iskusta Ven\u00e4j\u00e4n disinformaatiokampanjaksi, jonka tarkoituksena on horjuttaa Ukrainan ja Yhdysvaltojen hallintojen v\u00e4lej\u00e4 sen j\u00e4lkeen, kun maiden presidenttien v\u00e4linen tapaaminen oli molempien osapuolten mukaan my\u00f6nteinen.<\/p>\n<p class=\"aw-1gybjub aw-1p7kakr kEtdKx cEmitX yle__article__paragraph\">Ukraina jakoi EU-edustustoille tiistaina yksityiskohtaisen selvityksen, jossa maan hallinto vakuutti, ett\u00e4 Ven\u00e4j\u00e4n syyt\u00f6sten tarkoitus oli sabotoida presidentti Trumpin ja Ukrainan presidentti <strong class=\"aw-ak79eh KyCXm yle__article__strong\">Volodymyr Zelenskyin<\/strong> v\u00e4lill\u00e4 Floridassa saavutettuja neuvottelutuloksia. Uutistoimisto Reuters sanoo n\u00e4hneens\u00e4 selvityksen.<\/p>\n<p class=\"aw-1gybjub aw-1p7kakr kEtdKx cEmitX yle__article__paragraph\">EU:n ulkopoliittinen johtaja <strong class=\"aw-ak79eh KyCXm yle__article__strong\">Kaja Kallas<\/strong> sanoi keskiviikkona, ett\u00e4 Ven\u00e4j\u00e4n v\u00e4ite iskusta on tarkoituksellista harhautusta.<\/p>\n<p class=\"aw-1gybjub aw-1p7kakr kEtdKx cEmitX yle__article__paragraph\">Iskusta ei ole toistaiseksi saatu riippumatonta vahvistusta.<\/p>\n<p class=\"aw-1gybjub aw-1p7kakr kEtdKx cEmitX yle__article__paragraph\">L\u00e4hde: Reuters<\/p>\n","protected":false},"excerpt":{"rendered":"Kansallisen turvallisuuden viranomaiset sanovat CIA:n arvion pohjalta, ett\u00e4 Ukrainan kohde ei ollut Putinin tai h\u00e4nen huvilaansa, Wall Street&hellip;\n","protected":false},"author":2,"featured_media":130370,"comment_status":"","ping_status":"","sticky":false,"template":"","format":"standard","meta":{"footnotes":""},"categories":[14],"tags":[22,23,585,26,27,33,31,30,17,23100,24,25,28,29,15,18,21,7276,32,19,20,1303,56,16,547,987,2257,59,60,61,619],"class_list":{"0":"post-130369","1":"post","2":"type-post","3":"status-publish","4":"format-standard","5":"has-post-thumbnail","7":"category-ulkomaat","8":"tag-breaking-news","9":"tag-breakingnews","10":"tag-donald-trump","11":"tag-featured-news","12":"tag-featurednews","13":"tag-fi","14":"tag-finland","15":"tag-finnish","16":"tag-headlines","17":"tag-john-ratcliffe","18":"tag-latest-news","19":"tag-latestnews","20":"tag-main-news","21":"tag-mainnews","22":"tag-news","23":"tag-otsikot","24":"tag-paauutiset","25":"tag-sergei-lavrov","26":"tag-suomi","27":"tag-top-stories","28":"tag-topstories","29":"tag-ukraina","30":"tag-ulkomaat","31":"tag-uutiset","32":"tag-venaja","33":"tag-venajan-hyokkays","34":"tag-vladimir-putin","35":"tag-world","36":"tag-world-news","37":"tag-worldnews","38":"tag-yhdysvallat"},"share_on_mastodon":{"url":"https:\/\/pubeurope.com\/@fi\/115817667907538232","error":""},"_links":{"self":[{"href":"https:\/\/www.europesays.com\/fi\/wp-json\/wp\/v2\/posts\/130369","targetHints":{"allow":["GET"]}}],"collection":[{"href":"https:\/\/www.europesays.com\/fi\/wp-json\/wp\/v2\/posts"}],"about":[{"href":"https:\/\/www.europesays.com\/fi\/wp-json\/wp\/v2\/types\/post"}],"author":[{"embeddable":true,"href":"https:\/\/www.europesays.com\/fi\/wp-json\/wp\/v2\/users\/2"}],"replies":[{"embeddable":true,"href":"https:\/\/www.europesays.com\/fi\/wp-json\/wp\/v2\/comments?post=130369"}],"version-history":[{"count":0,"href":"https:\/\/www.europesays.com\/fi\/wp-json\/wp\/v2\/posts\/130369\/revisions"}],"wp:featuredmedia":[{"embeddable":true,"href":"https:\/\/www.europesays.com\/fi\/wp-json\/wp\/v2\/media\/130370"}],"wp:attachment":[{"href":"https:\/\/www.europesays.com\/fi\/wp-json\/wp\/v2\/media?parent=130369"}],"wp:term":[{"taxonomy":"category","embeddable":true,"href":"https:\/\/www.europesays.com\/fi\/wp-json\/wp\/v2\/categories?post=130369"},{"taxonomy":"post_tag","embeddable":true,"href":"https:\/\/www.europesays.com\/fi\/wp-json\/wp\/v2\/tags?post=130369"}],"curies":[{"name":"wp","href":"https:\/\/api.w.org\/{rel}","templated":true}]}}