{"id":130371,"date":"2026-01-01T03:15:10","date_gmt":"2026-01-01T03:15:10","guid":{"rendered":"https:\/\/www.europesays.com\/fi\/130371\/"},"modified":"2026-01-01T03:15:10","modified_gmt":"2026-01-01T03:15:10","slug":"petteri-orpolta-hyvin-synkka-uudenvuoden-viesti-yksi-asia-ilahduttaa-erityisesti","status":"publish","type":"post","link":"https:\/\/www.europesays.com\/fi\/130371\/","title":{"rendered":"Petteri Orpolta hyvin synkk\u00e4 uudenvuoden viesti \u2013 Yksi asia ilahduttaa erityisesti"},"content":{"rendered":"<p>Putinin uho on vain voimistunut, p\u00e4\u00e4ministeri arvioi.<\/p>\n<p><img decoding=\"async\" class=\"image image-show image-preview\" src=\"https:\/\/www.europesays.com\/fi\/wp-content\/uploads\/2026\/01\/e2d228c9e4d6efd4a8c5b94b075fb3b18edd7e535aa6dbe162f0e66759f38c22.jpg\" alt=\"\"\/><img decoding=\"async\" class=\"image image-show\" src=\"https:\/\/www.europesays.com\/fi\/wp-content\/uploads\/2026\/01\/1767237310_280_e2d228c9e4d6efd4a8c5b94b075fb3b18edd7e535aa6dbe162f0e66759f38c22.jpg\" alt=\"\"\/><\/p>\n<p>P\u00e4\u00e4ministeri Petteri Orpo ei n\u00e4e isoa k\u00e4\u00e4nnett\u00e4 parempaan. Roosa Br\u00f6ijer<\/p>\n<p class=\"paragraph\">P\u00e4\u00e4ministeri <strong>Petteri Orpo<\/strong> (kok) arvioi uudenvuoden tervehdyksess\u00e4\u00e4n, ettei tilanne Ukrainassa helpottaisi merkitt\u00e4v\u00e4sti rauhanponnisteluista huolimatta.<\/p>\n<p class=\"paragraph\">\u2013 Ven\u00e4j\u00e4 ei valitettavasti ole antanut mink\u00e4\u00e4nlaisia merkkej\u00e4 siit\u00e4, ett\u00e4 sill\u00e4 olisi tahtoa rauhaan. <strong>Putinin<\/strong> uho on vain voimistunut.<\/p>\n<p class=\"paragraph\">Orpon mukaan vakava tilanne ei v\u00e4isty, vaikka Ukrainaan saataisiin tulitauko tai rauha.<\/p>\n<p class=\"paragraph\">\u2013 Ven\u00e4j\u00e4 on uhka koko Euroopalle, t\u00e4n\u00e4\u00e4n, huomenna ja pitk\u00e4lle tulevaisuuteen. Olen sanonut t\u00e4m\u00e4n useasti ja haluan sanoa sen my\u00f6s nyt: me emme pelk\u00e4\u00e4 Ven\u00e4j\u00e4\u00e4. Me olemme varautuneita.<\/p>\n<p class=\"paragraph\">Ukrainan tilanteen lis\u00e4ksi Orpo otti vakavamielisess\u00e4 tervehdyksess\u00e4\u00e4n kantaa  Suomen talousn\u00e4kymiin.<\/p>\n<p class=\"paragraph\">Orpon mukaan sota Ukrainassa ja it\u00e4rajan sulku ovat t\u00e4rkeimpi\u00e4 syit\u00e4 siihen, miksi asiantuntijoiden toiveikkaat ennusteet talouden kasvusta ovat sulaneet kerta toisensa per\u00e4\u00e4n.<\/p>\n<p class=\"paragraph\">\u2013 Sota on hiipinyt ihmisiin ep\u00e4varmuutena ja huolena.<\/p>\n<p class=\"paragraph\">\u2013 Taloutemme ei kasva, ja samaan aikaan v\u00e4est\u00f6n ik\u00e4\u00e4ntyminen, puolustuksen vahvistaminen sek\u00e4 kasvavat korkomenot lis\u00e4\u00e4v\u00e4t julkisia menoja. N\u00e4m\u00e4 haasteet ovat suuria my\u00f6s ensi vuonna, ja siit\u00e4 vuosia eteenp\u00e4in, Orpo arvioi.<\/p>\n<p class=\"paragraph\">Tervehdyksens\u00e4 Orpo p\u00e4\u00e4tti positiiviseen s\u00e4vyyn. P\u00e4\u00e4ttyv\u00e4n vuoden hyviksi uutisiksi h\u00e4n nosti muun muassa j\u00e4\u00e4nmurtajakaupat Yhdysvaltojen kanssa, datakeskusinvestoinnit ja Saksan tekem\u00e4n miljardiluokan tilauksen panssariajoneuvoista Patrialta.<\/p>\n<p class=\"paragraph\">Positiivisin asia ei kuitenkaan liittynyt j\u00e4ttidiileihin.<\/p>\n<p class=\"paragraph\">\u2013 Erityisen iloinen olen konkreettisista p\u00e4\u00e4t\u00f6ksist\u00e4 lis\u00e4t\u00e4 peruskouluissa oppitunteja lukemiseen ja laskemiseen sek\u00e4 k\u00e4nnykk\u00e4kiellosta.<\/p>\n<p class=\"paragraph\">\u2013 P\u00e4\u00e4t\u00f6ksist\u00e4 on tullut paljon kiitosta meille p\u00e4\u00e4tt\u00e4jille. Huoli lapsista ja nuorista yhdist\u00e4\u00e4 suomalaisia, Orpo p\u00e4\u00e4tti.<\/p>\n<p class=\"paragraph\">Koko Orpon uudenvuoden tervehdyksen voit lukea <a href=\"https:\/\/valtioneuvosto.fi\/-\/paaministeri-petteri-orpon-uudenvuoden-tervehdys-31.12.2025\" target=\"_blank\" rel=\"noopener nofollow\">t\u00e4st\u00e4<\/a>.<\/p>\n","protected":false},"excerpt":{"rendered":"Putinin uho on vain voimistunut, p\u00e4\u00e4ministeri arvioi. P\u00e4\u00e4ministeri Petteri Orpo ei n\u00e4e isoa k\u00e4\u00e4nnett\u00e4 parempaan. Roosa Br\u00f6ijer P\u00e4\u00e4ministeri&hellip;\n","protected":false},"author":2,"featured_media":130372,"comment_status":"","ping_status":"","sticky":false,"template":"","format":"standard","meta":{"footnotes":""},"categories":[12],"tags":[35,22,23,26,27,33,31,30,17,24,25,28,29,15,18,21,142,637,886,888,887,32,19,20,16],"class_list":{"0":"post-130371","1":"post","2":"type-post","3":"status-publish","4":"format-standard","5":"has-post-thumbnail","7":"category-suomi","8":"tag-24h","9":"tag-breaking-news","10":"tag-breakingnews","11":"tag-featured-news","12":"tag-featurednews","13":"tag-fi","14":"tag-finland","15":"tag-finnish","16":"tag-headlines","17":"tag-latest-news","18":"tag-latestnews","19":"tag-main-news","20":"tag-mainnews","21":"tag-news","22":"tag-otsikot","23":"tag-paauutiset","24":"tag-poliitikot","25":"tag-politiikka","26":"tag-puolueet","27":"tag-suomalaiset-poliitikot","28":"tag-suomen-politiikka","29":"tag-suomi","30":"tag-top-stories","31":"tag-topstories","32":"tag-uutiset"},"share_on_mastodon":{"url":"https:\/\/pubeurope.com\/@fi\/115817671777569417","error":""},"_links":{"self":[{"href":"https:\/\/www.europesays.com\/fi\/wp-json\/wp\/v2\/posts\/130371","targetHints":{"allow":["GET"]}}],"collection":[{"href":"https:\/\/www.europesays.com\/fi\/wp-json\/wp\/v2\/posts"}],"about":[{"href":"https:\/\/www.europesays.com\/fi\/wp-json\/wp\/v2\/types\/post"}],"author":[{"embeddable":true,"href":"https:\/\/www.europesays.com\/fi\/wp-json\/wp\/v2\/users\/2"}],"replies":[{"embeddable":true,"href":"https:\/\/www.europesays.com\/fi\/wp-json\/wp\/v2\/comments?post=130371"}],"version-history":[{"count":0,"href":"https:\/\/www.europesays.com\/fi\/wp-json\/wp\/v2\/posts\/130371\/revisions"}],"wp:featuredmedia":[{"embeddable":true,"href":"https:\/\/www.europesays.com\/fi\/wp-json\/wp\/v2\/media\/130372"}],"wp:attachment":[{"href":"https:\/\/www.europesays.com\/fi\/wp-json\/wp\/v2\/media?parent=130371"}],"wp:term":[{"taxonomy":"category","embeddable":true,"href":"https:\/\/www.europesays.com\/fi\/wp-json\/wp\/v2\/categories?post=130371"},{"taxonomy":"post_tag","embeddable":true,"href":"https:\/\/www.europesays.com\/fi\/wp-json\/wp\/v2\/tags?post=130371"}],"curies":[{"name":"wp","href":"https:\/\/api.w.org\/{rel}","templated":true}]}}