{"id":130377,"date":"2026-01-01T03:35:10","date_gmt":"2026-01-01T03:35:10","guid":{"rendered":"https:\/\/www.europesays.com\/fi\/130377\/"},"modified":"2026-01-01T03:35:10","modified_gmt":"2026-01-01T03:35:10","slug":"roberto-carlos-kiidatettiin-sydanleikkaukseen","status":"publish","type":"post","link":"https:\/\/www.europesays.com\/fi\/130377\/","title":{"rendered":"Roberto Carlos kiid\u00e4tettiin syd\u00e4nleikkaukseen"},"content":{"rendered":"<p>Brassilegenda toipuu leikkauksesta S\u00e3o Paulossa. <\/p>\n<p><img decoding=\"async\" class=\"image image-show image-preview\" src=\"https:\/\/www.europesays.com\/fi\/wp-content\/uploads\/2026\/01\/b58668c27abff05dabd5b9111a8eb0081fd0fa75375b7770c9530eb29e8ca8f0.jpg\" alt=\"\"\/><img decoding=\"async\" class=\"image image-show\" src=\"https:\/\/www.europesays.com\/fi\/wp-content\/uploads\/2026\/01\/1767238510_24_b58668c27abff05dabd5b9111a8eb0081fd0fa75375b7770c9530eb29e8ca8f0.jpg\" alt=\"\"\/><\/p>\n<p>Roberto Carlos toipuu parhaillaan syd\u00e4nleikkauksesta. EPA \/ AOP<\/p>\n<p class=\"paragraph\">52-vuotias <strong>Roberto Carlos<\/strong> koki pieni\u00e4 kauhunhetki\u00e4, kun h\u00e4n oli s\u00e3opaulolaisessa sairaalassa rutiinitarkastuksessa.<\/p>\n<p class=\"paragraph\">Real Madridin ja Brasilian maajoukkueen entinen t\u00e4htipakki oli saapunut sairaalaan, koska h\u00e4nell\u00e4 oli diagnosoitu pieni tukos jalassa.<\/p>\n<p class=\"paragraph\">L\u00e4\u00e4k\u00e4rit kuitenkin huomasivat samalla, ettei futislegendan syd\u00e4n toiminut oikein. Sen takia h\u00e4net kiid\u00e4tettiin samalta istumalta leikkaussaliin.<\/p>\n<p class=\"paragraph\">Alun perin 40 minuutin rutiinileikkaukseksi suunniteltu operaatio venyi lopulta yli kolmetuntiseksi haasteeksi kirurgeille. Lopputulos oli kuitenkin erinomainen, ja nyt Roberto Carlos on jo toipumassa leikkauksesta osastolla.<\/p>\n<p class=\"paragraph\">Ex-pelaajan perhe tiedotti, ett\u00e4 seuraavien 48 tunnin aikana saattaa viel\u00e4 ilmaantua komplikaatioita. Toki samaan hengenvetoon vakuutettiin, ettei Roberto Carlosin henki ole vaarassa.<\/p>\n","protected":false},"excerpt":{"rendered":"Brassilegenda toipuu leikkauksesta S\u00e3o Paulossa. Roberto Carlos toipuu parhaillaan syd\u00e4nleikkauksesta. EPA \/ AOP 52-vuotias Roberto Carlos koki pieni\u00e4&hellip;\n","protected":false},"author":2,"featured_media":130378,"comment_status":"","ping_status":"","sticky":false,"template":"","format":"standard","meta":{"footnotes":""},"categories":[158],"tags":[35,33,31,30,43,42,41,159,32,502,167,160],"class_list":{"0":"post-130377","1":"post","2":"type-post","3":"status-publish","4":"format-standard","5":"has-post-thumbnail","7":"category-urheilu","8":"tag-24h","9":"tag-fi","10":"tag-finland","11":"tag-finnish","12":"tag-jalkapallo","13":"tag-jalkapalloon-perustuvat-lajit","14":"tag-liikunta-ja-urheilu","15":"tag-sports","16":"tag-suomi","17":"tag-terveydenhoito","18":"tag-terveys","19":"tag-urheilu"},"share_on_mastodon":{"url":"https:\/\/pubeurope.com\/@fi\/115817750493862990","error":""},"_links":{"self":[{"href":"https:\/\/www.europesays.com\/fi\/wp-json\/wp\/v2\/posts\/130377","targetHints":{"allow":["GET"]}}],"collection":[{"href":"https:\/\/www.europesays.com\/fi\/wp-json\/wp\/v2\/posts"}],"about":[{"href":"https:\/\/www.europesays.com\/fi\/wp-json\/wp\/v2\/types\/post"}],"author":[{"embeddable":true,"href":"https:\/\/www.europesays.com\/fi\/wp-json\/wp\/v2\/users\/2"}],"replies":[{"embeddable":true,"href":"https:\/\/www.europesays.com\/fi\/wp-json\/wp\/v2\/comments?post=130377"}],"version-history":[{"count":0,"href":"https:\/\/www.europesays.com\/fi\/wp-json\/wp\/v2\/posts\/130377\/revisions"}],"wp:featuredmedia":[{"embeddable":true,"href":"https:\/\/www.europesays.com\/fi\/wp-json\/wp\/v2\/media\/130378"}],"wp:attachment":[{"href":"https:\/\/www.europesays.com\/fi\/wp-json\/wp\/v2\/media?parent=130377"}],"wp:term":[{"taxonomy":"category","embeddable":true,"href":"https:\/\/www.europesays.com\/fi\/wp-json\/wp\/v2\/categories?post=130377"},{"taxonomy":"post_tag","embeddable":true,"href":"https:\/\/www.europesays.com\/fi\/wp-json\/wp\/v2\/tags?post=130377"}],"curies":[{"name":"wp","href":"https:\/\/api.w.org\/{rel}","templated":true}]}}