{"id":130390,"date":"2026-01-01T03:54:11","date_gmt":"2026-01-01T03:54:11","guid":{"rendered":"https:\/\/www.europesays.com\/fi\/130390\/"},"modified":"2026-01-01T03:54:11","modified_gmt":"2026-01-01T03:54:11","slug":"illalla-tvssa-ralph-fiennes-yllatti-kuvauksissa-yhden-paivan-fantasiaseikkailun-kohtaus-muovautui-improvisaation-myota","status":"publish","type":"post","link":"https:\/\/www.europesays.com\/fi\/130390\/","title":{"rendered":"Illalla tv:ss\u00e4: Ralph Fiennes yll\u00e4tti kuvauksissa \u2013 yhden p\u00e4iv\u00e4n fantasiaseikkailun kohtaus muovautui improvisaation my\u00f6t\u00e4"},"content":{"rendered":"<p>Televisiossa esitet\u00e4\u00e4n t\u00e4n\u00e4\u00e4n Harry Potter ja kuoleman varjelukset \u2013 osa 2 (2011), jonka tarina etenee yhden \u00e4\u00e4rimm\u00e4isen intensiivisen vuorokauden aikana. Upean fantasiaelokuvasarjan p\u00e4\u00e4t\u00f6s l\u00f6ytyy my\u00f6s HBO Maxista.<\/p>\n<p>Tarinassa ratkaisun hetket ovat koittaneet. Tylypahkaa varjostaa kuoleman uhka, kun vastakkaiset voimat ajautuvat v\u00e4ist\u00e4m\u00e4tt\u00f6m\u00e4\u00e4n yhteenottoon. Harry ymm\u00e4rt\u00e4\u00e4, ettei pako ole en\u00e4\u00e4 vaihtoehto: h\u00e4nen on kohdattava Voldemort, joka kohdistaa taikasauvansa suoraan Tylypahkaa kohti.<\/p>\n<p><img loading=\"lazy\" height=\"1333\" width=\"2000\" class=\"wp-image-148608 sp-no-webp perfmatters-lazy\" alt=\"\" decoding=\"async\" src=\"https:\/\/www.europesays.com\/fi\/wp-content\/uploads\/2026\/01\/harry-potter-and-the-deathly-hallows-part-21.jpg\"  data-\/> <\/p>\n<p>Lue my\u00f6s: <a href=\"https:\/\/www.episodi.fi\/uutiset\/episodin-joulukalenteri-2025-luukku-17-fantastista-joulua\/\" title=\"Episodin joulukalenteri 2025: luukku 17 \u2013 fantastista joulua\" class=\"underline-custom !font-montserrat !font-bold !underline-offset-4 !decoration-4 !decoration-episodi-blue !text-md\" rel=\"nofollow noopener\" target=\"_blank\">Episodin joulukalenteri 2025: luukku 17 \u2013 fantastista joulua<\/a><\/p>\n<p>Ohjaajana toimii <strong>David Yates<\/strong>. P\u00e4\u00e4osissa n\u00e4hd\u00e4\u00e4n <strong>Daniel Radcliffe<\/strong>, <strong>Emma Watson<\/strong>, <strong>Ralph Fiennes<\/strong>, <strong>Helena Bonham Carter<\/strong>, <strong>Michael Gambon<\/strong>, <strong>Rupert Grint<\/strong> ja <strong>Evanna Lynch<\/strong>.<\/p>\n<p>Elokuvassa n\u00e4hd\u00e4\u00e4n hetki, kun Voldemort (Fiennes) yll\u00e4tt\u00e4en halaa Dracoa (<strong>Tom Felton<\/strong>). T\u00e4m\u00e4 ei ollut k\u00e4sikirjoituksessa vaan Fiennesin improvisaatiota. Felton ei tied\u00e4 mit\u00e4 tehd\u00e4, joten h\u00e4nen reaktionsa onkin aito.<\/p>\n<p>Tarkkasilm\u00e4isimm\u00e4t voivat seurata lis\u00e4ksi, miten Bellatrix Lestrange (Bonham Carter) sijoittaa itsens\u00e4 Voldemortiin n\u00e4hden. H\u00e4n siirtyy aina Voldemortin oikealle puolelle, jonka katsotaan symboloivan kaikkein lojaaleimman seuraajan statusta.<\/p>\n<p>Leffa sai hyv\u00e4t arviot. Rotten Tomatoesin kriitikkomittari on luvussa 96 ja yleis\u00f6mittari luvussa 89. Sivuston konsensusteksti kuuluu seuraavasti:<\/p>\n<p>\u201dJ\u00e4nnitt\u00e4v\u00e4, vahvojen n\u00e4yttelij\u00e4suoritusten kannattelema ja visuaalisesti n\u00e4ytt\u00e4v\u00e4 Harry Potter ja kuoleman varjelukset \u2013 osa 2 p\u00e4\u00e4tt\u00e4\u00e4 Harry Potter -elokuvasarjan vakuuttavasti ja juuri niin taianomaisesti kuin huipennukselta sopii odottaa.\u201d<\/p>\n<p>Alla traileri.<\/p>\n<p>Tulevat l\u00e4hetykset:<\/p>\n<ul class=\"wp-block-list\">\n<li>Ke 31.12.2025 klo 17.40 \u00b7 TV5<\/li>\n<\/ul>\n<p>Lue my\u00f6s: <a href=\"https:\/\/www.episodi.fi\/uutiset\/daniel-radcliffe-kirjoitti-uudelle-harry-potterille-kirjeen\/\" title=\"Daniel Radcliffe kirjoitti uudelle Harry Potterille kirjeen: \u201dEn halua olla aave\u201d\" class=\"underline-custom !font-montserrat !font-bold !underline-offset-4 !decoration-4 !decoration-episodi-blue !text-md\" rel=\"nofollow noopener\" target=\"_blank\">Daniel Radcliffe kirjoitti uudelle Harry Potterille kirjeen: \u201dEn halua olla aave\u201d<\/a><\/p>\n<p>Lue my\u00f6s: <a href=\"https:\/\/www.episodi.fi\/uutiset\/nyt-suoratoistona-murha-tuo-runoilijat-yhteen-paatahti-loysi-kuvauksista-rakkauden\/\" title=\"Nyt suoratoistona: Murha tuo runoilijat yhteen \u2013 p\u00e4\u00e4t\u00e4hti l\u00f6ysi kuvauksista rakkauden\" class=\"underline-custom !font-montserrat !font-bold !underline-offset-4 !decoration-4 !decoration-episodi-blue !text-md\" rel=\"nofollow noopener\" target=\"_blank\">Nyt suoratoistona: Murha tuo runoilijat yhteen \u2013 p\u00e4\u00e4t\u00e4hti l\u00f6ysi kuvauksista rakkauden<\/a><\/p>\n<p>Lue my\u00f6s: <a href=\"https:\/\/www.episodi.fi\/uutiset\/harry-potter-tahti-mukana-downton-abbey-parodiassa-fackham-hallin-traileri-antaa-luvan-nauraa\/\" title=\"Harry Potter -t\u00e4hti mukana Downton Abbey -parodiassa \u2013\u00a0Fackham Hallin traileri antaa luvan nauraa\" class=\"underline-custom !font-montserrat !font-bold !underline-offset-4 !decoration-4 !decoration-episodi-blue !text-md\" rel=\"nofollow noopener\" target=\"_blank\">Harry Potter -t\u00e4hti mukana Downton Abbey -parodiassa \u2013\u00a0Fackham Hallin traileri antaa luvan nauraa<\/a><\/p>\n<p><img loading=\"lazy\" decoding=\"async\" alt=\"YouTube video\" width=\"480\" height=\"360\" data-pin-nopin=\"true\" nopin=\"nopin\" class=\"perfmatters-lazy\" src=\"https:\/\/www.europesays.com\/fi\/wp-content\/uploads\/2025\/10\/1760791929_97_hqdefault.jpg\"\/><\/p>\n<p>L\u00e4hde: <a href=\"https:\/\/www.imdb.com\/title\/tt1201607\/\" target=\"_blank\" rel=\"noreferrer noopener nofollow\">IMDb<\/a><\/p>\n<p>Lue my\u00f6s: <a href=\"https:\/\/www.episodi.fi\/uutiskirje\/?uutiskirjemainos=tekstilinkkimainos\" title=\"Tilaa Episodin uutiskirje ja voit voittaa leffalippuja! Nappaa tv-vinkit suoraan s\u00e4hk\u00f6postiin t\u00e4st\u00e4.\" class=\"underline-custom !font-montserrat !font-bold !underline-offset-4 !decoration-4 !decoration-episodi-blue !text-md\" rel=\"nofollow noopener\" target=\"_blank\">Tilaa Episodin uutiskirje ja voit voittaa leffalippuja! Nappaa katseluvinkit suoraan s\u00e4hk\u00f6postiin t\u00e4st\u00e4.<\/a><\/p>\n","protected":false},"excerpt":{"rendered":"Televisiossa esitet\u00e4\u00e4n t\u00e4n\u00e4\u00e4n Harry Potter ja kuoleman varjelukset \u2013 osa 2 (2011), jonka tarina etenee yhden \u00e4\u00e4rimm\u00e4isen intensiivisen&hellip;\n","protected":false},"author":2,"featured_media":130391,"comment_status":"","ping_status":"","sticky":false,"template":"","format":"standard","meta":{"footnotes":""},"categories":[136],"tags":[407,137,33,31,30,408,32,139,109],"class_list":{"0":"post-130390","1":"post","2":"type-post","3":"status-publish","4":"format-standard","5":"has-post-thumbnail","7":"category-julkkikset","8":"tag-celebrities","9":"tag-entertainment","10":"tag-fi","11":"tag-finland","12":"tag-finnish","13":"tag-julkkikset","14":"tag-suomi","15":"tag-tv-ohjelmat","16":"tag-viihde"},"share_on_mastodon":{"url":"https:\/\/pubeurope.com\/@fi\/115817825114758107","error":""},"_links":{"self":[{"href":"https:\/\/www.europesays.com\/fi\/wp-json\/wp\/v2\/posts\/130390","targetHints":{"allow":["GET"]}}],"collection":[{"href":"https:\/\/www.europesays.com\/fi\/wp-json\/wp\/v2\/posts"}],"about":[{"href":"https:\/\/www.europesays.com\/fi\/wp-json\/wp\/v2\/types\/post"}],"author":[{"embeddable":true,"href":"https:\/\/www.europesays.com\/fi\/wp-json\/wp\/v2\/users\/2"}],"replies":[{"embeddable":true,"href":"https:\/\/www.europesays.com\/fi\/wp-json\/wp\/v2\/comments?post=130390"}],"version-history":[{"count":0,"href":"https:\/\/www.europesays.com\/fi\/wp-json\/wp\/v2\/posts\/130390\/revisions"}],"wp:featuredmedia":[{"embeddable":true,"href":"https:\/\/www.europesays.com\/fi\/wp-json\/wp\/v2\/media\/130391"}],"wp:attachment":[{"href":"https:\/\/www.europesays.com\/fi\/wp-json\/wp\/v2\/media?parent=130390"}],"wp:term":[{"taxonomy":"category","embeddable":true,"href":"https:\/\/www.europesays.com\/fi\/wp-json\/wp\/v2\/categories?post=130390"},{"taxonomy":"post_tag","embeddable":true,"href":"https:\/\/www.europesays.com\/fi\/wp-json\/wp\/v2\/tags?post=130390"}],"curies":[{"name":"wp","href":"https:\/\/api.w.org\/{rel}","templated":true}]}}