{"id":130394,"date":"2026-01-01T04:02:08","date_gmt":"2026-01-01T04:02:08","guid":{"rendered":"https:\/\/www.europesays.com\/fi\/130394\/"},"modified":"2026-01-01T04:02:08","modified_gmt":"2026-01-01T04:02:08","slug":"kuningatar-camilla-paljastaa-joutuneensa-teinina-seksuaalisen-hyokkayksen-kohteeksi","status":"publish","type":"post","link":"https:\/\/www.europesays.com\/fi\/130394\/","title":{"rendered":"Kuningatar Camilla paljastaa joutuneensa teinin\u00e4 seksuaalisen hy\u00f6kk\u00e4yksen kohteeksi"},"content":{"rendered":"<p>            All Over Press\n        <\/p>\n<p class=\"subtitle \">Kuningatar puhuu ensimm\u00e4ist\u00e4 kertaa julkisesti nuorena kokemastaan hy\u00f6kk\u00e4yksest\u00e4.<\/p>\n<p class=\"article-content article-content-width !bg-background\">Kuningatar  paljastaa joutuneensa teini-ik\u00e4isen\u00e4 seksuaalisen hy\u00f6kk\u00e4yksen kohteeksi. <a href=\"https:\/\/www.bbc.com\/news\/videos\/cp871zrey80o\" target=\"_blank\" rel=\"nofollow noopener\">Camilla puhui asiasta ensimm\u00e4ist\u00e4 kertaa<\/a> julkisesti :nToday-ohjelmassa.\u00a0<\/p>\n<p class=\"article-content article-content-width !bg-background\">Jaksossa k\u00e4sitell\u00e4\u00e4n l\u00e4hisuhdev\u00e4kivaltaa. Ohjelman vieraana ovat Camillan lis\u00e4ksi -tytt\u00e4rens\u00e4 kanssa. Perheen -\u00e4iti sek\u00e4 tytt\u00e4ret  ja  tapettiin v\u00e4kivaltaisesti vuonna 2024. Syyllinen oli Louisen ex-kumppani.<\/p>\n<p>Mies hy\u00f6kk\u00e4si junassa<\/p>\n<p class=\"article-content article-content-width !bg-background\">Camillan kohtaamasta j\u00e4rkytt\u00e4v\u00e4st\u00e4 tilanteesta kerrottiin &#8217;n syksyll\u00e4 julkaistussa Power and the Palace -teoksessa. T\u00e4m\u00e4 on kuitenkin ensimm\u00e4inen kerta, kun Camilla itse pui tilannetta avoimesti. H\u00e4n toteaa l\u00e4hes unohtaneensa tapahtuneen, mutta sen muistuneen mieleen Huntien tragedian my\u00f6t\u00e4.\u00a0<\/p>\n<p>                <img decoding=\"async\" src=\"https:\/\/www.europesays.com\/fi\/wp-content\/uploads\/2026\/01\/2035232.webp.jpeg\" width=\"576\" height=\"720\" alt=\"Camillalla on omakohtaista kokemusta seksuaalisesta ahdistelusta.\" loading=\"lazy\" \/>            <\/p>\n<p>\n            Camillalla on omakohtaista kokemusta seksuaalisesta ahdistelusta.<br \/>\n            Tristan Fewings\/WPA Pool\/Shutterstock\/All Over Press\n        <\/p>\n<p class=\"article-content article-content-width !bg-background\">\u2013 Kun olin teini-ik\u00e4inen, kimppuuni hy\u00f6k\u00e4ttiin junassa. Luin kirjaani kun t\u00e4m\u00e4 poika\u00a0\u2013 mies\u00a0\u2013 hy\u00f6kk\u00e4si, ja min\u00e4 taistelin vastaan, Camilla kertoo ohjelmassa.<\/p>\n<p>        <a itemprop=\"url\" href=\"https:\/\/www.seiska.fi\/kuninkaalliset\/kuningatar-camillan-lapset-eivat-vieta-joulua-kuninkaallisten-kanssa-tassa-syy\/2017140\" rel=\"nofollow noopener\" target=\"_blank\"><\/p>\n<p>\nKuningatar Camilla\n<\/p>\n<p class=\"section-date\">\n        <strong class=\"article-section\" data-section=\"kuninkaalliset\"><br \/>\n            kuninkaalliset<br \/>\n        <\/strong><br \/>\n        9.12.2025 21:02\n    <\/p>\n<p>Kuningatar Camillan lapset eiv\u00e4t viet\u00e4 joulua kuninkaallisten kanssa \u2013 t\u00e4ss\u00e4 syy\n    <\/p>\n<p itemprop=\"description\" class=\"subtitle \">\n    Camillan viisikymppiset lapset Tom ja Laura eiv\u00e4t viet\u00e4 joulua Sandringhamissa.\n<\/p>\n<p>        <\/a><\/p>\n<p class=\"article-content article-content-width !bg-background\">Kirjan mukaan Camilla, joka oli tuolloin 16 tai 17, iski hy\u00f6kk\u00e4\u00e4j\u00e4\u00e4 kenk\u00e4ns\u00e4 korolla. H\u00e4n teki asiasta ilmoituksen ja tekij\u00e4 pid\u00e4tettiin juna-asemalla.\u00a0<\/p>\n<p class=\"article-content article-content-width !bg-background\">\u2013 Muistan vihan, olin niin raivoissani, Camilla kuvailee tuntemuksiaan, jotka h\u00e4n muistaa el\u00e4v\u00e4sti viel\u00e4 vuosikymmeni\u00e4 my\u00f6hemmin.\u00a0<\/p>\n<p>Uhrien asialla<\/p>\n<p class=\"article-content article-content-width !bg-background\">Camilla selvisi tilanteesta pitk\u00e4lti s\u00e4ik\u00e4hdyksell\u00e4. H\u00e4nen \u00e4itins\u00e4 ihmetteli j\u00e4lkik\u00e4teen Camillan takista puuttuvaa nappia.\u00a0<\/p>\n<p class=\"article-content article-content-width !bg-background\">Kuningatar on ty\u00f6skennellyt ahkerasti l\u00e4hisuhdev\u00e4kivallan uhrien hyv\u00e4ksi. Asiasta puhumisen lis\u00e4ksi h\u00e4n on muun muassa vieraillut raiskaustukikeskuksissa, <a href=\"https:\/\/www.independent.co.uk\/news\/uk\/home-news\/queen-camilla-assault-domestic-violence-b2892613.html\" target=\"_blank\" rel=\"nofollow noopener\">kertoo Independent<\/a>.\u00a0<\/p>\n<p class=\"article-content article-content-width !bg-background\">Perhetragedian kohdanneille Johnille ja Amylle Camillalla on tarjota my\u00f6t\u00e4tuntoisia sanoja.\u00a0<\/p>\n<p class=\"article-content article-content-width !bg-background\">\u2013 Miss\u00e4 tahansa perheenne onkaan, he ollisivat teist\u00e4 hyvin ylpeit\u00e4.<\/p>\n<p>        <a itemprop=\"url\" href=\"https:\/\/www.seiska.fi\/kuninkaalliset\/kuningatar-camilla-mauton-tokaisu-catherinen-terveydesta\/1988395\" rel=\"nofollow noopener\" target=\"_blank\"><\/p>\n<p>\nKuningatar Camilla\n<\/p>\n<p class=\"section-date\">\n        <strong class=\"article-section\" data-section=\"kuninkaalliset\"><br \/>\n            kuninkaalliset<br \/>\n        <\/strong><br \/>\n        10.11.2025 12:29\n    <\/p>\n<p>Kuningatar Camilla: Mauton tokaisu Catherinen terveydest\u00e4\n    <\/p>\n<p itemprop=\"description\" class=\"subtitle \">\n    Camillan huumorintaju ei ole kaikkien mieleen.\n<\/p>\n<p>        <\/a><\/p>\n","protected":false},"excerpt":{"rendered":"All Over Press Kuningatar puhuu ensimm\u00e4ist\u00e4 kertaa julkisesti nuorena kokemastaan hy\u00f6kk\u00e4yksest\u00e4. Kuningatar paljastaa joutuneensa teini-ik\u00e4isen\u00e4 seksuaalisen hy\u00f6kk\u00e4yksen kohteeksi.&hellip;\n","protected":false},"author":2,"featured_media":130395,"comment_status":"","ping_status":"","sticky":false,"template":"","format":"standard","meta":{"footnotes":""},"categories":[130],"tags":[23106,1721,137,33,31,30,6464,4458,1252,38,23107,32,14338,23105,109],"class_list":{"0":"post-130394","1":"post","2":"type-post","3":"status-publish","4":"format-standard","5":"has-post-thumbnail","7":"category-viihde","8":"tag-bbc-today","9":"tag-brittihovi","10":"tag-entertainment","11":"tag-fi","12":"tag-finland","13":"tag-finnish","14":"tag-kuningatar-camilla","15":"tag-lahisuhdevakivalta","16":"tag-murha","17":"tag-rikos","18":"tag-seksuaalinen-hyokkays","19":"tag-suomi","20":"tag-uhri","21":"tag-valentine-low","22":"tag-viihde"},"share_on_mastodon":{"url":"https:\/\/pubeurope.com\/@fi\/115817856572667937","error":""},"_links":{"self":[{"href":"https:\/\/www.europesays.com\/fi\/wp-json\/wp\/v2\/posts\/130394","targetHints":{"allow":["GET"]}}],"collection":[{"href":"https:\/\/www.europesays.com\/fi\/wp-json\/wp\/v2\/posts"}],"about":[{"href":"https:\/\/www.europesays.com\/fi\/wp-json\/wp\/v2\/types\/post"}],"author":[{"embeddable":true,"href":"https:\/\/www.europesays.com\/fi\/wp-json\/wp\/v2\/users\/2"}],"replies":[{"embeddable":true,"href":"https:\/\/www.europesays.com\/fi\/wp-json\/wp\/v2\/comments?post=130394"}],"version-history":[{"count":0,"href":"https:\/\/www.europesays.com\/fi\/wp-json\/wp\/v2\/posts\/130394\/revisions"}],"wp:featuredmedia":[{"embeddable":true,"href":"https:\/\/www.europesays.com\/fi\/wp-json\/wp\/v2\/media\/130395"}],"wp:attachment":[{"href":"https:\/\/www.europesays.com\/fi\/wp-json\/wp\/v2\/media?parent=130394"}],"wp:term":[{"taxonomy":"category","embeddable":true,"href":"https:\/\/www.europesays.com\/fi\/wp-json\/wp\/v2\/categories?post=130394"},{"taxonomy":"post_tag","embeddable":true,"href":"https:\/\/www.europesays.com\/fi\/wp-json\/wp\/v2\/tags?post=130394"}],"curies":[{"name":"wp","href":"https:\/\/api.w.org\/{rel}","templated":true}]}}