{"id":130398,"date":"2026-01-01T04:07:07","date_gmt":"2026-01-01T04:07:07","guid":{"rendered":"https:\/\/www.europesays.com\/fi\/130398\/"},"modified":"2026-01-01T04:07:07","modified_gmt":"2026-01-01T04:07:07","slug":"espoosta-haluttiin-tehda-kaupunki-jo-1500-luvun-puolivalissa-mita-jos-tapiola-olisikin-itakeskus-paikalliset","status":"publish","type":"post","link":"https:\/\/www.europesays.com\/fi\/130398\/","title":{"rendered":"Espoosta haluttiin tehd\u00e4 kaupunki jo 1500-luvun puoliv\u00e4liss\u00e4 \u2013 mit\u00e4 jos Tapiola olisikin It\u00e4keskus? | Paikalliset"},"content":{"rendered":"<p>Suomen herttua Juhana ehdotti Kustaa Vaasalle, ett\u00e4 Espoon kartanon ymp\u00e4rille perustetaan kaupunki. Milt\u00e4 Espoo n\u00e4ytt\u00e4isi, jos suunnitelma olisi toteutunut? Vertasimme kehityst\u00e4 Helsinkiin, ja kehitimme Espoolle vaihtoehtoisen kaupunkirakenteen.<\/p>\n<p>Aikamatkailuun keskittyv\u00e4ss\u00e4 kirjallisuudessa sek\u00e4 elokuvissa on usein yksi toistuva teema: jos jotakin muutetaan menneisyydess\u00e4, muuttuu samalla tuleva. Paluu tulevaisuuteen -elokuvatrilogian toisessa osassa urheilualmanakan vieminen menneisyyteen aiheuttaa kohtalokkaat seuraukset. Terminatorissa kyborgi<strong> <\/strong>l\u00e4hetet\u00e4\u00e4n menneisyyteen tappamaan <strong>Sarah Connor<\/strong> ihmiskunnan tulevan kapinan est\u00e4miseksi.<\/p>\n","protected":false},"excerpt":{"rendered":"Suomen herttua Juhana ehdotti Kustaa Vaasalle, ett\u00e4 Espoon kartanon ymp\u00e4rille perustetaan kaupunki. Milt\u00e4 Espoo n\u00e4ytt\u00e4isi, jos suunnitelma olisi&hellip;\n","protected":false},"author":2,"featured_media":130399,"comment_status":"","ping_status":"","sticky":false,"template":"","format":"standard","meta":{"footnotes":""},"categories":[12],"tags":[22,23,400,2409,26,27,33,31,30,17,104,12119,24,25,28,29,3200,15,18,21,32,6688,19,20,16,873],"class_list":{"0":"post-130398","1":"post","2":"type-post","3":"status-publish","4":"format-standard","5":"has-post-thumbnail","7":"category-suomi","8":"tag-breaking-news","9":"tag-breakingnews","10":"tag-espoo","11":"tag-espoon-kaupunki","12":"tag-featured-news","13":"tag-featurednews","14":"tag-fi","15":"tag-finland","16":"tag-finnish","17":"tag-headlines","18":"tag-helsinki","19":"tag-kruunujuttu","20":"tag-latest-news","21":"tag-latestnews","22":"tag-main-news","23":"tag-mainnews","24":"tag-metsa","25":"tag-news","26":"tag-otsikot","27":"tag-paauutiset","28":"tag-suomi","29":"tag-tapiola-espoo","30":"tag-top-stories","31":"tag-topstories","32":"tag-uutiset","33":"tag-vantaanjoki"},"share_on_mastodon":{"url":"https:\/\/pubeurope.com\/@fi\/115817876248287291","error":""},"_links":{"self":[{"href":"https:\/\/www.europesays.com\/fi\/wp-json\/wp\/v2\/posts\/130398","targetHints":{"allow":["GET"]}}],"collection":[{"href":"https:\/\/www.europesays.com\/fi\/wp-json\/wp\/v2\/posts"}],"about":[{"href":"https:\/\/www.europesays.com\/fi\/wp-json\/wp\/v2\/types\/post"}],"author":[{"embeddable":true,"href":"https:\/\/www.europesays.com\/fi\/wp-json\/wp\/v2\/users\/2"}],"replies":[{"embeddable":true,"href":"https:\/\/www.europesays.com\/fi\/wp-json\/wp\/v2\/comments?post=130398"}],"version-history":[{"count":0,"href":"https:\/\/www.europesays.com\/fi\/wp-json\/wp\/v2\/posts\/130398\/revisions"}],"wp:featuredmedia":[{"embeddable":true,"href":"https:\/\/www.europesays.com\/fi\/wp-json\/wp\/v2\/media\/130399"}],"wp:attachment":[{"href":"https:\/\/www.europesays.com\/fi\/wp-json\/wp\/v2\/media?parent=130398"}],"wp:term":[{"taxonomy":"category","embeddable":true,"href":"https:\/\/www.europesays.com\/fi\/wp-json\/wp\/v2\/categories?post=130398"},{"taxonomy":"post_tag","embeddable":true,"href":"https:\/\/www.europesays.com\/fi\/wp-json\/wp\/v2\/tags?post=130398"}],"curies":[{"name":"wp","href":"https:\/\/api.w.org\/{rel}","templated":true}]}}