{"id":130408,"date":"2026-01-01T04:32:10","date_gmt":"2026-01-01T04:32:10","guid":{"rendered":"https:\/\/www.europesays.com\/fi\/130408\/"},"modified":"2026-01-01T04:32:10","modified_gmt":"2026-01-01T04:32:10","slug":"trump-vetaa-kansalliskaartin-joukot-pois-chicagosta-los-angelesista-ja-portlandista-uutissuomalainen","status":"publish","type":"post","link":"https:\/\/www.europesays.com\/fi\/130408\/","title":{"rendered":"Trump vet\u00e4\u00e4 kansalliskaartin joukot pois Chicagosta, Los Angelesista ja Portlandista | Uutissuomalainen"},"content":{"rendered":"<p>Yhdysvaltain presidentti Donald Trump sanoo vet\u00e4v\u00e4ns\u00e4 kansalliskaartin joukot pois Chicagosta, Los Angelesista ja Portlandista. H\u00e4n <a href=\"https:\/\/truthsocial.com\/@realDonaldTrump\/posts\/115816171466225987\" rel=\"nofollow noopener\" target=\"_blank\">kertoo<\/a> asiasta omistamassaan Truth Social -viestipalvelussa.<\/p>\n<p>Trump sanoo vet\u00e4v\u00e4ns\u00e4 kansalliskaartin sotilaat pois siit\u00e4 huolimatta, ett\u00e4 rikollisuus on h\u00e4nen mukaansa v\u00e4hentynyt kaupungeissa juuri kansalliskaartilaisten l\u00e4sn\u00e4olon vuoksi.<\/p>\n<p>\u2013\u2009Portland, Los Angeles ja Chicago olisi menetetty, ellei liittovaltio olisi puuttunut asiaan, Trump v\u00e4itti p\u00e4ivityksess\u00e4\u00e4n.<\/p>\n<p>Trumpin mukaan kansalliskaartilaisia saatetaan tulevaisuudessa l\u00e4hett\u00e4\u00e4 takaisin kaupunkeihin, kun heit\u00e4 tarvitaan taas rikollisuuden kitkemiseen. Trumpin mukaan on vain ajan kysymys, ett\u00e4 rikollisuus alkaa j\u00e4lleen lis\u00e4\u00e4nty\u00e4.<\/p>\n<p>\u2013\u2009On vaikea uskoa, ett\u00e4 n\u00e4m\u00e4 demokraattipormestarit ja -kuvern\u00f6\u00f6rit, jotka kaikki ovat eritt\u00e4in ep\u00e4p\u00e4tevi\u00e4, haluaisivat meid\u00e4n l\u00e4htev\u00e4n, varsinkin kun otetaan huomioon saavutettu suuri edistys, Trump jatkoi.<\/p>\n<p>\t\t\t\tTuomioistuimet vastustaneet Trumpin toimia<\/p>\n<p>Trump on toisen kautensa aikana m\u00e4\u00e4r\u00e4nnyt kansalliskaartin sotilaita useisiin demokraattien johtamiin Yhdysvaltain kaupunkeihin. H\u00e4n on tehnyt n\u00e4in usein vasten paikallisten viranomaisten tahtoa. Demokraatit ovat syytt\u00e4neet Trumpin k\u00e4ytt\u00e4v\u00e4n v\u00e4\u00e4rin valtuuksia, jotka kuuluvat presidentille vain tietyiss\u00e4 h\u00e4t\u00e4tapauksissa.<\/p>\n<p>Sotilaiden l\u00e4hett\u00e4mist\u00e4 demokraattienemmist\u00f6isiin kaupunkeihin on haastettu my\u00f6s oikeusteitse, toisinaan t\u00e4ss\u00e4 onnistuen. Viime viikolla maan korkein oikeus torppasi kansalliskaartilaisten k\u00e4ytt\u00e4misen Chicagossa.<\/p>\n<p>Chicagon, Los Angelesin ja Portlandin lis\u00e4ksi Trump on l\u00e4hett\u00e4nyt kansalliskaartia maan p\u00e4\u00e4kaupunkiin Washingtoniin sek\u00e4 Tennesseen Memphisiin. H\u00e4n on lis\u00e4ksi uhannut l\u00e4hett\u00e4\u00e4 sotilaita ainakin San Franciscoon.<\/p>\n<p>Trumpin hallinto oli kuitenkin jo viime viikkoina alkanut vet\u00e4\u00e4 joukkoja Chicagosta, Los Angelesista ja Portlandista tuomioistuinten antamien p\u00e4\u00e4t\u00f6sten vuoksi.<\/p>\n<p>Liittovaltion tuomari oli esimerkiksi m\u00e4\u00e4r\u00e4nnyt 10. joulukuuta, ett\u00e4 Trumpin hallinnon tulee vet\u00e4\u00e4 kansalliskaartin sotilaat Los Angelesista ja palauttaa kansalliskaartin hallinta Kalifornian demokraattikuvern\u00f6\u00f6rille Gavin Newsomille.<\/p>\n<p>\t\t\t\tPerusteltu v\u00e4itteill\u00e4 rehottavasta rikollisuudesta<\/p>\n<p>Virallisesti kansalliskaartin l\u00e4hett\u00e4mist\u00e4 on perusteltu muun muassa sill\u00e4, ett\u00e4 sotilaat suojaisivat liittovaltion omaisuutta, viranomaisia ja etenkin maahanmuuttopoliisin (ICE) toimintaa. Hallinto on valjastanut ICE:n toimeenpanemaan Trumpin siirtolaisvastaista maahanmuuttopolitiikkaa ja viraston henkil\u00f6st\u00f6 on muun muassa tehnyt mittavat m\u00e4\u00e4r\u00e4t siirtolaisiin kohdistettuja ratsioita.<\/p>\n<p>Trump on kuvaillut v\u00e4rikk\u00e4in sanoin demokraattijohtoisten kaupunkien tilannetta. Presidentti on muun muassa sanonut, ett\u00e4 Portland on <a href=\"https:\/\/youtu.be\/o2w-3TqcEgc?si=7T4lxSMRw6jteVy5&amp;t=237\" rel=\"nofollow noopener\" target=\"_blank\">&#8221;palamassa maan tasalle&#8221;<\/a> ja ett\u00e4 Chicago on ampumatapausten vuoksi <a href=\"https:\/\/www.youtube.com\/live\/5m1zXTX9DHQ?si=sZZn_XpXqERGowYH&amp;t=796\" rel=\"nofollow noopener\" target=\"_blank\">&#8221;kuin sotatoimialue&#8221;<\/a>.<\/p>\n<p>Hallinnon v\u00e4itteet rikollisuudesta ovat olleet v\u00e4hint\u00e4\u00e4nkin liioittelevia.<\/p>\n<p>Esimerkiksi Los Angelesissa paikalliset p\u00e4\u00e4tt\u00e4j\u00e4t katsoivat, ett\u00e4 sotilaiden l\u00e4hett\u00e4minen vain kiihdytti siirtolaisratsioista johtuneita levottomuuksia, jotka olivat paikallisen poliisin hallinnassa.<\/p>\n<p>Washingtonissa taas Trump v\u00e4itti rikollisuuden rehottavan kansalliskaartin l\u00e4hett\u00e4misen alla, vaikka Washingtonin poliisin tilastot osoittivat, ett\u00e4 v\u00e4kivaltarikollisuus oli v\u00e4hentynyt kaupungissa.<\/p>\n<p>L\u00e4hteen\u00e4 my\u00f6s uutistoimisto AFP.<\/p>\n","protected":false},"excerpt":{"rendered":"Yhdysvaltain presidentti Donald Trump sanoo vet\u00e4v\u00e4ns\u00e4 kansalliskaartin joukot pois Chicagosta, Los Angelesista ja Portlandista. H\u00e4n kertoo asiasta omistamassaan&hellip;\n","protected":false},"author":2,"featured_media":130409,"comment_status":"","ping_status":"","sticky":false,"template":"","format":"standard","meta":{"footnotes":""},"categories":[14],"tags":[22,23,585,26,27,33,31,30,17,24,25,4343,28,29,15,18,21,637,144,32,19,20,56,16,59,60,61,143,146,145],"class_list":{"0":"post-130408","1":"post","2":"type-post","3":"status-publish","4":"format-standard","5":"has-post-thumbnail","7":"category-ulkomaat","8":"tag-breaking-news","9":"tag-breakingnews","10":"tag-donald-trump","11":"tag-featured-news","12":"tag-featurednews","13":"tag-fi","14":"tag-finland","15":"tag-finnish","16":"tag-headlines","17":"tag-latest-news","18":"tag-latestnews","19":"tag-los-angeles","20":"tag-main-news","21":"tag-mainnews","22":"tag-news","23":"tag-otsikot","24":"tag-paauutiset","25":"tag-politiikka","26":"tag-presidentti","27":"tag-suomi","28":"tag-top-stories","29":"tag-topstories","30":"tag-ulkomaat","31":"tag-uutiset","32":"tag-world","33":"tag-world-news","34":"tag-worldnews","35":"tag-yhdysvaltain-politiikka","36":"tag-yhdysvaltain-presidentti","37":"tag-yhdysvaltalaiset-poliittiset-puolueet"},"share_on_mastodon":{"url":"","error":"Validation failed: Text character limit of 500 exceeded"},"_links":{"self":[{"href":"https:\/\/www.europesays.com\/fi\/wp-json\/wp\/v2\/posts\/130408","targetHints":{"allow":["GET"]}}],"collection":[{"href":"https:\/\/www.europesays.com\/fi\/wp-json\/wp\/v2\/posts"}],"about":[{"href":"https:\/\/www.europesays.com\/fi\/wp-json\/wp\/v2\/types\/post"}],"author":[{"embeddable":true,"href":"https:\/\/www.europesays.com\/fi\/wp-json\/wp\/v2\/users\/2"}],"replies":[{"embeddable":true,"href":"https:\/\/www.europesays.com\/fi\/wp-json\/wp\/v2\/comments?post=130408"}],"version-history":[{"count":0,"href":"https:\/\/www.europesays.com\/fi\/wp-json\/wp\/v2\/posts\/130408\/revisions"}],"wp:featuredmedia":[{"embeddable":true,"href":"https:\/\/www.europesays.com\/fi\/wp-json\/wp\/v2\/media\/130409"}],"wp:attachment":[{"href":"https:\/\/www.europesays.com\/fi\/wp-json\/wp\/v2\/media?parent=130408"}],"wp:term":[{"taxonomy":"category","embeddable":true,"href":"https:\/\/www.europesays.com\/fi\/wp-json\/wp\/v2\/categories?post=130408"},{"taxonomy":"post_tag","embeddable":true,"href":"https:\/\/www.europesays.com\/fi\/wp-json\/wp\/v2\/tags?post=130408"}],"curies":[{"name":"wp","href":"https:\/\/api.w.org\/{rel}","templated":true}]}}