{"id":130411,"date":"2026-01-01T04:34:11","date_gmt":"2026-01-01T04:34:11","guid":{"rendered":"https:\/\/www.europesays.com\/fi\/130411\/"},"modified":"2026-01-01T04:34:11","modified_gmt":"2026-01-01T04:34:11","slug":"svenska-yle-pohjalainen-rokotekriitikko-ei-saa-korvauksia-ruotsin-valtiolta-yksityisyyden-suojan-loukkauksesta-keski-pohjanmaa","status":"publish","type":"post","link":"https:\/\/www.europesays.com\/fi\/130411\/","title":{"rendered":"Svenska Yle: Pohjalainen rokotekriitikko ei saa korvauksia Ruotsin valtiolta yksityisyyden suojan loukkauksesta | Keski-Pohjanmaa"},"content":{"rendered":"<p class=\"aw-1gybjub aw-5vja16 kEtdKx kmuxyA yle__article__paragraph\">Korkein oikeus katsoo, ett\u00e4 Karlstr\u00f6min yksityisyyden loukkaus oli merkitt\u00e4v\u00e4, mutta asia on my\u00f6s yhteis\u00adkunnallisesti merkitt\u00e4v\u00e4.<\/p>\n<p><img decoding=\"async\" alt=\"Kruunupyyl\u00e4inen Linda Karlstr\u00f6m.\" src=\"https:\/\/www.europesays.com\/fi\/wp-content\/uploads\/2026\/01\/39-770833601d483a29429.jpeg\" class=\"aw-1l9m598 hKVVvP\"\/><\/p>\n<p>Avaa kuvien katselu<\/p>\n<p>Kuva: SVT<\/p>\n<p>31.12. 10:24\u2022P\u00e4ivitetty 31.12. 11:00<\/p>\n<p class=\"aw-1gybjub aw-1p7kakr kEtdKx cEmitX yle__article__paragraph\">Pohjalainen rokotekriitikko <strong class=\"aw-ak79eh KyCXm yle__article__strong\">Linda Karlstr\u00f6m<\/strong> ei saa korvauksia Ruotsin valtiolta, kertoo <a class=\"aw-iao6s4 iHOxEa yle__article__link\" href=\"https:\/\/yle.fi\/a\/7-10090682\" role=\"link\" rel=\"nofollow noopener\" target=\"_blank\">Svenska Yle.<\/a><\/p>\n<p class=\"aw-1gybjub aw-1p7kakr kEtdKx cEmitX yle__article__paragraph\">Ruotsin korkein oikeus piti voimassa <a class=\"aw-iao6s4 iHOxEa yle__article__link\" href=\"https:\/\/yle.fi\/a\/74-20122868\" role=\"link\" rel=\"nofollow noopener\" target=\"_blank\">hovioikeuden tuomion<\/a>, jonka mukaan valtio ei joudu korvauksiin Karlstr\u00f6min yksityisyyden suojan loukkauksesta.<\/p>\n<p class=\"aw-1gybjub aw-1p7kakr kEtdKx cEmitX yle__article__paragraph\">Korkein oikeus katsoo, ett\u00e4 Karlstr\u00f6min yksityisyyden loukkaus oli merkitt\u00e4v\u00e4, mutta asia on my\u00f6s yhteiskunnallisesti merkitt\u00e4v\u00e4.<\/p>\n<p class=\"aw-1gybjub aw-1p7kakr kEtdKx cEmitX yle__article__paragraph\">Oikeusjuttu liittyy Ruotsin yleisradioyhti\u00f6 SVT:n julkaisemaan tv-dokumenttiin <a class=\"aw-iao6s4 iHOxEa yle__article__link\" href=\"https:\/\/www.svtplay.se\/dokument-inifran-vaccinkrigarna\" role=\"link\" rel=\"nofollow noopener\" target=\"_blank\">Vaccinkrigarna<\/a>, joka k\u00e4sitteli rokotevastaista liikett\u00e4. Tuolloin kaksi SVT-toimittajaa soluttautui mukaan rokotevastaiseen liikkeeseen ja Karlstr\u00f6min l\u00e4hipiiriin puoleksitoista vuodeksi. Osa dokumentin materiaalista kuvattiin salaa.<\/p>\n<p class=\"aw-1gybjub aw-1p7kakr kEtdKx cEmitX yle__article__paragraph\">Kruunupyyl\u00e4inen, <a class=\"aw-iao6s4 iHOxEa yle__article__link\" href=\"https:\/\/yle.fi\/a\/3-10544080\" role=\"link\" rel=\"nofollow noopener\" target=\"_blank\">rokotevastaisuudestaan tunnettu<\/a> Karlstr\u00f6m haastoi Ruotsin valtion oikeuteen salaa kuvatun materiaalin vuoksi. Karlstr\u00f6min mukaan se n\u00e4ytti h\u00e4net huonossa valossa.<\/p>\n<p class=\"aw-1gybjub aw-1p7kakr kEtdKx cEmitX yle__article__paragraph\">Dokumentista nousi kohu, sill\u00e4 sen haastattelussa kruunupyyl\u00e4inen muun muassa kyseenalaisti juutalaisten kansanmurhan laajuuden.<\/p>\n<p class=\"aw-1gybjub aw-1p7kakr kEtdKx cEmitX yle__article__paragraph\">Korkeimman oikeuden mukaan Karlstr\u00f6m on lausunnoillaan tehnyt itsest\u00e4\u00e4n julkisen henkil\u00f6n. Oikeus pitikin toimittajien menetelmi\u00e4 perusteltuina, koska aineistolla oli suuri merkitys yleisen edun kannalta.<\/p>\n<p class=\"aw-1gybjub aw-1p7kakr kEtdKx cEmitX yle__article__paragraph\">Lis\u00e4ksi oikeus tuomitsi Karlstr\u00f6min maksamaan molempien osapuolten oikeudenk\u00e4yntikulut k\u00e4r\u00e4j\u00e4oikeudessa ja hovioikeudessa. Korkeimmassa oikeudessa molemmat osapuolet maksavat omat kulunsa.<\/p>\n<p>Hovioikeus ja k\u00e4r\u00e4j\u00e4oikeus eri linjoilla<\/p>\n<p class=\"aw-1gybjub aw-1p7kakr kEtdKx cEmitX yle__article__paragraph\">Tukholman k\u00e4r\u00e4j\u00e4oikeus tuomitsi reilut kaksi vuotta sitten <a class=\"aw-iao6s4 iHOxEa yle__article__link\" href=\"https:\/\/yle.fi\/a\/74-20022572\" role=\"link\" rel=\"nofollow noopener\" target=\"_blank\">Ruotsin valtion korvausvastuuseen <\/a>Karlstr\u00f6min yksityisyyden loukkaamisesta.<\/p>\n<p class=\"aw-1gybjub aw-1p7kakr kEtdKx cEmitX yle__article__paragraph\">Tuolloin oikeus katsoi, ett\u00e4 dokumentti loukkasi Karlstr\u00f6min yksityisyytt\u00e4, ja se tuomitsi Ruotsin valtion 100\u00a0000 kruunun eli noin 9\u00a0000 euron korvauksiin.<\/p>\n<p class=\"aw-1gybjub aw-1p7kakr kEtdKx cEmitX yle__article__paragraph\">Svean hovioikeus p\u00e4\u00e4tyi eri kannalle ja kumosi k\u00e4r\u00e4j\u00e4tuomion, jolla Karlstr\u00f6m olisi saanut Ruotsin valtiolta <a class=\"aw-iao6s4 iHOxEa yle__article__link\" href=\"https:\/\/yle.fi\/a\/74-20022572\" role=\"link\" rel=\"nofollow noopener\" target=\"_blank\">korvauksia yksityisyyden suojan loukkauksesta<\/a>. Hovioikeuden mielest\u00e4 valtio ei rikkonut Euroopan ihmisoikeussopimusta.<\/p>\n","protected":false},"excerpt":{"rendered":"Korkein oikeus katsoo, ett\u00e4 Karlstr\u00f6min yksityisyyden loukkaus oli merkitt\u00e4v\u00e4, mutta asia on my\u00f6s yhteis\u00adkunnallisesti merkitt\u00e4v\u00e4. Avaa kuvien katselu&hellip;\n","protected":false},"author":2,"featured_media":130412,"comment_status":"","ping_status":"","sticky":false,"template":"","format":"standard","meta":{"footnotes":"","_share_on_mastodon":"0"},"categories":[5],"tags":[22,23,26,27,33,31,30,17,451,6408,71,9893,24,25,28,29,15,2098,18,21,449,110,32,19,20,1727,16,15312,3398],"class_list":["post-130411","post","type-post","status-publish","format-standard","has-post-thumbnail","category-otsikot","tag-breaking-news","tag-breakingnews","tag-featured-news","tag-featurednews","tag-fi","tag-finland","tag-finnish","tag-headlines","tag-keski-pohjanmaa","tag-korkein-oikeus","tag-kotimaa","tag-kruunupyy","tag-latest-news","tag-latestnews","tag-main-news","tag-mainnews","tag-news","tag-oikeudenkaynnit","tag-otsikot","tag-paauutiset","tag-pohjanmaa","tag-ruotsi","tag-suomi","tag-top-stories","tag-topstories","tag-tuomiot","tag-uutiset","tag-vahingonkorvaus","tag-yksityisyys"],"share_on_mastodon":{"url":"https:\/\/pubeurope.com\/@fi\/115817982383117004","error":""},"_links":{"self":[{"href":"https:\/\/www.europesays.com\/fi\/wp-json\/wp\/v2\/posts\/130411","targetHints":{"allow":["GET"]}}],"collection":[{"href":"https:\/\/www.europesays.com\/fi\/wp-json\/wp\/v2\/posts"}],"about":[{"href":"https:\/\/www.europesays.com\/fi\/wp-json\/wp\/v2\/types\/post"}],"author":[{"embeddable":true,"href":"https:\/\/www.europesays.com\/fi\/wp-json\/wp\/v2\/users\/2"}],"replies":[{"embeddable":true,"href":"https:\/\/www.europesays.com\/fi\/wp-json\/wp\/v2\/comments?post=130411"}],"version-history":[{"count":0,"href":"https:\/\/www.europesays.com\/fi\/wp-json\/wp\/v2\/posts\/130411\/revisions"}],"wp:featuredmedia":[{"embeddable":true,"href":"https:\/\/www.europesays.com\/fi\/wp-json\/wp\/v2\/media\/130412"}],"wp:attachment":[{"href":"https:\/\/www.europesays.com\/fi\/wp-json\/wp\/v2\/media?parent=130411"}],"wp:term":[{"taxonomy":"category","embeddable":true,"href":"https:\/\/www.europesays.com\/fi\/wp-json\/wp\/v2\/categories?post=130411"},{"taxonomy":"post_tag","embeddable":true,"href":"https:\/\/www.europesays.com\/fi\/wp-json\/wp\/v2\/tags?post=130411"}],"curies":[{"name":"wp","href":"https:\/\/api.w.org\/{rel}","templated":true}]}}