{"id":130425,"date":"2026-01-01T04:59:08","date_gmt":"2026-01-01T04:59:08","guid":{"rendered":"https:\/\/www.europesays.com\/fi\/130425\/"},"modified":"2026-01-01T04:59:08","modified_gmt":"2026-01-01T04:59:08","slug":"kommentti-pelkasin-hurjasti-rakastumista-mutta-sitten-se-luikerteli-ovenraosta-sisaan-rakkauden-etsinta-imatralta-vei-naapurikaupunkiin-asti-paikalliset","status":"publish","type":"post","link":"https:\/\/www.europesays.com\/fi\/130425\/","title":{"rendered":"Kommentti | Pelk\u00e4sin hurjasti rakastumista, mutta sitten se luikerteli ovenraosta sis\u00e4\u00e4n: Rakkauden etsint\u00e4 Imatralta vei naapurikaupunkiin asti | Paikalliset"},"content":{"rendered":"<p>Tinder-veteraani kertoo, miten selvit\u00e4 treffisovelluksen maailmassa. Ykk\u00f6sneuvo on lakata etsim\u00e4st\u00e4 rakkautta.<\/p>\n<p>Kun saavuin Imatralle, olin pitk\u00e4\u00e4n pienell\u00e4 paikkakunnalla ty\u00f6skennellyt sinkkumies. Imatra n\u00e4ytt\u00e4ytyi minulle suurena paikkakuntana t\u00e4ynn\u00e4 mahdollisuuksia. Olin k\u00e4ytt\u00e4nyt treffisovellus Tinderi\u00e4 ennen t\u00e4nne tuloa l\u00e4hinn\u00e4 pelin\u00e4, jossa katson, kuinka paljon saan ker\u00e4tty\u00e4 matchej\u00e4 (osumia) tietyss\u00e4 ajassa. Minua ei niink\u00e4\u00e4n kiinnostanut juosta treffeill\u00e4, mutta t\u00e4\u00e4ll\u00e4 annoin sille tilaisuuden.<\/p>\n<p>Imatralla Tinder oli kuitenkin pitk\u00e4\u00e4n mykk\u00e4n\u00e4 ja matchej\u00e4 tuli l\u00e4hinn\u00e4 naapurikaupunki Lappeenrannan puolelta. Muutamien viikkojen ajan auton keula osoittikin useasti l\u00e4ntt\u00e4 kohti.<\/p>\n<p>Pelk\u00e4sin hurjasti rakastumista, koska olin jo suunnitellut erakoituvani Suomen saloille heti, kun silm\u00e4 vain v\u00e4ltt\u00e4isi ja ty\u00f6tahti hellitt\u00e4isi. Mik\u00e4p\u00e4s siin\u00e4 olisi olla maailman suruja murehtimatta keskell\u00e4 mets\u00e4rivist\u00f6n suojaa.<\/p>\n<p><strong class=\"diks-storyline__impact\">Ty\u00f6ni puolesta olin<\/strong> my\u00f6s tottunut kiert\u00e4m\u00e4\u00e4n eri seuduilla. Rakastuminen olisi voinut katkaista t\u00e4m\u00e4n &#8221;Nuuskamuikkusen&#8221; el\u00e4m\u00e4ntyylin ja lukita minut asumaan yhdelle seudulle. Sinkkumiehen\u00e4 matkustelu on vain reippaasti helpompaa.<\/p>\n","protected":false},"excerpt":{"rendered":"Tinder-veteraani kertoo, miten selvit\u00e4 treffisovelluksen maailmassa. Ykk\u00f6sneuvo on lakata etsim\u00e4st\u00e4 rakkautta. Kun saavuin Imatralle, olin pitk\u00e4\u00e4n pienell\u00e4 paikkakunnalla&hellip;\n","protected":false},"author":2,"featured_media":130426,"comment_status":"","ping_status":"","sticky":false,"template":"","format":"standard","meta":{"footnotes":""},"categories":[12],"tags":[1074,22,23,26,27,33,31,30,17,101,736,3667,1446,24,25,28,29,47,15,18,21,1311,32,19,20,16],"class_list":{"0":"post-130425","1":"post","2":"type-post","3":"status-publish","4":"format-standard","5":"has-post-thumbnail","7":"category-suomi","8":"tag-avioliitto-ja-parisuhde","9":"tag-breaking-news","10":"tag-breakingnews","11":"tag-featured-news","12":"tag-featurednews","13":"tag-fi","14":"tag-finland","15":"tag-finnish","16":"tag-headlines","17":"tag-ihmissuhteet","18":"tag-imatra","19":"tag-lappee","20":"tag-lappeenranta","21":"tag-latest-news","22":"tag-latestnews","23":"tag-main-news","24":"tag-mainnews","25":"tag-musiikki","26":"tag-news","27":"tag-otsikot","28":"tag-paauutiset","29":"tag-rakkaus","30":"tag-suomi","31":"tag-top-stories","32":"tag-topstories","33":"tag-uutiset"},"share_on_mastodon":{"url":"https:\/\/pubeurope.com\/@fi\/115818080733530071","error":""},"_links":{"self":[{"href":"https:\/\/www.europesays.com\/fi\/wp-json\/wp\/v2\/posts\/130425","targetHints":{"allow":["GET"]}}],"collection":[{"href":"https:\/\/www.europesays.com\/fi\/wp-json\/wp\/v2\/posts"}],"about":[{"href":"https:\/\/www.europesays.com\/fi\/wp-json\/wp\/v2\/types\/post"}],"author":[{"embeddable":true,"href":"https:\/\/www.europesays.com\/fi\/wp-json\/wp\/v2\/users\/2"}],"replies":[{"embeddable":true,"href":"https:\/\/www.europesays.com\/fi\/wp-json\/wp\/v2\/comments?post=130425"}],"version-history":[{"count":0,"href":"https:\/\/www.europesays.com\/fi\/wp-json\/wp\/v2\/posts\/130425\/revisions"}],"wp:featuredmedia":[{"embeddable":true,"href":"https:\/\/www.europesays.com\/fi\/wp-json\/wp\/v2\/media\/130426"}],"wp:attachment":[{"href":"https:\/\/www.europesays.com\/fi\/wp-json\/wp\/v2\/media?parent=130425"}],"wp:term":[{"taxonomy":"category","embeddable":true,"href":"https:\/\/www.europesays.com\/fi\/wp-json\/wp\/v2\/categories?post=130425"},{"taxonomy":"post_tag","embeddable":true,"href":"https:\/\/www.europesays.com\/fi\/wp-json\/wp\/v2\/tags?post=130425"}],"curies":[{"name":"wp","href":"https:\/\/api.w.org\/{rel}","templated":true}]}}