{"id":130431,"date":"2026-01-01T05:15:08","date_gmt":"2026-01-01T05:15:08","guid":{"rendered":"https:\/\/www.europesays.com\/fi\/130431\/"},"modified":"2026-01-01T05:15:08","modified_gmt":"2026-01-01T05:15:08","slug":"tiesitko-naita-asioita-salatut-elamat-sarjasta","status":"publish","type":"post","link":"https:\/\/www.europesays.com\/fi\/130431\/","title":{"rendered":"Tiesitk\u00f6 n\u00e4it\u00e4 asioita Salatut el\u00e4m\u00e4t -sarjasta?"},"content":{"rendered":"<p><strong class=\"typography-bold\">Salatut el\u00e4m\u00e4t -dokumentissa kurkistettiin sarjan ty\u00f6ryhm\u00e4n arkeen.<\/strong><\/p>\n<p><a class=\"underline\" data-testid=\"external-link\" href=\"https:\/\/www.mtvuutiset.fi\/salatutelamat#gs.4emxro\" rel=\"noopener noreferrer nofollow\" target=\"_blank\" data-sentry-component=\"ExternalLink\" data-sentry-source-file=\"ExternalLink.tsx\"><strong class=\"typography-bold\">Salatut el\u00e4m\u00e4t<\/strong><\/a> j\u00e4i joulutauolle tiistaina 23. joulukuuta. Kev\u00e4t kausi starttaa MTV3-kanavalla 5. tammikuuta kello 19:30 ja MTV Katsomo+ -tilauksella 2. tammikuuta.\u00a0<\/p>\n<p>Suosikkisarja t\u00e4ytt\u00e4\u00e4 ensi vuonna jo 27 vuotta. Vuonna 2023 Salkkareiden 25-vuotisjuhlien kunniaksi julkaistiin Sami ja Monika Salkkareiden kulisseissa -dokumentti.\u00a0<\/p>\n<p>Dokumentissa juontajina toimivat Salkkarit-t\u00e4hdet <a class=\"underline\" data-testid=\"external-link\" href=\"https:\/\/www.mtvuutiset.fi\/aihe\/sami-uotila\/6571742#gs.2srgc9\" rel=\"noopener noreferrer nofollow\" target=\"_blank\" data-sentry-component=\"ExternalLink\" data-sentry-source-file=\"ExternalLink.tsx\"><strong class=\"typography-bold\">Sami Uotila<\/strong><\/a> ja <a class=\"underline\" data-testid=\"external-link\" href=\"https:\/\/www.mtvuutiset.fi\/aihe\/monika-lindeman\/6571700#gs.2srhad\" rel=\"noopener noreferrer nofollow\" target=\"_blank\" data-sentry-component=\"ExternalLink\" data-sentry-source-file=\"ExternalLink.tsx\"><strong class=\"typography-bold\">Monika Lindeman<\/strong><\/a> sukelsivat sarjan kulisseihin ja tutuistuvat sen tuotannossa h\u00e4\u00e4rivien ammattilaisten ty\u00f6teht\u00e4viin.<\/p>\n<p><strong class=\"typography-bold\">Lue my\u00f6s: <\/strong><a class=\"underline\" data-testid=\"external-link\" href=\"https:\/\/www.mtvuutiset.fi\/artikkeli\/mihin-vievat-pihlajakadun-rappukaytavan-portaat-vastaava-tuottaja-paljastaa-salkkarit-salaisuuksia\/8769906#gs.2swi5o\" rel=\"noopener noreferrer nofollow\" target=\"_blank\" data-sentry-component=\"ExternalLink\" data-sentry-source-file=\"ExternalLink.tsx\"><\/a><\/p>\n","protected":false},"excerpt":{"rendered":"Salatut el\u00e4m\u00e4t -dokumentissa kurkistettiin sarjan ty\u00f6ryhm\u00e4n arkeen. Salatut el\u00e4m\u00e4t j\u00e4i joulutauolle tiistaina 23. joulukuuta. Kev\u00e4t kausi starttaa MTV3-kanavalla&hellip;\n","protected":false},"author":2,"featured_media":130432,"comment_status":"","ping_status":"","sticky":false,"template":"","format":"standard","meta":{"footnotes":""},"categories":[133],"tags":[137,33,31,30,32,206,156,109],"class_list":{"0":"post-130431","1":"post","2":"type-post","3":"status-publish","4":"format-standard","5":"has-post-thumbnail","7":"category-televisiot","8":"tag-entertainment","9":"tag-fi","10":"tag-finland","11":"tag-finnish","12":"tag-suomi","13":"tag-televisiot","14":"tag-tv","15":"tag-viihde"},"share_on_mastodon":{"url":"https:\/\/pubeurope.com\/@fi\/115818143583491900","error":""},"_links":{"self":[{"href":"https:\/\/www.europesays.com\/fi\/wp-json\/wp\/v2\/posts\/130431","targetHints":{"allow":["GET"]}}],"collection":[{"href":"https:\/\/www.europesays.com\/fi\/wp-json\/wp\/v2\/posts"}],"about":[{"href":"https:\/\/www.europesays.com\/fi\/wp-json\/wp\/v2\/types\/post"}],"author":[{"embeddable":true,"href":"https:\/\/www.europesays.com\/fi\/wp-json\/wp\/v2\/users\/2"}],"replies":[{"embeddable":true,"href":"https:\/\/www.europesays.com\/fi\/wp-json\/wp\/v2\/comments?post=130431"}],"version-history":[{"count":0,"href":"https:\/\/www.europesays.com\/fi\/wp-json\/wp\/v2\/posts\/130431\/revisions"}],"wp:featuredmedia":[{"embeddable":true,"href":"https:\/\/www.europesays.com\/fi\/wp-json\/wp\/v2\/media\/130432"}],"wp:attachment":[{"href":"https:\/\/www.europesays.com\/fi\/wp-json\/wp\/v2\/media?parent=130431"}],"wp:term":[{"taxonomy":"category","embeddable":true,"href":"https:\/\/www.europesays.com\/fi\/wp-json\/wp\/v2\/categories?post=130431"},{"taxonomy":"post_tag","embeddable":true,"href":"https:\/\/www.europesays.com\/fi\/wp-json\/wp\/v2\/tags?post=130431"}],"curies":[{"name":"wp","href":"https:\/\/api.w.org\/{rel}","templated":true}]}}