{"id":130447,"date":"2026-01-01T05:41:07","date_gmt":"2026-01-01T05:41:07","guid":{"rendered":"https:\/\/www.europesays.com\/fi\/130447\/"},"modified":"2026-01-01T05:41:07","modified_gmt":"2026-01-01T05:41:07","slug":"tanaan-tvssa-bruce-willis-ja-tuttu-toimintakonsepti-vuodelta-2007-mika-meni-pieleen","status":"publish","type":"post","link":"https:\/\/www.europesays.com\/fi\/130447\/","title":{"rendered":"T\u00e4n\u00e4\u00e4n tv:ss\u00e4: Bruce Willis ja tuttu toimintakonsepti vuodelta 2007 \u2013 Mik\u00e4 meni pieleen?"},"content":{"rendered":"<p>T\u00e4n\u00e4\u00e4n n\u00e4hd\u00e4\u00e4n televisiossa vuonna 2007 valmistunut Die Hard 4.0.<\/p>\n<p>Kun Die Hard \u2013 Vain kuolleen ruumiini yli saapui elokuvateattereihin vuonna 1988, se oli selv\u00e4sti aikaansa edell\u00e4 oleva toimintaviihteen mestariteos. Vaikka vuosina 1990 ja 1995 julkaistut sarjan kaksi seuraavaa osaa eiv\u00e4t ylt\u00e4neetk\u00e4\u00e4n sen tasolle, ne ymm\u00e4rsiv\u00e4t sen hengen ja onnistuivat varioimaan sen toimivimpia elementtej\u00e4 riitt\u00e4v\u00e4n taidokkaasti ylt\u00e4\u00e4kseen hyv\u00e4\u00e4n lopputulokseen.<\/p>\n<p>Kahdentoista vuoden tauon ja monien vaiheiden j\u00e4lkeen lopultakin julkaistu sarjan nelj\u00e4s osa petti katsojansa ehk\u00e4 pahiten juuri edelt\u00e4jiens\u00e4 asettamien odotusten valossa. Die Hard -sarja ei ollut en\u00e4\u00e4 toimintaviihteen edell\u00e4k\u00e4vij\u00e4 vaan per\u00e4ss\u00e4hiiht\u00e4j\u00e4. Die Hard 4.0 ei tarjoa katsojalleen oikeastaan mit\u00e4\u00e4n, mit\u00e4 ei olisi n\u00e4hty useampaankin kertaan muualla. Alkuper\u00e4isten elokuvien huumoripitoisen seikkailullinen henki on my\u00f6s kateissa.<\/p>\n<p>Elokuvan nimi lieneekin Die Hard 4.0 ensisijaisesti siksi, ett\u00e4 katsojia on helpompi houkutella elokuvateattereihin tutulla br\u00e4ndinimell\u00e4 \u2013 olkoonkin ett\u00e4 br\u00e4ndin sis\u00e4lt\u00f6 on p\u00e4\u00e4ssyt pahan kerran vesittym\u00e4\u00e4n. Mit\u00e4\u00e4n erityisen diehardia elokuvassa ei oikeasti ole \u2013 jollakin muulla nimell\u00e4 julkaistuna se ei juurikaan erottuisi toimintafilmien massasta muuten kuin tuotantoarvoillaan.<\/p>\n<p>Jo etuk\u00e4teen sarjan faneja peloteltiin sill\u00e4, ett\u00e4 Die Hard 4.0 tehtiin riitt\u00e4v\u00e4n v\u00e4kivallattomaksi sek\u00e4 kieliasultaan kiltiksi, jotta se t\u00e4ytt\u00e4isi amerikkalaisen PG-13 -ik\u00e4rajan kriteerit aiempien osien pyk\u00e4l\u00e4\u00e4 kovemman R:n sijasta. T\u00e4m\u00e4 n\u00e4kyy lopputuloksessa, jossa riitt\u00e4\u00e4 vauhtia, mekastamista ja ampumista, mutta ei yksityiskohtaista verenlentoa. V\u00e4kivaltaa elokuvassa riitt\u00e4\u00e4, mutta se ei n\u00e4yt\u00e4 rumalta eiv\u00e4tk\u00e4 sen seuraukset ole realistisia. <strong>Bruce Willisin<\/strong> annetaan PG-13 -s\u00e4\u00e4nt\u00f6jen vastaisesti yll\u00e4tt\u00e4en lausua legendaarinen huudahduksensa \u201dyippee-ki-yay, motherfucker\u201d, mutta sana \u201dfucker\u201d sensuroidaan miksaamalla sen p\u00e4\u00e4lle k\u00e4siaseen laukaus. Tappaa saa, kiroilla ei!<\/p>\n<p>Lue my\u00f6s: <a href=\"https:\/\/www.episodi.fi\/uutiset\/onko-die-hard-jouluelokuva-vai-ei-britit-ratkaisivat-asian\/\" title=\"Onko Die Hard jouluelokuva vai ei? Britit ratkaisivat asian\" class=\"underline-custom !font-montserrat !font-bold !underline-offset-4 !decoration-4 !decoration-episodi-blue !text-md\" rel=\"nofollow noopener\" target=\"_blank\">Onko Die Hard jouluelokuva vai ei? Britit ratkaisivat asian<\/a><\/p>\n<p>Ep\u00e4uskottavan yhdentekev\u00e4ss\u00e4 juonessa <strong>Timothy Olyphantin<\/strong> ja <strong>Maggie Q:n<\/strong> n\u00e4yttelem\u00e4t terroristit kaappaavat haltuunsa Yhdysvaltain it\u00e4rannikon tietokoneohjatun infrastruktuurin palauttaakseen maan kivikauteen. Roistojen perimm\u00e4iset motiivit s\u00e4ilyv\u00e4t h\u00e4m\u00e4r\u00e4n peitossa l\u00e4helle tarinan loppua. Yksi-ilmeinen Olyphant ei kuulu v\u00e4hiten vakuuttavimpiin roistoihin ainoastaan Die Hard -sarjassa vaan viimeaikaisissa toimintaelokuvissa ylip\u00e4\u00e4ns\u00e4kin. John McClane (Willis), joka on vanhoilla p\u00e4ivill\u00e4\u00e4n edennyt etsiv\u00e4ksi, ei tietenk\u00e4\u00e4n osaa yksin taistella tietokoneajan roistoja vastaan. H\u00e4n saa avukseen nuoren hakkerin (<strong>Justin Long<\/strong>), jota on ollut juuri kuljettamassa Washingtoniin kuulusteluja varten.<\/p>\n<p>Rouva McClanen ollessa edelleen jossakin kaukana tarinan ulkopuolella sankarin perhesuhteiden kireytt\u00e4 saa havainnollistaa kiukutteleva Lucy-tyt\u00e4r (<strong>Mary Elizabeth Winstead<\/strong>), jonka merkitys tietenkin kasvaa elokuvan lopun l\u00e4hetess\u00e4. Tietokoneiden avulla luonnottoman helposti kansakuntaa kyykytt\u00e4vist\u00e4 terroristeista kertova tarina tuo hakematta mieleen tv-sarjan 24, jonka liian huonona hyl\u00e4tylt\u00e4 tuotantokaudelta elokuva vaikuttaa. Luokattomista Underworld-elokuvista aiemmin tunnettu lahjaton ohjaaja <strong>Len Wiseman<\/strong> k\u00e4ytt\u00e4\u00e4 tyylikeinoina kuluneesti tahallisen rakeista kuvaa ja haalistuneita v\u00e4rej\u00e4.<\/p>\n<p>Pari n\u00e4ytt\u00e4v\u00e4\u00e4 toimintakohtausta tuovat elokuvaan onneksi riitt\u00e4v\u00e4sti viihdytt\u00e4vyytt\u00e4 pelastaakseen sen aivan pohjalta. Etenkin lopun kamppailu, jossa h\u00e4vitt\u00e4j\u00e4 yritt\u00e4\u00e4 tuhota minnek\u00e4\u00e4n johtamattomaan liikennesolmuun eksyneen rekan, on suorastaan komean n\u00e4k\u00f6inen. Se ja muutama muu toimivampi jakso on kuitenkin toteutettu tietokoneavusteisesti, mik\u00e4 tuntuisi olevan r\u00e4ikess\u00e4 ristiriidassa sen kanssa, miten tarina yritt\u00e4\u00e4 toisaalta korostaa John McClanen kuuluvan vanhaan, tietokoneaikaa edelt\u00e4neeseen koulukuntaan. Siis siihen samaan, johon koko Die Hard -sarjan piti kuulua.<\/p>\n<p>Die Hard 4.0 esitet\u00e4\u00e4n nyt televisiossa kolme kertaa:<\/p>\n<ul class=\"wp-block-list\">\n<li>To 1.1.2026 klo 21.00 \u00b7 Nelonen<\/li>\n<li>Pe 2.1.2026 klo 21.00 \u00b7 Jim<\/li>\n<li>La 3.1.2026 klo 22.00 \u00b7 Nelonen<\/li>\n<\/ul>\n<p>Elokuvan voi katsoa my\u00f6s Disney Plussasta. Alla traileri.<\/p>\n<p>Arvio: Jukka Halttunen<\/p>\n<p><img loading=\"lazy\" decoding=\"async\" alt=\"YouTube video\" width=\"480\" height=\"360\" data-pin-nopin=\"true\" nopin=\"nopin\" class=\"perfmatters-lazy\" src=\"https:\/\/www.europesays.com\/fi\/wp-content\/uploads\/2026\/01\/1767246067_977_hqdefault.jpg\"\/><\/p>\n<p>Lue my\u00f6s: <a href=\"https:\/\/www.episodi.fi\/uutiskirje\/?uutiskirjemainos=tekstilinkkimainos\" title=\"Tilaa Episodin uutiskirje ja voit voittaa leffalippuja! Nappaa tv-vinkit suoraan s\u00e4hk\u00f6postiin t\u00e4st\u00e4.\" class=\"underline-custom !font-montserrat !font-bold !underline-offset-4 !decoration-4 !decoration-episodi-blue !text-md\" rel=\"nofollow noopener\" target=\"_blank\">Tilaa Episodin uutiskirje ja voit voittaa leffalippuja! Nappaa katseluvinkit suoraan s\u00e4hk\u00f6postiin t\u00e4st\u00e4.<\/a><\/p>\n","protected":false},"excerpt":{"rendered":"T\u00e4n\u00e4\u00e4n n\u00e4hd\u00e4\u00e4n televisiossa vuonna 2007 valmistunut Die Hard 4.0. Kun Die Hard \u2013 Vain kuolleen ruumiini yli saapui&hellip;\n","protected":false},"author":2,"featured_media":130448,"comment_status":"","ping_status":"","sticky":false,"template":"","format":"standard","meta":{"footnotes":""},"categories":[133],"tags":[566,137,33,31,30,32,206,139,156,109],"class_list":{"0":"post-130447","1":"post","2":"type-post","3":"status-publish","4":"format-standard","5":"has-post-thumbnail","7":"category-televisiot","8":"tag-disney-plus","9":"tag-entertainment","10":"tag-fi","11":"tag-finland","12":"tag-finnish","13":"tag-suomi","14":"tag-televisiot","15":"tag-tv-ohjelmat","16":"tag-tv","17":"tag-viihde"},"share_on_mastodon":{"url":"https:\/\/pubeurope.com\/@fi\/115818245810992294","error":""},"_links":{"self":[{"href":"https:\/\/www.europesays.com\/fi\/wp-json\/wp\/v2\/posts\/130447","targetHints":{"allow":["GET"]}}],"collection":[{"href":"https:\/\/www.europesays.com\/fi\/wp-json\/wp\/v2\/posts"}],"about":[{"href":"https:\/\/www.europesays.com\/fi\/wp-json\/wp\/v2\/types\/post"}],"author":[{"embeddable":true,"href":"https:\/\/www.europesays.com\/fi\/wp-json\/wp\/v2\/users\/2"}],"replies":[{"embeddable":true,"href":"https:\/\/www.europesays.com\/fi\/wp-json\/wp\/v2\/comments?post=130447"}],"version-history":[{"count":0,"href":"https:\/\/www.europesays.com\/fi\/wp-json\/wp\/v2\/posts\/130447\/revisions"}],"wp:featuredmedia":[{"embeddable":true,"href":"https:\/\/www.europesays.com\/fi\/wp-json\/wp\/v2\/media\/130448"}],"wp:attachment":[{"href":"https:\/\/www.europesays.com\/fi\/wp-json\/wp\/v2\/media?parent=130447"}],"wp:term":[{"taxonomy":"category","embeddable":true,"href":"https:\/\/www.europesays.com\/fi\/wp-json\/wp\/v2\/categories?post=130447"},{"taxonomy":"post_tag","embeddable":true,"href":"https:\/\/www.europesays.com\/fi\/wp-json\/wp\/v2\/tags?post=130447"}],"curies":[{"name":"wp","href":"https:\/\/api.w.org\/{rel}","templated":true}]}}