{"id":130465,"date":"2026-01-01T05:55:06","date_gmt":"2026-01-01T05:55:06","guid":{"rendered":"https:\/\/www.europesays.com\/fi\/130465\/"},"modified":"2026-01-01T05:55:06","modified_gmt":"2026-01-01T05:55:06","slug":"einstein-ennusti-sen-100-vuotta-sitten-nyt-tutkijat-nakevat-tapahtumat-silmiensa-edessa","status":"publish","type":"post","link":"https:\/\/www.europesays.com\/fi\/130465\/","title":{"rendered":"Einstein ennusti sen 100 vuotta sitten. Nyt tutkijat n\u00e4kev\u00e4t tapahtumat silmiens\u00e4 edess\u00e4"},"content":{"rendered":"<p>Subk\u00e4\u00e4pi\u00f6st\u00e4 on jo alkanut vuotaa materiaa naapurit\u00e4hteen, ja taivaankappaleiden \u00e4\u00e4rimm\u00e4inen keskin\u00e4inen painovoima on my\u00f6s v\u00e4\u00e4rist\u00e4nyt niiden muotoa.<\/p>\n<p>Kun massiiviset t\u00e4hdet liikkuvat niin nopeasti, ne l\u00e4hett\u00e4v\u00e4t gravitaatioaltoja, pieni\u00e4 v\u00e4r\u00e4htelyj\u00e4 avaruudessa, kuten Einstein ennusti yli 100 vuotta sitten.<\/p>\n<p>Einsteinin teorian mukaan j\u00e4rjestelm\u00e4st\u00e4 pit\u00e4isi hitaasta valua energiaa, jolloin t\u00e4hdet siirtyv\u00e4t joka vuosi hieman l\u00e4hemm\u00e4ksi toisiaan.<\/p>\n<p><strong>Tutkijat uskovat, ett\u00e4 universumin tuho on yll\u00e4tt\u00e4v\u00e4n l\u00e4hell\u00e4. Se saattaa tapahtua jo meid\u00e4n elinaikanamme. Lue lis\u00e4\u00e4 t\u00e4st\u00e4:<\/strong><\/p>\n","protected":false},"excerpt":{"rendered":"Subk\u00e4\u00e4pi\u00f6st\u00e4 on jo alkanut vuotaa materiaa naapurit\u00e4hteen, ja taivaankappaleiden \u00e4\u00e4rimm\u00e4inen keskin\u00e4inen painovoima on my\u00f6s v\u00e4\u00e4rist\u00e4nyt niiden muotoa. Kun&hellip;\n","protected":false},"author":2,"featured_media":130466,"comment_status":"","ping_status":"","sticky":false,"template":"","format":"standard","meta":{"footnotes":""},"categories":[115],"tags":[33,31,30,455,454,118,32,119],"class_list":{"0":"post-130465","1":"post","2":"type-post","3":"status-publish","4":"format-standard","5":"has-post-thumbnail","7":"category-fysiikka","8":"tag-fi","9":"tag-finland","10":"tag-finnish","11":"tag-fysiikka","12":"tag-physics","13":"tag-science","14":"tag-suomi","15":"tag-tiede"},"share_on_mastodon":{"url":"https:\/\/pubeurope.com\/@fi\/115818300869612846","error":""},"_links":{"self":[{"href":"https:\/\/www.europesays.com\/fi\/wp-json\/wp\/v2\/posts\/130465","targetHints":{"allow":["GET"]}}],"collection":[{"href":"https:\/\/www.europesays.com\/fi\/wp-json\/wp\/v2\/posts"}],"about":[{"href":"https:\/\/www.europesays.com\/fi\/wp-json\/wp\/v2\/types\/post"}],"author":[{"embeddable":true,"href":"https:\/\/www.europesays.com\/fi\/wp-json\/wp\/v2\/users\/2"}],"replies":[{"embeddable":true,"href":"https:\/\/www.europesays.com\/fi\/wp-json\/wp\/v2\/comments?post=130465"}],"version-history":[{"count":0,"href":"https:\/\/www.europesays.com\/fi\/wp-json\/wp\/v2\/posts\/130465\/revisions"}],"wp:featuredmedia":[{"embeddable":true,"href":"https:\/\/www.europesays.com\/fi\/wp-json\/wp\/v2\/media\/130466"}],"wp:attachment":[{"href":"https:\/\/www.europesays.com\/fi\/wp-json\/wp\/v2\/media?parent=130465"}],"wp:term":[{"taxonomy":"category","embeddable":true,"href":"https:\/\/www.europesays.com\/fi\/wp-json\/wp\/v2\/categories?post=130465"},{"taxonomy":"post_tag","embeddable":true,"href":"https:\/\/www.europesays.com\/fi\/wp-json\/wp\/v2\/tags?post=130465"}],"curies":[{"name":"wp","href":"https:\/\/api.w.org\/{rel}","templated":true}]}}