{"id":130471,"date":"2026-01-01T06:12:07","date_gmt":"2026-01-01T06:12:07","guid":{"rendered":"https:\/\/www.europesays.com\/fi\/130471\/"},"modified":"2026-01-01T06:12:07","modified_gmt":"2026-01-01T06:12:07","slug":"kasvava-suosio-tuntuu-vahan-kuin-vetovoiman-lailta-haastattelussa-svart-rida","status":"publish","type":"post","link":"https:\/\/www.europesays.com\/fi\/130471\/","title":{"rendered":"&#8221;Kasvava suosio tuntuu v\u00e4h\u00e4n kuin vetovoiman lailta&#8221; \u2013 haastattelussa Svart Rid\u00e5"},"content":{"rendered":"<p>L\u00e4nsinaapurimme suuriin nuoriin toivoihin kuuluva Svart Rid\u00e5 on juuri aloittanut maaliskuussa 2025 ilmestynytt\u00e4 Aponia-albumia juhlistavan kiertueensa ja esiintynyt haastattelua edelt\u00e4v\u00e4n\u00e4 lauantaina Ruotsin V\u00e4ster\u00e5sissa ja Eskilstunassa.<\/p>\n<p>Kitaristi Moa Swanstr\u00f6m, laulaja-basisti Tuva Gustavsson ja rumpali Kajsa Westergren ilmestyv\u00e4t kuvaruudulle maanantaiaamup\u00e4iv\u00e4n\u00e4 ja kertovat pirte\u00e4n oloisina, etteiv\u00e4t ole viel\u00e4 ehtineet palautua viikonlopun keikoista.<\/p>\n<p>\u2013 Olemme niin iloisia, ja tuntuu t\u00e4ysin ansaitulta, ett\u00e4 meill\u00e4 on ensimm\u00e4inen oma kiertueemme nyt, Swanstr\u00f6m sanoo. \u2013 Liven\u00e4 soittaminen on paras asia koko maailmassa.<\/p>\n<p>\u2013 Se on meid\u00e4n vahvuutemme, Gustavsson komppaa.<\/p>\n<p>Indierockyhtyeen esityksi\u00e4 on kuvailtu \u201dr\u00e4j\u00e4ht\u00e4viksi\u201d. Kappaleiden nauhoitetuissa versioissa soundimaailmaa on kerrostettu voimakkaasti, mutta liven\u00e4 soitanta on suoraviivaisempaa ja intiimimp\u00e4\u00e4, Swanstr\u00f6m kuvailee.<\/p>\n<p>\u2013 Keikoilla meiss\u00e4 on albumeihin verrattuna enemm\u00e4n punkrockia, Gustavsson sanoo.<\/p>\n<p>\u2013 Lavalle menness\u00e4 omaksumme tietynlaiset livepersoonat. Yrit\u00e4mme n\u00e4ytt\u00e4\u00e4 mahdollisimman kovilta ja cooleilta, Swanstr\u00f6m kertoo. \u2013 Mutta sitten kun ihmiset tulevat juttelemaan meille j\u00e4lkeenp\u00e4in, olemmekin vain kolme suloista tytt\u00f6\u00e4.<\/p>\n<p>Kaikista cooleinta on olla aito ja oma itsens\u00e4, Gustavsson sanoo. B\u00e4ndin j\u00e4senet ovat iloisia jokaisesta kuuntelijasta, ja kiitollisuuden ilmaiseminen yleis\u00f6lle on heid\u00e4n mielest\u00e4\u00e4n hyvin t\u00e4rke\u00e4\u00e4.<\/p>\n<p>Svart Rid\u00e5lla on ollut alusta saakka t\u00e4ht\u00e4imen\u00e4 tehd\u00e4 musiikkia el\u00e4\u00e4kseen.<\/p>\n<p>\u2013 Kasvava suosio tuntuu v\u00e4h\u00e4n kuin vetovoiman lailta, Swanstr\u00f6m sanoo. \u2013 Pid\u00e4mme itse\u00e4mme todella hyvin\u00e4, ja mielest\u00e4ni kaikkien muidenkin pit\u00e4isi ajatella niin. Kun on t\u00e4llainen itsevarmuus, se n\u00e4kyy ulosp\u00e4in. Meill\u00e4 ei my\u00f6sk\u00e4\u00e4n ole mit\u00e4\u00e4n b-suunnitelmaa. Teemme t\u00e4t\u00e4, kunnes ihmiset tajuavat, kuinka hyvi\u00e4 olemme.<\/p>\n<p>Joku voisi sanoa, ett\u00e4 Svart Rid\u00e5 on saanut suurta huomiota yll\u00e4tt\u00e4en, mutta b\u00e4ndin omasta perspektiivist\u00e4 matka on ollut pitk\u00e4 ja vaatinut paljon ty\u00f6t\u00e4.<\/p>\n<p>\u2013 Kaikki, mit\u00e4 teemme, tulee aina suoraan syd\u00e4mest\u00e4, Gustavsson sanoo. \u2013 On todella tunnepitoista tehd\u00e4 t\u00e4llaista musiikkia. Laitamme siihen kaikkemme.<\/p>\n<p>Paljastan, ett\u00e4 minun on v\u00e4lill\u00e4 vaikeaa l\u00f6yt\u00e4\u00e4 sanoja niille tunteille, joita Svart Rid\u00e5n musiikki her\u00e4tt\u00e4\u00e4. Niin sen pit\u00e4\u00e4 ollakin, Swanstr\u00f6m vastaa.<\/p>\n<p>\u2013 Siksi ne on tehty musiikiksi, niit\u00e4 ei ole tarkoitettu sanoitettaviksi.<\/p>\n<p>\u2013 T\u00e4rkeint\u00e4 on, ett\u00e4 kuulijat tuntevat jotain. Sill\u00e4 ei ole v\u00e4li\u00e4, mit\u00e4 he tuntevat, kunhan musiikkimme koskettaa heit\u00e4 jotenkin, Gustavsson sanoo. \u2013 Mietimme sit\u00e4 todella paljon, kun teemme kappaleita. Kaikki instrumentit ovat tasavertaisessa asemassa kesken\u00e4\u00e4n, ja jokainen niist\u00e4 v\u00e4litt\u00e4\u00e4 aina jotakin tunnetta.<\/p>\n<p>Lokakuussa yhtye julkaisi Aponia-albuminsa vinyylin\u00e4 ja aloitti samalla matkan kohti kolmatta levy\u00e4\u00e4n, joka ilmestyy ensi vuonna. Sen ensimm\u00e4inen single I \u00f6gats ljus ilmestyi lokakuun 17. p\u00e4iv\u00e4. B\u00e4ndill\u00e4 on t\u00e4ll\u00e4 hetkell\u00e4 paljon meneill\u00e4\u00e4n, sill\u00e4 levy\u00e4 kirjoitetaan ja nauhoitetaan yht\u00e4 aikaa kiertueen kanssa.<\/p>\n<p>\u2013 Se on todella stressaavaa, Swanstr\u00f6m sanoo. \u2013 Emme ole viel\u00e4 niin iso b\u00e4ndi, ett\u00e4 voisimme ottaa kolmen kuukauden tauon kaikesta muusta ja sulkeutua studioon tekem\u00e4\u00e4n levy\u00e4.<\/p>\n<p>Kysyn toiveikkaana, milloin Suomi l\u00f6ytyy Svart Rid\u00e5n keikkakalenterista.<\/p>\n<p>\u2013 Me todella haluamme tulla\u2026 meid\u00e4n t\u00e4ytyy tulla sinne! Gustavsson huudahtaa.<\/p>\n<p>\u2013 Suomi on itse asiassa yksi unelmamaistani soittaa, koska olen kuullut siit\u00e4 niin paljon hyv\u00e4\u00e4, Swanstr\u00f6m sanoo. \u2013 Kun keikkailimme Markus Kruneg\u00e5rdin kanssa, h\u00e4nen b\u00e4ndins\u00e4 kehui, ett\u00e4 Suomessa on tosi kiva soittaa. Kertokaa kaikille Suomen venueille, ett\u00e4 buukkaavat meid\u00e4t! [Haastattelun julkaisun j\u00e4lkeen b\u00e4ndi on kiinnitetty ainakin Turun Kes\u00e4rauhaan.]<\/p>\n","protected":false},"excerpt":{"rendered":"L\u00e4nsinaapurimme suuriin nuoriin toivoihin kuuluva Svart Rid\u00e5 on juuri aloittanut maaliskuussa 2025 ilmestynytt\u00e4 Aponia-albumia juhlistavan kiertueensa ja esiintynyt&hellip;\n","protected":false},"author":2,"featured_media":130472,"comment_status":"","ping_status":"","sticky":false,"template":"","format":"standard","meta":{"footnotes":""},"categories":[130],"tags":[137,33,31,30,2382,32,109],"class_list":{"0":"post-130471","1":"post","2":"type-post","3":"status-publish","4":"format-standard","5":"has-post-thumbnail","7":"category-viihde","8":"tag-entertainment","9":"tag-fi","10":"tag-finland","11":"tag-finnish","12":"tag-haastattelu","13":"tag-suomi","14":"tag-viihde"},"share_on_mastodon":{"url":"https:\/\/pubeurope.com\/@fi\/115818367705967100","error":""},"_links":{"self":[{"href":"https:\/\/www.europesays.com\/fi\/wp-json\/wp\/v2\/posts\/130471","targetHints":{"allow":["GET"]}}],"collection":[{"href":"https:\/\/www.europesays.com\/fi\/wp-json\/wp\/v2\/posts"}],"about":[{"href":"https:\/\/www.europesays.com\/fi\/wp-json\/wp\/v2\/types\/post"}],"author":[{"embeddable":true,"href":"https:\/\/www.europesays.com\/fi\/wp-json\/wp\/v2\/users\/2"}],"replies":[{"embeddable":true,"href":"https:\/\/www.europesays.com\/fi\/wp-json\/wp\/v2\/comments?post=130471"}],"version-history":[{"count":0,"href":"https:\/\/www.europesays.com\/fi\/wp-json\/wp\/v2\/posts\/130471\/revisions"}],"wp:featuredmedia":[{"embeddable":true,"href":"https:\/\/www.europesays.com\/fi\/wp-json\/wp\/v2\/media\/130472"}],"wp:attachment":[{"href":"https:\/\/www.europesays.com\/fi\/wp-json\/wp\/v2\/media?parent=130471"}],"wp:term":[{"taxonomy":"category","embeddable":true,"href":"https:\/\/www.europesays.com\/fi\/wp-json\/wp\/v2\/categories?post=130471"},{"taxonomy":"post_tag","embeddable":true,"href":"https:\/\/www.europesays.com\/fi\/wp-json\/wp\/v2\/tags?post=130471"}],"curies":[{"name":"wp","href":"https:\/\/api.w.org\/{rel}","templated":true}]}}