{"id":130497,"date":"2026-01-01T07:04:08","date_gmt":"2026-01-01T07:04:08","guid":{"rendered":"https:\/\/www.europesays.com\/fi\/130497\/"},"modified":"2026-01-01T07:04:08","modified_gmt":"2026-01-01T07:04:08","slug":"pate-mustajarven-tyttarelta-musertunut-paivitys-isastaan","status":"publish","type":"post","link":"https:\/\/www.europesays.com\/fi\/130497\/","title":{"rendered":"Pate Mustaj\u00e4rven tytt\u00e4relt\u00e4 musertunut p\u00e4ivitys is\u00e4st\u00e4\u00e4n"},"content":{"rendered":"<p>Jenni Mustaj\u00e4rvi muistelee koskettavasti is\u00e4\u00e4ns\u00e4.<\/p>\n<p><img decoding=\"async\" class=\"image image-show image-preview\" src=\"https:\/\/www.europesays.com\/fi\/wp-content\/uploads\/2026\/01\/326af3460e9fa86ad7d4c742db59203ca187039785c3ec676891ed6e3e180c2a.jpg\" alt=\"\"\/><img decoding=\"async\" class=\"image image-show\" src=\"https:\/\/www.europesays.com\/fi\/wp-content\/uploads\/2026\/01\/1767251048_29_326af3460e9fa86ad7d4c742db59203ca187039785c3ec676891ed6e3e180c2a.jpg\" alt=\"\"\/><\/p>\n<p>Pate Mustaj\u00e4rven tyt\u00e4r laulaja Jenni Mustaj\u00e4rvi muistelee is\u00e4\u00e4ns\u00e4. Inka Soveri<\/p>\n<p class=\"paragraph\">Suomirockin legenda <strong>Pate Mustaj\u00e4rvi<\/strong> kuoli tapaninp\u00e4iv\u00e4n\u00e4 26. joulukuuta 69 vuoden i\u00e4ss\u00e4. H\u00e4nen tytt\u00e4rens\u00e4 laulaja <strong>Jenni Mustaj\u00e4rvi<\/strong> julkaisi is\u00e4st\u00e4\u00e4n koskettavan p\u00e4ivityksen Instagramissa.<\/p>\n<p class=\"paragraph\">P\u00e4ivityksess\u00e4 h\u00e4n kertoo surustaan ja erityisest\u00e4 yhteydest\u00e4 is\u00e4\u00e4ns\u00e4, joka jatkuu edelleen.<\/p>\n<p class=\"paragraph\">\u2013 Tapaninp\u00e4iv\u00e4n\u00e4 2025 olen kohdannut t\u00e4h\u00e4nastisen el\u00e4m\u00e4ni suurimman surun. Kiitos lukuisista viesteist\u00e4, osanotoista ja lohduttavista sanoista, surussa my\u00f6t\u00e4el\u00e4misest\u00e4. Arvostan niit\u00e4 eritt\u00e4in paljon, tyt\u00e4r kirjoittaa.<\/p>\n<p class=\"paragraph\">\u2013 Meill\u00e4 oli isk\u00e4n kanssa sanaton yhteys, mit\u00e4 on vaikea selitt\u00e4\u00e4. Se yhteys ei katkea koskaan, se vain muuttaa muotoaan.<\/p>\n<p class=\"paragraph\">Tyt\u00e4r on lis\u00e4nnyt tekstiin heid\u00e4n tyylist\u00e4\u00e4n vuoropuhelua. \u201dP\u00e4rj\u00e4\u00e4ks\u00e4\u00e4?\u201d \u201dKy\u00e4 m\u00e4\u00e4 p\u00e4rj\u00e4\u00e4n, aina\u201d.<\/p>\n<p class=\"paragraph\">Julkaisun kuvatekstiss\u00e4 on lyhyt lyriikanp\u00e4tk\u00e4 Popedan El\u00e4inten vallankumous -kappaleesta.<\/p>\n<p class=\"paragraph\">Kun aurinko nousi<\/p>\n<p class=\"paragraph\">Ne arvanneet ei<\/p>\n<p class=\"paragraph\">Nousi p\u00e4ivist\u00e4 viimeinen<\/p>\n<p class=\"paragraph\">Jenni Mustaj\u00e4rven p\u00e4ivitykseen on tullut lyhyess\u00e4 ajassa tuhansia tykk\u00e4yksi\u00e4 ja lohduttavia kommentteja.<\/p>\n<p class=\"paragraph\">\u2013 Juuri n\u00e4in. Yhteys ei katkea, se vain muuttaa muotoaan. L\u00e4mpimin osanotto suruusi, kommentoi er\u00e4s seuraaja.<\/p>\n<p class=\"paragraph\">\u2013 Osanotto ja voimia suruunne, kommentoi toinen seuraaja.<\/p>\n<p class=\"paragraph\">N\u00e4et julkaisun alta tai <a href=\"https:\/\/www.instagram.com\/p\/DS8l8uLAk_E\/?hl=fi\" rel=\"noopener nofollow\" target=\"_blank\">t\u00e4\u00e4lt\u00e4.<\/a><\/p>\n<p class=\"paragraph\">Pate Mustaj\u00e4rvi oli tamperelainen suomirockin legenda, Ikurin turbiini, joka teki vuosikymmenten mittaisen uran. H\u00e4n oli Popedan keulakuva vuosikymmeni\u00e4, kunnes j\u00e4tti yhtyeen syyskuussa 2023 ja jatkoi soolouraa, jota oli tehnyt jo aiemmin menestyksekk\u00e4\u00e4sti.<\/p>\n<p class=\"paragraph\">H\u00e4n kertoi kasvaimesta lokakuussa, ja marraskuussa h\u00e4n ilmoitti Instagramissa faneilleen sairastuneensa sy\u00f6p\u00e4\u00e4n.<\/p>\n<p class=\"paragraph\">Mustaj\u00e4rvi j\u00e4tti l\u00e4htem\u00e4tt\u00f6m\u00e4n j\u00e4ljen suomalaisen rockmusiikin kaanoniin. H\u00e4nen esitt\u00e4mi\u00e4\u00e4n j\u00e4rk\u00e4lem\u00e4isi\u00e4 hittej\u00e4 ovat muun muassa Matkalla Alabamaan, Kersantti Karoliina, Punaista ja makeaa, Jukeboxin luona ja esimerkiksi Ukkometso.<\/p>\n<p><script async src=\"\/\/www.instagram.com\/embed.js\"><\/script><\/p>\n","protected":false},"excerpt":{"rendered":"Jenni Mustaj\u00e4rvi muistelee koskettavasti is\u00e4\u00e4ns\u00e4. Pate Mustaj\u00e4rven tyt\u00e4r laulaja Jenni Mustaj\u00e4rvi muistelee is\u00e4\u00e4ns\u00e4. Inka Soveri Suomirockin legenda Pate&hellip;\n","protected":false},"author":2,"featured_media":130498,"comment_status":"","ping_status":"","sticky":false,"template":"","format":"standard","meta":{"footnotes":""},"categories":[130],"tags":[35,137,33,31,30,99,100,47,141,98,32,109],"class_list":{"0":"post-130497","1":"post","2":"type-post","3":"status-publish","4":"format-standard","5":"has-post-thumbnail","7":"category-viihde","8":"tag-24h","9":"tag-entertainment","10":"tag-fi","11":"tag-finland","12":"tag-finnish","13":"tag-lapset","14":"tag-lapset-ja-nuoret","15":"tag-musiikki","16":"tag-muusikot-bandit","17":"tag-perhe","18":"tag-suomi","19":"tag-viihde"},"share_on_mastodon":{"url":"https:\/\/pubeurope.com\/@fi\/115818572280445124","error":""},"_links":{"self":[{"href":"https:\/\/www.europesays.com\/fi\/wp-json\/wp\/v2\/posts\/130497","targetHints":{"allow":["GET"]}}],"collection":[{"href":"https:\/\/www.europesays.com\/fi\/wp-json\/wp\/v2\/posts"}],"about":[{"href":"https:\/\/www.europesays.com\/fi\/wp-json\/wp\/v2\/types\/post"}],"author":[{"embeddable":true,"href":"https:\/\/www.europesays.com\/fi\/wp-json\/wp\/v2\/users\/2"}],"replies":[{"embeddable":true,"href":"https:\/\/www.europesays.com\/fi\/wp-json\/wp\/v2\/comments?post=130497"}],"version-history":[{"count":0,"href":"https:\/\/www.europesays.com\/fi\/wp-json\/wp\/v2\/posts\/130497\/revisions"}],"wp:featuredmedia":[{"embeddable":true,"href":"https:\/\/www.europesays.com\/fi\/wp-json\/wp\/v2\/media\/130498"}],"wp:attachment":[{"href":"https:\/\/www.europesays.com\/fi\/wp-json\/wp\/v2\/media?parent=130497"}],"wp:term":[{"taxonomy":"category","embeddable":true,"href":"https:\/\/www.europesays.com\/fi\/wp-json\/wp\/v2\/categories?post=130497"},{"taxonomy":"post_tag","embeddable":true,"href":"https:\/\/www.europesays.com\/fi\/wp-json\/wp\/v2\/tags?post=130497"}],"curies":[{"name":"wp","href":"https:\/\/api.w.org\/{rel}","templated":true}]}}