{"id":130503,"date":"2026-01-01T07:09:08","date_gmt":"2026-01-01T07:09:08","guid":{"rendered":"https:\/\/www.europesays.com\/fi\/130503\/"},"modified":"2026-01-01T07:09:08","modified_gmt":"2026-01-01T07:09:08","slug":"vuosi-vaihtui-rauhallisissa-merkeissa-satakunnan-pelastuslaitoksella","status":"publish","type":"post","link":"https:\/\/www.europesays.com\/fi\/130503\/","title":{"rendered":"Vuosi vaihtui rauhallisissa merkeiss\u00e4 Satakunnan pelastuslaitoksella"},"content":{"rendered":"<p>Ilotulitteet aiheuttivat vain muutamia h\u00e4lytyksi\u00e4 Satakunnan alueella.<\/p>\n<p class=\"article-body mb-nof-24 px-nof-16\">Satakunta<\/p>\n<p class=\"article-body mb-nof-24 px-nof-16\">Vuoden vaihtumiseen liittyv\u00e4 ilottelu ei aiheuttanut Satakunnan pelastuslaitokselle suurta p\u00e4\u00e4nvaivaa. Ilotulitteisiin liittyvi\u00e4 tulipalojen sammutusteht\u00e4vi\u00e4 alueella oli muutamia.<\/p>\n<p class=\"article-body mb-nof-24 px-nof-16\">Porissa todenn\u00e4k\u00f6isesti ilotulite oli syttynyt palamaan roskiksessa Tuorsniementiell\u00e4 Nilatien l\u00e4heisyydess\u00e4. Pelastuslaitos sai h\u00e4lytyksen paikalle keskiviikon puolella kello puoli kymmenelt\u00e4.<\/p>\n<p class=\"article-body mb-nof-24 px-nof-16\">K\u00e4yt\u00f6n j\u00e4lkeen viel\u00e4 palamaan syttyneet ilotulitteet aiheuttivat Porissa pari teht\u00e4v\u00e4\u00e4 my\u00f6s puolen y\u00f6n j\u00e4lkeen torstain puolella.<\/p>\n<p class=\"article-body mb-nof-24 px-nof-16\">Eurassa samankaltainen h\u00e4lytysteht\u00e4v\u00e4 tehtiin y\u00f6ll\u00e4 kello yhden j\u00e4lkeen Viljasentielle, jossa k\u00e4ytetty rakettipata oli syttynyt palamaan. Pata oli j\u00e4tetty asianmukaisesti maahan j\u00e4\u00e4htym\u00e4\u00e4n eik\u00e4 sen palo aiheuttanut levi\u00e4misvaaraa.<\/p>\n<p class=\"article-body mb-nof-24 px-nof-16\">Palokunta h\u00e4lytettiin paikalle Kokem\u00e4en Yttil\u00e4ntielle y\u00f6ll\u00e4 kello kahden j\u00e4lkeen sammuttamaan palavaa muovista noin 500 litraista elektroniikkaj\u00e4teroskista. Palosta ei ollut levi\u00e4misvaaraa.<\/p>\n<p class=\"article-body mb-nof-24 px-nof-16\">\u201dVuodenvaihde oli rauhallinen\u201d, p\u00e4ivyst\u00e4v\u00e4 palomestari <a class=\"font-bold underline-offset-[0.12em] [text-decoration:var(--person-link-text-decoration)] ![text-decoration-color:var(--person-link-text-decoration-color)]\" href=\"https:\/\/www.satakunnankansa.fi\/haku\/?query=Juho%20Salminen\" rel=\"nofollow noopener\" target=\"_blank\">Juho Salminen<\/a> tiivist\u00e4\u00e4.<\/p>\n<p class=\"article-body mb-nof-24 px-nof-16\">Poliisin n\u00e4k\u00f6kulmasta vuodenvaihde oli hyvin tavanomainen. Lounais-Suomen poliisilaitos kertoo tiedotteessaan poliisia ty\u00f6llist\u00e4neen erityisesti ilotulitteiden k\u00e4ytt\u00f6\u00f6n ja hallussapitoon liittyv\u00e4t v\u00e4\u00e4rink\u00e4yt\u00f6kset, jotka usein johtuivat p\u00e4ihtymyksest\u00e4.<\/p>\n<p class=\"article-body mb-nof-24 px-nof-16\">Satakunnassa ja Varsinais-Suomessa poliisi sai y\u00f6n aikana 33 ilmoitusta huolimattomasta ilotulitteiden k\u00e4yt\u00f6st\u00e4. Poliisi kirjoitti n\u00e4ist\u00e4 25 sakkoa r\u00e4j\u00e4hdes\u00e4\u00e4nn\u00f6sten rikkomisesta, varomattomasta k\u00e4sittelyst\u00e4 tai j\u00e4rjestysrikkomuksesta.<\/p>\n<p class=\"article-body mb-nof-24 px-nof-16\">Poliisin arvion mukaan kaupunkien keskustoissa oli pakkasesta huolimatta paljon ihmisi\u00e4 liikkeell\u00e4, mutta suuremmilta yleisten paikkojen h\u00e4iri\u00f6k\u00e4ytt\u00e4ytymisilt\u00e4 ja v\u00e4kivallanteoilta v\u00e4ltyttiin.<\/p>\n<p class=\"article-body mb-nof-24 px-nof-16\">Erilaisista pahoinpitelyist\u00e4 Lounais-Suomen poliisi sai koko alueellaan 26 ilmoitusta, l\u00e4hes kaikki n\u00e4ist\u00e4 tapahtuivat ravintoloissa tai yksityisasunnoissa.<\/p>\n<p class=\"article-body mb-nof-24 px-nof-16\">Pahoinpitelyist\u00e4 vakavin tapahtui poliisin tiedotteen mukaan Porissa, jossa 15-vuotiaan ep\u00e4ill\u00e4\u00e4n ly\u00f6neen pes\u00e4pallomailalla 17-vuotiasta. 15-vuotiasta ep\u00e4ill\u00e4\u00e4n t\u00f6rke\u00e4st\u00e4 pahoinpitelyst\u00e4.<\/p>\n<p class=\"article-body nof-ui-body-medium mb-nof-24 px-nof-16\">Uutista p\u00e4ivitetty poliisin tiedotteella 1.1.2026 kello 8.38.<\/p>\n","protected":false},"excerpt":{"rendered":"Ilotulitteet aiheuttivat vain muutamia h\u00e4lytyksi\u00e4 Satakunnan alueella. Satakunta Vuoden vaihtumiseen liittyv\u00e4 ilottelu ei aiheuttanut Satakunnan pelastuslaitokselle suurta p\u00e4\u00e4nvaivaa.&hellip;\n","protected":false},"author":2,"featured_media":130504,"comment_status":"","ping_status":"","sticky":false,"template":"","format":"standard","meta":{"footnotes":""},"categories":[12],"tags":[22,23,26,27,33,31,30,17,24,25,28,29,15,18,21,80,32,19,20,16],"class_list":{"0":"post-130503","1":"post","2":"type-post","3":"status-publish","4":"format-standard","5":"has-post-thumbnail","7":"category-suomi","8":"tag-breaking-news","9":"tag-breakingnews","10":"tag-featured-news","11":"tag-featurednews","12":"tag-fi","13":"tag-finland","14":"tag-finnish","15":"tag-headlines","16":"tag-latest-news","17":"tag-latestnews","18":"tag-main-news","19":"tag-mainnews","20":"tag-news","21":"tag-otsikot","22":"tag-paauutiset","23":"tag-satakunnan-kansa","24":"tag-suomi","25":"tag-top-stories","26":"tag-topstories","27":"tag-uutiset"},"share_on_mastodon":{"url":"https:\/\/pubeurope.com\/@fi\/115818591881961616","error":""},"_links":{"self":[{"href":"https:\/\/www.europesays.com\/fi\/wp-json\/wp\/v2\/posts\/130503","targetHints":{"allow":["GET"]}}],"collection":[{"href":"https:\/\/www.europesays.com\/fi\/wp-json\/wp\/v2\/posts"}],"about":[{"href":"https:\/\/www.europesays.com\/fi\/wp-json\/wp\/v2\/types\/post"}],"author":[{"embeddable":true,"href":"https:\/\/www.europesays.com\/fi\/wp-json\/wp\/v2\/users\/2"}],"replies":[{"embeddable":true,"href":"https:\/\/www.europesays.com\/fi\/wp-json\/wp\/v2\/comments?post=130503"}],"version-history":[{"count":0,"href":"https:\/\/www.europesays.com\/fi\/wp-json\/wp\/v2\/posts\/130503\/revisions"}],"wp:featuredmedia":[{"embeddable":true,"href":"https:\/\/www.europesays.com\/fi\/wp-json\/wp\/v2\/media\/130504"}],"wp:attachment":[{"href":"https:\/\/www.europesays.com\/fi\/wp-json\/wp\/v2\/media?parent=130503"}],"wp:term":[{"taxonomy":"category","embeddable":true,"href":"https:\/\/www.europesays.com\/fi\/wp-json\/wp\/v2\/categories?post=130503"},{"taxonomy":"post_tag","embeddable":true,"href":"https:\/\/www.europesays.com\/fi\/wp-json\/wp\/v2\/tags?post=130503"}],"curies":[{"name":"wp","href":"https:\/\/api.w.org\/{rel}","templated":true}]}}