{"id":130510,"date":"2026-01-01T07:25:08","date_gmt":"2026-01-01T07:25:08","guid":{"rendered":"https:\/\/www.europesays.com\/fi\/130510\/"},"modified":"2026-01-01T07:25:08","modified_gmt":"2026-01-01T07:25:08","slug":"ei-taman-nain-pitanyt-menna","status":"publish","type":"post","link":"https:\/\/www.europesays.com\/fi\/130510\/","title":{"rendered":"\u201dEi t\u00e4m\u00e4n n\u00e4in pit\u00e4nyt menn\u00e4\u201d"},"content":{"rendered":"<p>Kolmiodraama-rakkausrealityss\u00e4 laitettiin asumiskuviot uusiksi. JUTTU SIS\u00c4LT\u00c4\u00c4 JUONIPALJASTUKSIA.<\/p>\n<p><img decoding=\"async\" class=\"image image-show image-preview\" src=\"https:\/\/www.europesays.com\/fi\/wp-content\/uploads\/2026\/01\/86736cdcd989c168fc78052a89055f55ec05ecd6f81fccdafb6fc88bd1b7d552.jpg\" alt=\"\"\/><img decoding=\"async\" class=\"image image-show\" src=\"https:\/\/www.europesays.com\/fi\/wp-content\/uploads\/2026\/01\/1767252308_803_86736cdcd989c168fc78052a89055f55ec05ecd6f81fccdafb6fc88bd1b7d552.jpg\" alt=\"\"\/><\/p>\n<p>Kolmiodraama-ohjelmassa on p\u00e4\u00e4sty itse kolmiodraamavaiheeseen. MTV<\/p>\n<p class=\"paragraph\">Kolmiodraama-rakkausrealityn seitsem\u00e4nness\u00e4 jaksossa puidaan edellisen jakson \u0161okkik\u00e4\u00e4nnett\u00e4. Seitsem\u00e4s jakso ilmestyy t\u00e4n\u00e4\u00e4n maksulliseen Katsomo+-palveluun, televisioesityksen vuoro on 22. tammikuuta.<\/p>\n<p class=\"paragraph\">Tiivistyksen\u00e4: Kolmiodraamassa jokainen sinkku on saanut alussa viestitell\u00e4 kahden kumppaniehdokkaan kanssa. Viestien perusteella sinkku on valinnut toisen ehdokkaan, jonka kanssa h\u00e4n on muuttanut yhteen asumaan. My\u00f6hemmin mukaan kuvioon liittyy my\u00f6s alun perin toiseksi j\u00e4\u00e4nyt kumppaniehdokas.<\/p>\n<p class=\"paragraph\">Viime vuonna n\u00e4hdyll\u00e4 ykk\u00f6skaudella koko kolmikko p\u00e4\u00e4tyi yhteen asumaan saman katon alle. T\u00e4ll\u00e4 kertaa kuvio on toinen: toisen kumppaniehdokkaan saapuessa ensimm\u00e4isen k\u00e4skettiin pakata laukkunsa ja poistua paikalta. Juonenk\u00e4\u00e4nteest\u00e4 ei kerrottu osallistujille etuk\u00e4teen.<\/p>\n<p class=\"paragraph\">Asumiskuviot laitettiin uusiksi kuutosjaksossa. Seitsem\u00e4nnen jakson alussa poish\u00e4\u00e4detyt osallistujat puivat j\u00e4rkytyst\u00e4\u00e4n yhdess\u00e4.<\/p>\n<p class=\"paragraph\">\u2013 Kaikki olivat \u0161okissa. Kukaan ei osannut odottaa tuollaista juonenk\u00e4\u00e4nnett\u00e4, <strong>Sannin<\/strong> kanssa yhteiseloa kokeillut <strong>Teemu<\/strong> sanoo.<\/p>\n<p class=\"paragraph\">\u2013 Onhan t\u00e4m\u00e4 aikamoista ihmissuhdepeli\u00e4 t\u00e4ll\u00e4 hetkell\u00e4, Teemu pohtii uutta asetelmaa.<\/p>\n<p>Teemulle h\u00e4\u00e4t\u00f6 on kova paikka. MTV<\/p>\n<p class=\"paragraph\">Teemu kertoo muille kilpailijoille, ett\u00e4 h\u00e4nen ja Sannin tutustuminen j\u00e4i hyv\u00e4\u00e4n vaiheeseen, ja sen katkeaminen harmittaa h\u00e4nt\u00e4.<\/p>\n<p class=\"paragraph\">\u2013 Kymmenen minuuttia annettiin aikaa, ett\u00e4 nyt pakkaat ja l\u00e4hdet.<\/p>\n<p class=\"paragraph\">\u2013 V\u00e4ltt\u00e4m\u00e4tt\u00e4 sit\u00e4 kolmatta py\u00f6r\u00e4\u00e4 ei olisi tarvittu mihink\u00e4\u00e4n. Meill\u00e4 oli aivan hyv\u00e4 kaksipy\u00f6r\u00e4inen, Teemu sanoo.<\/p>\n<p class=\"paragraph\"><strong>Carolina<\/strong> kertoo, ett\u00e4 h\u00e4nen ensireaktionsa oli ahdistus. Carolina oli viritellyt ihmissuhdetta <strong>Tomin<\/strong> kanssa.<\/p>\n<p class=\"paragraph\">\u2013 Mua \u00e4rsytti. Tosi hyl\u00e4tty olo, Caro kuvailee tunteitaan. H\u00e4n pelk\u00e4\u00e4, ett\u00e4 Tomin ja <strong>Tinnan<\/strong> v\u00e4lille kehkeytyy jotain.<\/p>\n<p class=\"paragraph\"><strong>Satu<\/strong> on samoilla linjoilla.<\/p>\n<p class=\"paragraph\">\u2013 Kirjaimellisesti ulos heitetty olo, <strong>Juhon<\/strong> alun perin valitsema Satu sanoo.<\/p>\n<p class=\"paragraph\">\u2013 Kusetettu olo, <strong>Vilman<\/strong> kanssa asunut <strong>Tino<\/strong> sanoo.<\/p>\n<p class=\"paragraph\">\u2013 Ei t\u00e4m\u00e4n n\u00e4in pit\u00e4nyt menn\u00e4, Teemu my\u00f6t\u00e4ilee.<\/p>\n<p class=\"paragraph\">MTV3:lla n\u00e4hd\u00e4\u00e4n t\u00e4n\u00e4\u00e4n kauden <a href=\"https:\/\/www.iltalehti.fi\/tv-ja-leffat\/30d299a7-3071-453e-a31f-3026a4b120fd\" rel=\"nofollow noopener\" target=\"_blank\">nelj\u00e4s jakso<\/a>.<\/p>\n<p class=\"paragraph\">Kolmiodraama t\u00e4n\u00e4\u00e4n MTV3:lla kello 21.00 &amp; Katsomossa. <a href=\"https:\/\/www.iltalehti.fi\/telkku\/\" rel=\"nofollow noopener\" target=\"_blank\">Katso kaikki\u00a0TV-ohjelmat ja l\u00e4hetysajat Telkun TV-oppaasta<\/a>.<\/p>\n","protected":false},"excerpt":{"rendered":"Kolmiodraama-rakkausrealityss\u00e4 laitettiin asumiskuviot uusiksi. JUTTU SIS\u00c4LT\u00c4\u00c4 JUONIPALJASTUKSIA. Kolmiodraama-ohjelmassa on p\u00e4\u00e4sty itse kolmiodraamavaiheeseen. MTV Kolmiodraama-rakkausrealityn seitsem\u00e4nness\u00e4 jaksossa puidaan edellisen&hellip;\n","protected":false},"author":2,"featured_media":130511,"comment_status":"","ping_status":"","sticky":false,"template":"","format":"standard","meta":{"footnotes":""},"categories":[133],"tags":[35,153,137,33,31,30,2718,979,32,206,140,139,156,109],"class_list":{"0":"post-130510","1":"post","2":"type-post","3":"status-publish","4":"format-standard","5":"has-post-thumbnail","7":"category-televisiot","8":"tag-24h","9":"tag-audiovisuaalinen-media","10":"tag-entertainment","11":"tag-fi","12":"tag-finland","13":"tag-finnish","14":"tag-romantiikka","15":"tag-sahkoinen-media","16":"tag-suomi","17":"tag-televisiot","18":"tag-tv-ja-elokuvat","19":"tag-tv-ohjelmat","20":"tag-tv","21":"tag-viihde"},"share_on_mastodon":{"url":"https:\/\/pubeurope.com\/@fi\/115818654829869125","error":""},"_links":{"self":[{"href":"https:\/\/www.europesays.com\/fi\/wp-json\/wp\/v2\/posts\/130510","targetHints":{"allow":["GET"]}}],"collection":[{"href":"https:\/\/www.europesays.com\/fi\/wp-json\/wp\/v2\/posts"}],"about":[{"href":"https:\/\/www.europesays.com\/fi\/wp-json\/wp\/v2\/types\/post"}],"author":[{"embeddable":true,"href":"https:\/\/www.europesays.com\/fi\/wp-json\/wp\/v2\/users\/2"}],"replies":[{"embeddable":true,"href":"https:\/\/www.europesays.com\/fi\/wp-json\/wp\/v2\/comments?post=130510"}],"version-history":[{"count":0,"href":"https:\/\/www.europesays.com\/fi\/wp-json\/wp\/v2\/posts\/130510\/revisions"}],"wp:featuredmedia":[{"embeddable":true,"href":"https:\/\/www.europesays.com\/fi\/wp-json\/wp\/v2\/media\/130511"}],"wp:attachment":[{"href":"https:\/\/www.europesays.com\/fi\/wp-json\/wp\/v2\/media?parent=130510"}],"wp:term":[{"taxonomy":"category","embeddable":true,"href":"https:\/\/www.europesays.com\/fi\/wp-json\/wp\/v2\/categories?post=130510"},{"taxonomy":"post_tag","embeddable":true,"href":"https:\/\/www.europesays.com\/fi\/wp-json\/wp\/v2\/tags?post=130510"}],"curies":[{"name":"wp","href":"https:\/\/api.w.org\/{rel}","templated":true}]}}