{"id":130512,"date":"2026-01-01T07:26:07","date_gmt":"2026-01-01T07:26:07","guid":{"rendered":"https:\/\/www.europesays.com\/fi\/130512\/"},"modified":"2026-01-01T07:26:07","modified_gmt":"2026-01-01T07:26:07","slug":"pohjoiskarjalaiset-muusikot-kertovat-elamansa-tarkeimmista-kappaleista-tata-biisia-insomniumin-laulaja-ei-voi-kuunnella-ilman-liikutusta-paikalliset","status":"publish","type":"post","link":"https:\/\/www.europesays.com\/fi\/130512\/","title":{"rendered":"Pohjoiskarjalaiset muusikot kertovat el\u00e4m\u00e4ns\u00e4 t\u00e4rkeimmist\u00e4 kappaleista \u2013 T\u00e4t\u00e4 biisi\u00e4 Insomniumin laulaja ei voi kuunnella ilman liikutusta | Paikalliset"},"content":{"rendered":"<p>Viisi pohjoiskarjalaistaustaista muusikkoa paljastaa el\u00e4m\u00e4ns\u00e4 biisit, jotka ovat j\u00e4tt\u00e4neet heihin j\u00e4ljen ja seuranneet monissa merkitt\u00e4viss\u00e4 el\u00e4m\u00e4nvaiheissa.<\/p>\n<p>Pohjoiskarjalaiset muusikot kertovat, mitk\u00e4 kappaleet ovat heille merkitt\u00e4vi\u00e4. Mitk\u00e4 laulut ovat vaikuttaneet Insomniumin <strong>Niilo Sev\u00e4seen<\/strong>, <strong>Louna0nlineen<\/strong>, <strong>Tamsiin<\/strong> ja Luukas Oja -yhtyeen laulajiin <strong>Jessica Kr\u00e4kiniin<\/strong> ja<strong> Iita Yl\u00f6seen<\/strong>?<\/p>\n","protected":false},"excerpt":{"rendered":"Viisi pohjoiskarjalaistaustaista muusikkoa paljastaa el\u00e4m\u00e4ns\u00e4 biisit, jotka ovat j\u00e4tt\u00e4neet heihin j\u00e4ljen ja seuranneet monissa merkitt\u00e4viss\u00e4 el\u00e4m\u00e4nvaiheissa. Pohjoiskarjalaiset muusikot&hellip;\n","protected":false},"author":2,"featured_media":130513,"comment_status":"","ping_status":"","sticky":false,"template":"","format":"standard","meta":{"footnotes":""},"categories":[132],"tags":[137,33,31,30,108,195,47,3018,141,32,109],"class_list":{"0":"post-130512","1":"post","2":"type-post","3":"status-publish","4":"format-standard","5":"has-post-thumbnail","7":"category-musiikki","8":"tag-entertainment","9":"tag-fi","10":"tag-finland","11":"tag-finnish","12":"tag-kulttuuri","13":"tag-music","14":"tag-musiikki","15":"tag-muusikko","16":"tag-muusikot-bandit","17":"tag-suomi","18":"tag-viihde"},"share_on_mastodon":{"url":"https:\/\/pubeurope.com\/@fi\/115818658725338132","error":""},"_links":{"self":[{"href":"https:\/\/www.europesays.com\/fi\/wp-json\/wp\/v2\/posts\/130512","targetHints":{"allow":["GET"]}}],"collection":[{"href":"https:\/\/www.europesays.com\/fi\/wp-json\/wp\/v2\/posts"}],"about":[{"href":"https:\/\/www.europesays.com\/fi\/wp-json\/wp\/v2\/types\/post"}],"author":[{"embeddable":true,"href":"https:\/\/www.europesays.com\/fi\/wp-json\/wp\/v2\/users\/2"}],"replies":[{"embeddable":true,"href":"https:\/\/www.europesays.com\/fi\/wp-json\/wp\/v2\/comments?post=130512"}],"version-history":[{"count":0,"href":"https:\/\/www.europesays.com\/fi\/wp-json\/wp\/v2\/posts\/130512\/revisions"}],"wp:featuredmedia":[{"embeddable":true,"href":"https:\/\/www.europesays.com\/fi\/wp-json\/wp\/v2\/media\/130513"}],"wp:attachment":[{"href":"https:\/\/www.europesays.com\/fi\/wp-json\/wp\/v2\/media?parent=130512"}],"wp:term":[{"taxonomy":"category","embeddable":true,"href":"https:\/\/www.europesays.com\/fi\/wp-json\/wp\/v2\/categories?post=130512"},{"taxonomy":"post_tag","embeddable":true,"href":"https:\/\/www.europesays.com\/fi\/wp-json\/wp\/v2\/tags?post=130512"}],"curies":[{"name":"wp","href":"https:\/\/api.w.org\/{rel}","templated":true}]}}