{"id":130516,"date":"2026-01-01T07:30:07","date_gmt":"2026-01-01T07:30:07","guid":{"rendered":"https:\/\/www.europesays.com\/fi\/130516\/"},"modified":"2026-01-01T07:30:07","modified_gmt":"2026-01-01T07:30:07","slug":"stranger-things-on-nyt-katsottavissa-kokonaisuutena-viimeinen-jakso-julkaistiin-netflixissa-viime-yona","status":"publish","type":"post","link":"https:\/\/www.europesays.com\/fi\/130516\/","title":{"rendered":"Stranger Things on nyt katsottavissa kokonaisuutena \u2013 Viimeinen jakso julkaistiin Netflixiss\u00e4 viime y\u00f6n\u00e4"},"content":{"rendered":"<p>Kuva: \u00a9 2025 Netflix, Inc.<\/p>\n<p>Stranger Things -sarjan kaikki viisi kautta ovat nyt katsottavissa.<\/p>\n<p><a href=\"https:\/\/muropaketti.com\/avainsana\/stranger-things\/\" rel=\"nofollow noopener\" target=\"_blank\">Stranger Things<\/a> -sarjan viimeinen jakso julkaistiin Netflixiss\u00e4 viime y\u00f6n\u00e4 eli koko sarja on nyt katsottavissa kokonaisuutena.<\/p>\n<p>Viimeinen jakso on nimelt\u00e4\u00e4n The Rightside Up, ja sill\u00e4 on pituutta per\u00e4ti kaksi tuntia ja kahdeksan minuuttia. Jakson ohjaajina toimivat sarjan luojat Matt ja Ross Duffer.<\/p>\n<p>Sarjan viides ja samalla viimeinen kausi julkaistiin Netflixiss\u00e4 kolmessa osassa. Kaikkiaan kaudella on kahdeksan jaksoa, mutta p\u00e4\u00e4t\u00f6sjakson lis\u00e4ksi moni muukin niist\u00e4 on elokuvan mittainen.<\/p>\n<p>Viidennen kauden n\u00e4yttelij\u00e4kaartissa n\u00e4hd\u00e4\u00e4n muun muassa Millie Bobby Brown, Noah Schnapp, Finn Wolfhard, Caleb McLaughlin, Gaten Matarazzo, Winona Ryder, David Harbour, Sadie Sink, Maya Hawke, Joe Keery, Natalia Dyer, Charlie Heaton, Nell Fisher, Linda Hamilton, Brett Gelman, Priah Ferguson sek\u00e4 sarjan pahista esitt\u00e4v\u00e4 Jamie Campbell Bower.<\/p>\n<p>Stranger Thingsin maailmaan palataan <a href=\"https:\/\/muropaketti.com\/elokuvat\/elokuvauutiset\/stranger-things-loppuu-mutta-myos-jatkuu-netflixiin-on-tulossa-ainakin-kaksi-uutta-sarjaa\/\" rel=\"nofollow noopener\" target=\"_blank\">suunnitelluissa spinoffeissa<\/a>. Ensimm\u00e4inen niist\u00e4 on animaatiosarja Stranger Things: Tales from \u201985, joka julkaistaan Netflixiss\u00e4 vuoden 2026 aikana.<\/p>\n","protected":false},"excerpt":{"rendered":"Kuva: \u00a9 2025 Netflix, Inc. Stranger Things -sarjan kaikki viisi kautta ovat nyt katsottavissa. Stranger Things -sarjan viimeinen&hellip;\n","protected":false},"author":2,"featured_media":110818,"comment_status":"","ping_status":"","sticky":false,"template":"","format":"standard","meta":{"footnotes":""},"categories":[130],"tags":[137,33,31,30,217,3162,1369,13249,32,109],"class_list":{"0":"post-130516","1":"post","2":"type-post","3":"status-publish","4":"format-standard","5":"has-post-thumbnail","7":"category-viihde","8":"tag-entertainment","9":"tag-fi","10":"tag-finland","11":"tag-finnish","12":"tag-netflix","13":"tag-netflix-sarjat","14":"tag-sarjat","15":"tag-stranger-things","16":"tag-suomi","17":"tag-viihde"},"share_on_mastodon":{"url":"https:\/\/pubeurope.com\/@fi\/115818674404366517","error":""},"_links":{"self":[{"href":"https:\/\/www.europesays.com\/fi\/wp-json\/wp\/v2\/posts\/130516","targetHints":{"allow":["GET"]}}],"collection":[{"href":"https:\/\/www.europesays.com\/fi\/wp-json\/wp\/v2\/posts"}],"about":[{"href":"https:\/\/www.europesays.com\/fi\/wp-json\/wp\/v2\/types\/post"}],"author":[{"embeddable":true,"href":"https:\/\/www.europesays.com\/fi\/wp-json\/wp\/v2\/users\/2"}],"replies":[{"embeddable":true,"href":"https:\/\/www.europesays.com\/fi\/wp-json\/wp\/v2\/comments?post=130516"}],"version-history":[{"count":0,"href":"https:\/\/www.europesays.com\/fi\/wp-json\/wp\/v2\/posts\/130516\/revisions"}],"wp:featuredmedia":[{"embeddable":true,"href":"https:\/\/www.europesays.com\/fi\/wp-json\/wp\/v2\/media\/110818"}],"wp:attachment":[{"href":"https:\/\/www.europesays.com\/fi\/wp-json\/wp\/v2\/media?parent=130516"}],"wp:term":[{"taxonomy":"category","embeddable":true,"href":"https:\/\/www.europesays.com\/fi\/wp-json\/wp\/v2\/categories?post=130516"},{"taxonomy":"post_tag","embeddable":true,"href":"https:\/\/www.europesays.com\/fi\/wp-json\/wp\/v2\/tags?post=130516"}],"curies":[{"name":"wp","href":"https:\/\/api.w.org\/{rel}","templated":true}]}}