{"id":130517,"date":"2026-01-01T07:33:10","date_gmt":"2026-01-01T07:33:10","guid":{"rendered":"https:\/\/www.europesays.com\/fi\/130517\/"},"modified":"2026-01-01T07:33:10","modified_gmt":"2026-01-01T07:33:10","slug":"valkeakoski-2026-uusia-tyopaikkoja-ja-suurinvestointi","status":"publish","type":"post","link":"https:\/\/www.europesays.com\/fi\/130517\/","title":{"rendered":"Valkeakoski 2026: Uusia ty\u00f6paikkoja ja suurinvestointi"},"content":{"rendered":"<p>Tervasaaren paperitehtaanjohtaja Tomi Hyt\u00f6nen ja VaBe oy:n toimitusjohtaja Markus Lehtinen kertovat tulevan vuoden n\u00e4kymist\u00e4.<\/p>\n<p class=\"article-body mb-nof-24 px-nof-16\">Vuoden 2026 alettua on aika katsoa tulevaan. Valkeakosken Sanomat kysyi kahdelta valkeakoskelaiselta yritykselt\u00e4, mink\u00e4laisia n\u00e4kymi\u00e4 uusi vuosi tuo tullessaan.<\/p>\n<p>Lis\u00e4\u00e4 ty\u00f6paikkoja<\/p>\n<p class=\"article-body mb-nof-24 px-nof-16\">Valkeakoskelaisen betonielementtej\u00e4 valmistavan VaBe oy:n toimitusjohtaja<a class=\"font-bold underline-offset-[0.12em] [text-decoration:var(--person-link-text-decoration)] ![text-decoration-color:var(--person-link-text-decoration-color)]\" href=\"https:\/\/www.valkeakoskensanomat.fi\/haku\/?query=%20Markus%20Lehtinen\" rel=\"nofollow noopener\" target=\"_blank\"> Markus Lehtinen<\/a> suhtautuu tulevaan vuoteen positiivisesti.<\/p>\n","protected":false},"excerpt":{"rendered":"Tervasaaren paperitehtaanjohtaja Tomi Hyt\u00f6nen ja VaBe oy:n toimitusjohtaja Markus Lehtinen kertovat tulevan vuoden n\u00e4kymist\u00e4. Vuoden 2026 alettua on&hellip;\n","protected":false},"author":2,"featured_media":130518,"comment_status":"","ping_status":"","sticky":false,"template":"","format":"standard","meta":{"footnotes":""},"categories":[76],"tags":[79,77,33,31,30,32,78,3856],"class_list":{"0":"post-130517","1":"post","2":"type-post","3":"status-publish","4":"format-standard","5":"has-post-thumbnail","7":"category-talous","8":"tag-business","9":"tag-economy","10":"tag-fi","11":"tag-finland","12":"tag-finnish","13":"tag-suomi","14":"tag-talous","15":"tag-valkeakosken-sanomat"},"share_on_mastodon":{"url":"https:\/\/pubeurope.com\/@fi\/115818686579616568","error":""},"_links":{"self":[{"href":"https:\/\/www.europesays.com\/fi\/wp-json\/wp\/v2\/posts\/130517","targetHints":{"allow":["GET"]}}],"collection":[{"href":"https:\/\/www.europesays.com\/fi\/wp-json\/wp\/v2\/posts"}],"about":[{"href":"https:\/\/www.europesays.com\/fi\/wp-json\/wp\/v2\/types\/post"}],"author":[{"embeddable":true,"href":"https:\/\/www.europesays.com\/fi\/wp-json\/wp\/v2\/users\/2"}],"replies":[{"embeddable":true,"href":"https:\/\/www.europesays.com\/fi\/wp-json\/wp\/v2\/comments?post=130517"}],"version-history":[{"count":0,"href":"https:\/\/www.europesays.com\/fi\/wp-json\/wp\/v2\/posts\/130517\/revisions"}],"wp:featuredmedia":[{"embeddable":true,"href":"https:\/\/www.europesays.com\/fi\/wp-json\/wp\/v2\/media\/130518"}],"wp:attachment":[{"href":"https:\/\/www.europesays.com\/fi\/wp-json\/wp\/v2\/media?parent=130517"}],"wp:term":[{"taxonomy":"category","embeddable":true,"href":"https:\/\/www.europesays.com\/fi\/wp-json\/wp\/v2\/categories?post=130517"},{"taxonomy":"post_tag","embeddable":true,"href":"https:\/\/www.europesays.com\/fi\/wp-json\/wp\/v2\/tags?post=130517"}],"curies":[{"name":"wp","href":"https:\/\/api.w.org\/{rel}","templated":true}]}}